{"id":1275,"date":"2005-02-23T11:32:59","date_gmt":"2005-02-23T09:32:59","guid":{"rendered":"https:\/\/www.fullo.net\/blog\/index.php\/archives\/2005\/02\/23\/maledetta-neve\/"},"modified":"2005-02-23T11:32:59","modified_gmt":"2005-02-23T09:32:59","slug":"maledetta-neve","status":"publish","type":"post","link":"https:\/\/www.fullo.net\/blog\/2005\/02\/23\/maledetta-neve\/","title":{"rendered":"maledetta neve!"},"content":{"rendered":"<p><a href=\"http:\/\/www.flickr.com\/photos\/fullo\/5287101\/\" title=\"Photo Sharing\"><img data-recalc-dims=\"1\" loading=\"lazy\" decoding=\"async\" src=\"https:\/\/i0.wp.com\/photos5.flickr.com\/5287101_a2caeb1a39.jpg?resize=320%2C240\" width=\"320\" height=\"240\" alt=\"Foto_022305_001\" border=\"0\" \/><\/a><\/p>\n<p>ed io come torno a casa?! voglio lavorare ai caraibiiii! :(<\/p>\n<p>caiuz<\/p>\n","protected":false},"excerpt":{"rendered":"<p>ed io come torno a casa?! voglio lavorare ai caraibiiii! :( caiuz<\/p>\n","protected":false},"author":1,"featured_media":0,"comment_status":"open","ping_status":"open","sticky":false,"template":"","format":"standard","meta":{"jetpack_post_was_ever_published":false,"_jetpack_newsletter_access":"","_jetpack_dont_email_post_to_subs":false,"_jetpack_newsletter_tier_id":0,"_jetpack_memberships_contains_paywalled_content":false,"_jetpack_memberships_contains_paid_content":false,"footnotes":"","jetpack_publicize_message":"","jetpack_publicize_feature_enabled":true,"jetpack_social_post_already_shared":false,"jetpack_social_options":{"image_generator_settings":{"template":"highway","default_image_id":0,"font":"","enabled":false},"version":2}},"categories":[4],"tags":[],"class_list":["post-1275","post","type-post","status-publish","format-standard","hentry","category-pensieri"],"yoast_head":"<!-- This site is optimized with the Yoast SEO plugin v27.4 - https:\/\/yoast.com\/product\/yoast-seo-wordpress\/ -->\n<title>maledetta neve! - Fullo<\/title>\n<meta name=\"robots\" content=\"index, follow, max-snippet:-1, max-image-preview:large, max-video-preview:-1\" \/>\n<link rel=\"canonical\" href=\"https:\/\/www.fullo.net\/blog\/2005\/02\/23\/maledetta-neve\/\" \/>\n<meta property=\"og:locale\" content=\"en_US\" \/>\n<meta property=\"og:type\" content=\"article\" \/>\n<meta property=\"og:title\" content=\"maledetta neve! - Fullo\" \/>\n<meta property=\"og:description\" content=\"ed io come torno a casa?! voglio lavorare ai caraibiiii! :( caiuz\" \/>\n<meta property=\"og:url\" content=\"https:\/\/www.fullo.net\/blog\/2005\/02\/23\/maledetta-neve\/\" \/>\n<meta property=\"og:site_name\" content=\"Fullo\" \/>\n<meta property=\"article:published_time\" content=\"2005-02-23T09:32:59+00:00\" \/>\n<meta property=\"og:image\" content=\"http:\/\/photos5.flickr.com\/5287101_a2caeb1a39.jpg\" \/>\n<meta name=\"author\" content=\"Francesco Fullone\" \/>\n<meta name=\"twitter:card\" content=\"summary_large_image\" \/>\n<meta name=\"twitter:creator\" content=\"@fullo\" \/>\n<meta name=\"twitter:site\" content=\"@fullo\" \/>\n<meta name=\"twitter:label1\" content=\"Written by\" \/>\n\t<meta name=\"twitter:data1\" content=\"Francesco Fullone\" \/>\n<script type=\"application\/ld+json\" class=\"yoast-schema-graph\">{\"@context\":\"https:\\\/\\\/schema.org\",\"@graph\":[{\"@type\":\"Article\",\"@id\":\"https:\\\/\\\/www.fullo.net\\\/blog\\\/2005\\\/02\\\/23\\\/maledetta-neve\\\/#article\",\"isPartOf\":{\"@id\":\"https:\\\/\\\/www.fullo.net\\\/blog\\\/2005\\\/02\\\/23\\\/maledetta-neve\\\/\"},\"author\":{\"name\":\"Francesco Fullone\",\"@id\":\"https:\\\/\\\/www.fullo.net\\\/blog\\\/#\\\/schema\\\/person\\\/24e91bc6caea6c411a8668df5639428c\"},\"headline\":\"maledetta neve!\",\"datePublished\":\"2005-02-23T09:32:59+00:00\",\"mainEntityOfPage\":{\"@id\":\"https:\\\/\\\/www.fullo.net\\\/blog\\\/2005\\\/02\\\/23\\\/maledetta-neve\\\/\"},\"wordCount\":13,\"commentCount\":0,\"publisher\":{\"@id\":\"https:\\\/\\\/www.fullo.net\\\/blog\\\/#\\\/schema\\\/person\\\/24e91bc6caea6c411a8668df5639428c\"},\"image\":{\"@id\":\"https:\\\/\\\/www.fullo.net\\\/blog\\\/2005\\\/02\\\/23\\\/maledetta-neve\\\/#primaryimage\"},\"thumbnailUrl\":\"http:\\\/\\\/photos5.flickr.com\\\/5287101_a2caeb1a39.jpg\",\"articleSection\":[\"pensieri\"],\"inLanguage\":\"en-US\",\"potentialAction\":[{\"@type\":\"CommentAction\",\"name\":\"Comment\",\"target\":[\"https:\\\/\\\/www.fullo.net\\\/blog\\\/2005\\\/02\\\/23\\\/maledetta-neve\\\/#respond\"]}]},{\"@type\":\"WebPage\",\"@id\":\"https:\\\/\\\/www.fullo.net\\\/blog\\\/2005\\\/02\\\/23\\\/maledetta-neve\\\/\",\"url\":\"https:\\\/\\\/www.fullo.net\\\/blog\\\/2005\\\/02\\\/23\\\/maledetta-neve\\\/\",\"name\":\"maledetta neve! - Fullo\",\"isPartOf\":{\"@id\":\"https:\\\/\\\/www.fullo.net\\\/blog\\\/#website\"},\"primaryImageOfPage\":{\"@id\":\"https:\\\/\\\/www.fullo.net\\\/blog\\\/2005\\\/02\\\/23\\\/maledetta-neve\\\/#primaryimage\"},\"image\":{\"@id\":\"https:\\\/\\\/www.fullo.net\\\/blog\\\/2005\\\/02\\\/23\\\/maledetta-neve\\\/#primaryimage\"},\"thumbnailUrl\":\"http:\\\/\\\/photos5.flickr.com\\\/5287101_a2caeb1a39.jpg\",\"datePublished\":\"2005-02-23T09:32:59+00:00\",\"breadcrumb\":{\"@id\":\"https:\\\/\\\/www.fullo.net\\\/blog\\\/2005\\\/02\\\/23\\\/maledetta-neve\\\/#breadcrumb\"},\"inLanguage\":\"en-US\",\"potentialAction\":[{\"@type\":\"ReadAction\",\"target\":[\"https:\\\/\\\/www.fullo.net\\\/blog\\\/2005\\\/02\\\/23\\\/maledetta-neve\\\/\"]}]},{\"@type\":\"ImageObject\",\"inLanguage\":\"en-US\",\"@id\":\"https:\\\/\\\/www.fullo.net\\\/blog\\\/2005\\\/02\\\/23\\\/maledetta-neve\\\/#primaryimage\",\"url\":\"http:\\\/\\\/photos5.flickr.com\\\/5287101_a2caeb1a39.jpg\",\"contentUrl\":\"http:\\\/\\\/photos5.flickr.com\\\/5287101_a2caeb1a39.jpg\"},{\"@type\":\"BreadcrumbList\",\"@id\":\"https:\\\/\\\/www.fullo.net\\\/blog\\\/2005\\\/02\\\/23\\\/maledetta-neve\\\/#breadcrumb\",\"itemListElement\":[{\"@type\":\"ListItem\",\"position\":1,\"name\":\"Home\",\"item\":\"https:\\\/\\\/www.fullo.net\\\/blog\\\/\"},{\"@type\":\"ListItem\",\"position\":2,\"name\":\"maledetta neve!\"}]},{\"@type\":\"WebSite\",\"@id\":\"https:\\\/\\\/www.fullo.net\\\/blog\\\/#website\",\"url\":\"https:\\\/\\\/www.fullo.net\\\/blog\\\/\",\"name\":\"Fullo\",\"description\":\"nulla e&#039; impossibile per chi non lo deve fare!\",\"publisher\":{\"@id\":\"https:\\\/\\\/www.fullo.net\\\/blog\\\/#\\\/schema\\\/person\\\/24e91bc6caea6c411a8668df5639428c\"},\"potentialAction\":[{\"@type\":\"SearchAction\",\"target\":{\"@type\":\"EntryPoint\",\"urlTemplate\":\"https:\\\/\\\/www.fullo.net\\\/blog\\\/?s={search_term_string}\"},\"query-input\":{\"@type\":\"PropertyValueSpecification\",\"valueRequired\":true,\"valueName\":\"search_term_string\"}}],\"inLanguage\":\"en-US\"},{\"@type\":[\"Person\",\"Organization\"],\"@id\":\"https:\\\/\\\/www.fullo.net\\\/blog\\\/#\\\/schema\\\/person\\\/24e91bc6caea6c411a8668df5639428c\",\"name\":\"Francesco Fullone\",\"image\":{\"@type\":\"ImageObject\",\"inLanguage\":\"en-US\",\"@id\":\"https:\\\/\\\/i0.wp.com\\\/www.fullo.net\\\/blog\\\/wp-content\\\/uploads\\\/2024\\\/10\\\/hawiaina-gold-circled-white.png?fit=622%2C622&ssl=1\",\"url\":\"https:\\\/\\\/i0.wp.com\\\/www.fullo.net\\\/blog\\\/wp-content\\\/uploads\\\/2024\\\/10\\\/hawiaina-gold-circled-white.png?fit=622%2C622&ssl=1\",\"contentUrl\":\"https:\\\/\\\/i0.wp.com\\\/www.fullo.net\\\/blog\\\/wp-content\\\/uploads\\\/2024\\\/10\\\/hawiaina-gold-circled-white.png?fit=622%2C622&ssl=1\",\"width\":622,\"height\":622,\"caption\":\"Francesco Fullone\"},\"logo\":{\"@id\":\"https:\\\/\\\/i0.wp.com\\\/www.fullo.net\\\/blog\\\/wp-content\\\/uploads\\\/2024\\\/10\\\/hawiaina-gold-circled-white.png?fit=622%2C622&ssl=1\"},\"sameAs\":[\"http:\\\/\\\/www.fullo.net\",\"https:\\\/\\\/www.linkedin.com\\\/in\\\/fullo\",\"https:\\\/\\\/x.com\\\/fullo\"],\"url\":\"https:\\\/\\\/www.fullo.net\\\/blog\\\/author\\\/fullo\\\/\"}]}<\/script>\n<!-- \/ Yoast SEO plugin. -->","yoast_head_json":{"title":"maledetta neve! - Fullo","robots":{"index":"index","follow":"follow","max-snippet":"max-snippet:-1","max-image-preview":"max-image-preview:large","max-video-preview":"max-video-preview:-1"},"canonical":"https:\/\/www.fullo.net\/blog\/2005\/02\/23\/maledetta-neve\/","og_locale":"en_US","og_type":"article","og_title":"maledetta neve! - Fullo","og_description":"ed io come torno a casa?! voglio lavorare ai caraibiiii! :( caiuz","og_url":"https:\/\/www.fullo.net\/blog\/2005\/02\/23\/maledetta-neve\/","og_site_name":"Fullo","article_published_time":"2005-02-23T09:32:59+00:00","og_image":[{"url":"http:\/\/photos5.flickr.com\/5287101_a2caeb1a39.jpg","type":"","width":"","height":""}],"author":"Francesco Fullone","twitter_card":"summary_large_image","twitter_creator":"@fullo","twitter_site":"@fullo","twitter_misc":{"Written by":"Francesco Fullone"},"schema":{"@context":"https:\/\/schema.org","@graph":[{"@type":"Article","@id":"https:\/\/www.fullo.net\/blog\/2005\/02\/23\/maledetta-neve\/#article","isPartOf":{"@id":"https:\/\/www.fullo.net\/blog\/2005\/02\/23\/maledetta-neve\/"},"author":{"name":"Francesco Fullone","@id":"https:\/\/www.fullo.net\/blog\/#\/schema\/person\/24e91bc6caea6c411a8668df5639428c"},"headline":"maledetta neve!","datePublished":"2005-02-23T09:32:59+00:00","mainEntityOfPage":{"@id":"https:\/\/www.fullo.net\/blog\/2005\/02\/23\/maledetta-neve\/"},"wordCount":13,"commentCount":0,"publisher":{"@id":"https:\/\/www.fullo.net\/blog\/#\/schema\/person\/24e91bc6caea6c411a8668df5639428c"},"image":{"@id":"https:\/\/www.fullo.net\/blog\/2005\/02\/23\/maledetta-neve\/#primaryimage"},"thumbnailUrl":"http:\/\/photos5.flickr.com\/5287101_a2caeb1a39.jpg","articleSection":["pensieri"],"inLanguage":"en-US","potentialAction":[{"@type":"CommentAction","name":"Comment","target":["https:\/\/www.fullo.net\/blog\/2005\/02\/23\/maledetta-neve\/#respond"]}]},{"@type":"WebPage","@id":"https:\/\/www.fullo.net\/blog\/2005\/02\/23\/maledetta-neve\/","url":"https:\/\/www.fullo.net\/blog\/2005\/02\/23\/maledetta-neve\/","name":"maledetta neve! - Fullo","isPartOf":{"@id":"https:\/\/www.fullo.net\/blog\/#website"},"primaryImageOfPage":{"@id":"https:\/\/www.fullo.net\/blog\/2005\/02\/23\/maledetta-neve\/#primaryimage"},"image":{"@id":"https:\/\/www.fullo.net\/blog\/2005\/02\/23\/maledetta-neve\/#primaryimage"},"thumbnailUrl":"http:\/\/photos5.flickr.com\/5287101_a2caeb1a39.jpg","datePublished":"2005-02-23T09:32:59+00:00","breadcrumb":{"@id":"https:\/\/www.fullo.net\/blog\/2005\/02\/23\/maledetta-neve\/#breadcrumb"},"inLanguage":"en-US","potentialAction":[{"@type":"ReadAction","target":["https:\/\/www.fullo.net\/blog\/2005\/02\/23\/maledetta-neve\/"]}]},{"@type":"ImageObject","inLanguage":"en-US","@id":"https:\/\/www.fullo.net\/blog\/2005\/02\/23\/maledetta-neve\/#primaryimage","url":"http:\/\/photos5.flickr.com\/5287101_a2caeb1a39.jpg","contentUrl":"http:\/\/photos5.flickr.com\/5287101_a2caeb1a39.jpg"},{"@type":"BreadcrumbList","@id":"https:\/\/www.fullo.net\/blog\/2005\/02\/23\/maledetta-neve\/#breadcrumb","itemListElement":[{"@type":"ListItem","position":1,"name":"Home","item":"https:\/\/www.fullo.net\/blog\/"},{"@type":"ListItem","position":2,"name":"maledetta neve!"}]},{"@type":"WebSite","@id":"https:\/\/www.fullo.net\/blog\/#website","url":"https:\/\/www.fullo.net\/blog\/","name":"Fullo","description":"nulla e&#039; impossibile per chi non lo deve fare!","publisher":{"@id":"https:\/\/www.fullo.net\/blog\/#\/schema\/person\/24e91bc6caea6c411a8668df5639428c"},"potentialAction":[{"@type":"SearchAction","target":{"@type":"EntryPoint","urlTemplate":"https:\/\/www.fullo.net\/blog\/?s={search_term_string}"},"query-input":{"@type":"PropertyValueSpecification","valueRequired":true,"valueName":"search_term_string"}}],"inLanguage":"en-US"},{"@type":["Person","Organization"],"@id":"https:\/\/www.fullo.net\/blog\/#\/schema\/person\/24e91bc6caea6c411a8668df5639428c","name":"Francesco Fullone","image":{"@type":"ImageObject","inLanguage":"en-US","@id":"https:\/\/i0.wp.com\/www.fullo.net\/blog\/wp-content\/uploads\/2024\/10\/hawiaina-gold-circled-white.png?fit=622%2C622&ssl=1","url":"https:\/\/i0.wp.com\/www.fullo.net\/blog\/wp-content\/uploads\/2024\/10\/hawiaina-gold-circled-white.png?fit=622%2C622&ssl=1","contentUrl":"https:\/\/i0.wp.com\/www.fullo.net\/blog\/wp-content\/uploads\/2024\/10\/hawiaina-gold-circled-white.png?fit=622%2C622&ssl=1","width":622,"height":622,"caption":"Francesco Fullone"},"logo":{"@id":"https:\/\/i0.wp.com\/www.fullo.net\/blog\/wp-content\/uploads\/2024\/10\/hawiaina-gold-circled-white.png?fit=622%2C622&ssl=1"},"sameAs":["http:\/\/www.fullo.net","https:\/\/www.linkedin.com\/in\/fullo","https:\/\/x.com\/fullo"],"url":"https:\/\/www.fullo.net\/blog\/author\/fullo\/"}]}},"jetpack_publicize_connections":[],"jetpack_featured_media_url":"","jetpack_sharing_enabled":true,"jetpack_shortlink":"https:\/\/wp.me\/p3OSc1-kz","jetpack_likes_enabled":true,"jetpack-related-posts":[{"id":2334,"url":"https:\/\/www.fullo.net\/blog\/2007\/09\/18\/voglio-un-nabaztag\/","url_meta":{"origin":1275,"position":0},"title":"Voglio un Nabaztag","author":"Francesco Fullone","date":"18\/09\/2007","format":false,"excerpt":"Voglio un Nabaztag! Lo voglio perch\u00e9 \u00e8 wifi, e di reti a casa ne ho un bel po'! Lo voglio perch\u00e8 \u00e8 social ed usa twitter, ed anche io... molto... Lo voglio perch\u00e8 suona e condivide musica Lo voglio perch\u00e8 si possono modificare le orecchie, e quelle curacao mi piacciono\u2026","rel":"","context":"In &quot;pensieri&quot;","block_context":{"text":"pensieri","link":"https:\/\/www.fullo.net\/blog\/category\/pensieri\/"},"img":{"alt_text":"","src":"","width":0,"height":0},"classes":[]},{"id":686,"url":"https:\/\/www.fullo.net\/blog\/2004\/01\/25\/nevica\/","url_meta":{"origin":1275,"position":1},"title":"nevica&#8230;","author":"Francesco Fullone","date":"25\/01\/2004","format":false,"excerpt":"ED IO ODIO LA NEVE! ciauz","rel":"","context":"In &quot;pensieri&quot;","block_context":{"text":"pensieri","link":"https:\/\/www.fullo.net\/blog\/category\/pensieri\/"},"img":{"alt_text":"","src":"","width":0,"height":0},"classes":[]},{"id":1655,"url":"https:\/\/www.fullo.net\/blog\/2005\/09\/19\/tempo-infame\/","url_meta":{"origin":1275,"position":2},"title":"Tempo infame&#8230;","author":"Francesco Fullone","date":"19\/09\/2005","format":false,"excerpt":"Maledetta pioggia.. la prima domenica libera da ferragosto passata in casa sotto il diluvio universale! Io ci ho da rilassarmi!!! Arghhhh! ciuaz","rel":"","context":"In &quot;pensieri&quot;","block_context":{"text":"pensieri","link":"https:\/\/www.fullo.net\/blog\/category\/pensieri\/"},"img":{"alt_text":"","src":"","width":0,"height":0},"classes":[]},{"id":759,"url":"https:\/\/www.fullo.net\/blog\/2004\/03\/21\/si-torna-a-casa\/","url_meta":{"origin":1275,"position":3},"title":"si torna a casa&#8230;","author":"Francesco Fullone","date":"21\/03\/2004","format":false,"excerpt":"\u00e8 finita l'avventura africana, ed oggi pomeriggio torner\u00f2 a casa... un p\u00f2 mi dispiace, mi sono divertito molto in questi giorni, nonostante le ore di insegnamento ed inoltre mi sarebbe piaciuto stare qui un'altra settimana magari dedicandola a viaggiare nell'interno per vedere la flora e fauna locale. chiss\u00e0 se torner\u00f2\u2026","rel":"","context":"In &quot;pensieri&quot;","block_context":{"text":"pensieri","link":"https:\/\/www.fullo.net\/blog\/category\/pensieri\/"},"img":{"alt_text":"","src":"","width":0,"height":0},"classes":[]},{"id":756,"url":"https:\/\/www.fullo.net\/blog\/2004\/03\/18\/gtf-great-teacher-fullo\/","url_meta":{"origin":1275,"position":4},"title":"GTF! great teacher fullo!","author":"Francesco Fullone","date":"18\/03\/2004","format":false,"excerpt":"Continuano le lezioni a ritmo frenetico, gli studenti sono stupendi! altro che quelli che mi rifilano in italia! Stanno attenti, mi correggono se dico castronerie e non cascano nelle domande a tracobetto! Unico difetto \u00e8 che devo spiegare tutto in inglese.. e spesso \u00e8 difficile farsi capire (soprattutto per via\u2026","rel":"","context":"In &quot;pensieri&quot;","block_context":{"text":"pensieri","link":"https:\/\/www.fullo.net\/blog\/category\/pensieri\/"},"img":{"alt_text":"","src":"","width":0,"height":0},"classes":[]},{"id":1883,"url":"https:\/\/www.fullo.net\/blog\/2006\/02\/20\/bookmarks\/","url_meta":{"origin":1275,"position":5},"title":"Bookmarks","author":"Francesco Fullone","date":"20\/02\/2006","format":false,"excerpt":"Normalmente la mia giornata sul web ha un susseguirsi abbastanza costante. Accendo il pc nell'ufficio in cui mi trovo (che tanto quello a casa \u00e8 sempre acceso), scarico la posta, controllo gli impegni giornalieri, faccio partire i vari instant messenger, e... oh-oh!:\"(storico suono di icq)\":\"\" K: ciao Man, non \u00e8\u2026","rel":"","context":"In &quot;pensieri&quot;","block_context":{"text":"pensieri","link":"https:\/\/www.fullo.net\/blog\/category\/pensieri\/"},"img":{"alt_text":"","src":"","width":0,"height":0},"classes":[]}],"_links":{"self":[{"href":"https:\/\/www.fullo.net\/blog\/wp-json\/wp\/v2\/posts\/1275","targetHints":{"allow":["GET"]}}],"collection":[{"href":"https:\/\/www.fullo.net\/blog\/wp-json\/wp\/v2\/posts"}],"about":[{"href":"https:\/\/www.fullo.net\/blog\/wp-json\/wp\/v2\/types\/post"}],"author":[{"embeddable":true,"href":"https:\/\/www.fullo.net\/blog\/wp-json\/wp\/v2\/users\/1"}],"replies":[{"embeddable":true,"href":"https:\/\/www.fullo.net\/blog\/wp-json\/wp\/v2\/comments?post=1275"}],"version-history":[{"count":0,"href":"https:\/\/www.fullo.net\/blog\/wp-json\/wp\/v2\/posts\/1275\/revisions"}],"wp:attachment":[{"href":"https:\/\/www.fullo.net\/blog\/wp-json\/wp\/v2\/media?parent=1275"}],"wp:term":[{"taxonomy":"category","embeddable":true,"href":"https:\/\/www.fullo.net\/blog\/wp-json\/wp\/v2\/categories?post=1275"},{"taxonomy":"post_tag","embeddable":true,"href":"https:\/\/www.fullo.net\/blog\/wp-json\/wp\/v2\/tags?post=1275"}],"curies":[{"name":"wp","href":"https:\/\/api.w.org\/{rel}","templated":true}]}}