{"id":1370,"date":"2005-05-02T16:25:13","date_gmt":"2005-05-02T14:25:13","guid":{"rendered":"https:\/\/www.fullo.net\/blog\/index.php\/archives\/2005\/05\/02\/referendum-12-13-giugno\/"},"modified":"2005-05-02T16:25:13","modified_gmt":"2005-05-02T14:25:13","slug":"referendum-12-13-giugno","status":"publish","type":"post","link":"https:\/\/www.fullo.net\/blog\/2005\/05\/02\/referendum-12-13-giugno\/","title":{"rendered":"referendum 12-13 giugno"},"content":{"rendered":"<p><a href=\"http:\/\/www.lucacoscioni.it\/referendum_fecondazione_assistita?q=node\/2029\"><img data-recalc-dims=\"1\" decoding=\"async\" src=\"https:\/\/i0.wp.com\/www.lucacoscioni.it\/images\/4acdbbe5c2fea8b993fbf01f5503b4f9-2652.jpg?w=580\" alt=\"io voto si\" border=\"0\" \/><\/a><\/p>\n","protected":false},"excerpt":{"rendered":"","protected":false},"author":1,"featured_media":0,"comment_status":"open","ping_status":"open","sticky":false,"template":"","format":"standard","meta":{"jetpack_post_was_ever_published":false,"_jetpack_newsletter_access":"","_jetpack_dont_email_post_to_subs":false,"_jetpack_newsletter_tier_id":0,"_jetpack_memberships_contains_paywalled_content":false,"_jetpack_memberships_contains_paid_content":false,"footnotes":"","jetpack_publicize_message":"","jetpack_publicize_feature_enabled":true,"jetpack_social_post_already_shared":false,"jetpack_social_options":{"image_generator_settings":{"template":"highway","default_image_id":0,"font":"","enabled":false},"version":2}},"categories":[1],"tags":[],"class_list":["post-1370","post","type-post","status-publish","format-standard","hentry","category-di-tutto-un-po"],"yoast_head":"<!-- This site is optimized with the Yoast SEO plugin v27.4 - https:\/\/yoast.com\/product\/yoast-seo-wordpress\/ -->\n<title>referendum 12-13 giugno - Fullo<\/title>\n<meta name=\"robots\" content=\"index, follow, max-snippet:-1, max-image-preview:large, max-video-preview:-1\" \/>\n<link rel=\"canonical\" href=\"https:\/\/www.fullo.net\/blog\/2005\/05\/02\/referendum-12-13-giugno\/\" \/>\n<meta property=\"og:locale\" content=\"en_US\" \/>\n<meta property=\"og:type\" content=\"article\" \/>\n<meta property=\"og:title\" content=\"referendum 12-13 giugno - Fullo\" \/>\n<meta property=\"og:url\" content=\"https:\/\/www.fullo.net\/blog\/2005\/05\/02\/referendum-12-13-giugno\/\" \/>\n<meta property=\"og:site_name\" content=\"Fullo\" \/>\n<meta property=\"article:published_time\" content=\"2005-05-02T14:25:13+00:00\" \/>\n<meta property=\"og:image\" content=\"http:\/\/www.lucacoscioni.it\/images\/4acdbbe5c2fea8b993fbf01f5503b4f9-2652.jpg\" \/>\n<meta name=\"author\" content=\"Francesco Fullone\" \/>\n<meta name=\"twitter:card\" content=\"summary_large_image\" \/>\n<meta name=\"twitter:creator\" content=\"@fullo\" \/>\n<meta name=\"twitter:site\" content=\"@fullo\" \/>\n<meta name=\"twitter:label1\" content=\"Written by\" \/>\n\t<meta name=\"twitter:data1\" content=\"Francesco Fullone\" \/>\n<script type=\"application\/ld+json\" class=\"yoast-schema-graph\">{\"@context\":\"https:\\\/\\\/schema.org\",\"@graph\":[{\"@type\":\"Article\",\"@id\":\"https:\\\/\\\/www.fullo.net\\\/blog\\\/2005\\\/05\\\/02\\\/referendum-12-13-giugno\\\/#article\",\"isPartOf\":{\"@id\":\"https:\\\/\\\/www.fullo.net\\\/blog\\\/2005\\\/05\\\/02\\\/referendum-12-13-giugno\\\/\"},\"author\":{\"name\":\"Francesco Fullone\",\"@id\":\"https:\\\/\\\/www.fullo.net\\\/blog\\\/#\\\/schema\\\/person\\\/24e91bc6caea6c411a8668df5639428c\"},\"headline\":\"referendum 12-13 giugno\",\"datePublished\":\"2005-05-02T14:25:13+00:00\",\"mainEntityOfPage\":{\"@id\":\"https:\\\/\\\/www.fullo.net\\\/blog\\\/2005\\\/05\\\/02\\\/referendum-12-13-giugno\\\/\"},\"wordCount\":3,\"commentCount\":0,\"publisher\":{\"@id\":\"https:\\\/\\\/www.fullo.net\\\/blog\\\/#\\\/schema\\\/person\\\/24e91bc6caea6c411a8668df5639428c\"},\"image\":{\"@id\":\"https:\\\/\\\/www.fullo.net\\\/blog\\\/2005\\\/05\\\/02\\\/referendum-12-13-giugno\\\/#primaryimage\"},\"thumbnailUrl\":\"http:\\\/\\\/www.lucacoscioni.it\\\/images\\\/4acdbbe5c2fea8b993fbf01f5503b4f9-2652.jpg\",\"articleSection\":[\"di tutto un po'\"],\"inLanguage\":\"en-US\",\"potentialAction\":[{\"@type\":\"CommentAction\",\"name\":\"Comment\",\"target\":[\"https:\\\/\\\/www.fullo.net\\\/blog\\\/2005\\\/05\\\/02\\\/referendum-12-13-giugno\\\/#respond\"]}]},{\"@type\":\"WebPage\",\"@id\":\"https:\\\/\\\/www.fullo.net\\\/blog\\\/2005\\\/05\\\/02\\\/referendum-12-13-giugno\\\/\",\"url\":\"https:\\\/\\\/www.fullo.net\\\/blog\\\/2005\\\/05\\\/02\\\/referendum-12-13-giugno\\\/\",\"name\":\"referendum 12-13 giugno - Fullo\",\"isPartOf\":{\"@id\":\"https:\\\/\\\/www.fullo.net\\\/blog\\\/#website\"},\"primaryImageOfPage\":{\"@id\":\"https:\\\/\\\/www.fullo.net\\\/blog\\\/2005\\\/05\\\/02\\\/referendum-12-13-giugno\\\/#primaryimage\"},\"image\":{\"@id\":\"https:\\\/\\\/www.fullo.net\\\/blog\\\/2005\\\/05\\\/02\\\/referendum-12-13-giugno\\\/#primaryimage\"},\"thumbnailUrl\":\"http:\\\/\\\/www.lucacoscioni.it\\\/images\\\/4acdbbe5c2fea8b993fbf01f5503b4f9-2652.jpg\",\"datePublished\":\"2005-05-02T14:25:13+00:00\",\"breadcrumb\":{\"@id\":\"https:\\\/\\\/www.fullo.net\\\/blog\\\/2005\\\/05\\\/02\\\/referendum-12-13-giugno\\\/#breadcrumb\"},\"inLanguage\":\"en-US\",\"potentialAction\":[{\"@type\":\"ReadAction\",\"target\":[\"https:\\\/\\\/www.fullo.net\\\/blog\\\/2005\\\/05\\\/02\\\/referendum-12-13-giugno\\\/\"]}]},{\"@type\":\"ImageObject\",\"inLanguage\":\"en-US\",\"@id\":\"https:\\\/\\\/www.fullo.net\\\/blog\\\/2005\\\/05\\\/02\\\/referendum-12-13-giugno\\\/#primaryimage\",\"url\":\"http:\\\/\\\/www.lucacoscioni.it\\\/images\\\/4acdbbe5c2fea8b993fbf01f5503b4f9-2652.jpg\",\"contentUrl\":\"http:\\\/\\\/www.lucacoscioni.it\\\/images\\\/4acdbbe5c2fea8b993fbf01f5503b4f9-2652.jpg\"},{\"@type\":\"BreadcrumbList\",\"@id\":\"https:\\\/\\\/www.fullo.net\\\/blog\\\/2005\\\/05\\\/02\\\/referendum-12-13-giugno\\\/#breadcrumb\",\"itemListElement\":[{\"@type\":\"ListItem\",\"position\":1,\"name\":\"Home\",\"item\":\"https:\\\/\\\/www.fullo.net\\\/blog\\\/\"},{\"@type\":\"ListItem\",\"position\":2,\"name\":\"referendum 12-13 giugno\"}]},{\"@type\":\"WebSite\",\"@id\":\"https:\\\/\\\/www.fullo.net\\\/blog\\\/#website\",\"url\":\"https:\\\/\\\/www.fullo.net\\\/blog\\\/\",\"name\":\"Fullo\",\"description\":\"nulla e&#039; impossibile per chi non lo deve fare!\",\"publisher\":{\"@id\":\"https:\\\/\\\/www.fullo.net\\\/blog\\\/#\\\/schema\\\/person\\\/24e91bc6caea6c411a8668df5639428c\"},\"potentialAction\":[{\"@type\":\"SearchAction\",\"target\":{\"@type\":\"EntryPoint\",\"urlTemplate\":\"https:\\\/\\\/www.fullo.net\\\/blog\\\/?s={search_term_string}\"},\"query-input\":{\"@type\":\"PropertyValueSpecification\",\"valueRequired\":true,\"valueName\":\"search_term_string\"}}],\"inLanguage\":\"en-US\"},{\"@type\":[\"Person\",\"Organization\"],\"@id\":\"https:\\\/\\\/www.fullo.net\\\/blog\\\/#\\\/schema\\\/person\\\/24e91bc6caea6c411a8668df5639428c\",\"name\":\"Francesco Fullone\",\"image\":{\"@type\":\"ImageObject\",\"inLanguage\":\"en-US\",\"@id\":\"https:\\\/\\\/i0.wp.com\\\/www.fullo.net\\\/blog\\\/wp-content\\\/uploads\\\/2024\\\/10\\\/hawiaina-gold-circled-white.png?fit=622%2C622&ssl=1\",\"url\":\"https:\\\/\\\/i0.wp.com\\\/www.fullo.net\\\/blog\\\/wp-content\\\/uploads\\\/2024\\\/10\\\/hawiaina-gold-circled-white.png?fit=622%2C622&ssl=1\",\"contentUrl\":\"https:\\\/\\\/i0.wp.com\\\/www.fullo.net\\\/blog\\\/wp-content\\\/uploads\\\/2024\\\/10\\\/hawiaina-gold-circled-white.png?fit=622%2C622&ssl=1\",\"width\":622,\"height\":622,\"caption\":\"Francesco Fullone\"},\"logo\":{\"@id\":\"https:\\\/\\\/i0.wp.com\\\/www.fullo.net\\\/blog\\\/wp-content\\\/uploads\\\/2024\\\/10\\\/hawiaina-gold-circled-white.png?fit=622%2C622&ssl=1\"},\"sameAs\":[\"http:\\\/\\\/www.fullo.net\",\"https:\\\/\\\/www.linkedin.com\\\/in\\\/fullo\",\"https:\\\/\\\/x.com\\\/fullo\"],\"url\":\"https:\\\/\\\/www.fullo.net\\\/blog\\\/author\\\/fullo\\\/\"}]}<\/script>\n<!-- \/ Yoast SEO plugin. -->","yoast_head_json":{"title":"referendum 12-13 giugno - Fullo","robots":{"index":"index","follow":"follow","max-snippet":"max-snippet:-1","max-image-preview":"max-image-preview:large","max-video-preview":"max-video-preview:-1"},"canonical":"https:\/\/www.fullo.net\/blog\/2005\/05\/02\/referendum-12-13-giugno\/","og_locale":"en_US","og_type":"article","og_title":"referendum 12-13 giugno - Fullo","og_url":"https:\/\/www.fullo.net\/blog\/2005\/05\/02\/referendum-12-13-giugno\/","og_site_name":"Fullo","article_published_time":"2005-05-02T14:25:13+00:00","og_image":[{"url":"http:\/\/www.lucacoscioni.it\/images\/4acdbbe5c2fea8b993fbf01f5503b4f9-2652.jpg","type":"","width":"","height":""}],"author":"Francesco Fullone","twitter_card":"summary_large_image","twitter_creator":"@fullo","twitter_site":"@fullo","twitter_misc":{"Written by":"Francesco Fullone"},"schema":{"@context":"https:\/\/schema.org","@graph":[{"@type":"Article","@id":"https:\/\/www.fullo.net\/blog\/2005\/05\/02\/referendum-12-13-giugno\/#article","isPartOf":{"@id":"https:\/\/www.fullo.net\/blog\/2005\/05\/02\/referendum-12-13-giugno\/"},"author":{"name":"Francesco Fullone","@id":"https:\/\/www.fullo.net\/blog\/#\/schema\/person\/24e91bc6caea6c411a8668df5639428c"},"headline":"referendum 12-13 giugno","datePublished":"2005-05-02T14:25:13+00:00","mainEntityOfPage":{"@id":"https:\/\/www.fullo.net\/blog\/2005\/05\/02\/referendum-12-13-giugno\/"},"wordCount":3,"commentCount":0,"publisher":{"@id":"https:\/\/www.fullo.net\/blog\/#\/schema\/person\/24e91bc6caea6c411a8668df5639428c"},"image":{"@id":"https:\/\/www.fullo.net\/blog\/2005\/05\/02\/referendum-12-13-giugno\/#primaryimage"},"thumbnailUrl":"http:\/\/www.lucacoscioni.it\/images\/4acdbbe5c2fea8b993fbf01f5503b4f9-2652.jpg","articleSection":["di tutto un po'"],"inLanguage":"en-US","potentialAction":[{"@type":"CommentAction","name":"Comment","target":["https:\/\/www.fullo.net\/blog\/2005\/05\/02\/referendum-12-13-giugno\/#respond"]}]},{"@type":"WebPage","@id":"https:\/\/www.fullo.net\/blog\/2005\/05\/02\/referendum-12-13-giugno\/","url":"https:\/\/www.fullo.net\/blog\/2005\/05\/02\/referendum-12-13-giugno\/","name":"referendum 12-13 giugno - Fullo","isPartOf":{"@id":"https:\/\/www.fullo.net\/blog\/#website"},"primaryImageOfPage":{"@id":"https:\/\/www.fullo.net\/blog\/2005\/05\/02\/referendum-12-13-giugno\/#primaryimage"},"image":{"@id":"https:\/\/www.fullo.net\/blog\/2005\/05\/02\/referendum-12-13-giugno\/#primaryimage"},"thumbnailUrl":"http:\/\/www.lucacoscioni.it\/images\/4acdbbe5c2fea8b993fbf01f5503b4f9-2652.jpg","datePublished":"2005-05-02T14:25:13+00:00","breadcrumb":{"@id":"https:\/\/www.fullo.net\/blog\/2005\/05\/02\/referendum-12-13-giugno\/#breadcrumb"},"inLanguage":"en-US","potentialAction":[{"@type":"ReadAction","target":["https:\/\/www.fullo.net\/blog\/2005\/05\/02\/referendum-12-13-giugno\/"]}]},{"@type":"ImageObject","inLanguage":"en-US","@id":"https:\/\/www.fullo.net\/blog\/2005\/05\/02\/referendum-12-13-giugno\/#primaryimage","url":"http:\/\/www.lucacoscioni.it\/images\/4acdbbe5c2fea8b993fbf01f5503b4f9-2652.jpg","contentUrl":"http:\/\/www.lucacoscioni.it\/images\/4acdbbe5c2fea8b993fbf01f5503b4f9-2652.jpg"},{"@type":"BreadcrumbList","@id":"https:\/\/www.fullo.net\/blog\/2005\/05\/02\/referendum-12-13-giugno\/#breadcrumb","itemListElement":[{"@type":"ListItem","position":1,"name":"Home","item":"https:\/\/www.fullo.net\/blog\/"},{"@type":"ListItem","position":2,"name":"referendum 12-13 giugno"}]},{"@type":"WebSite","@id":"https:\/\/www.fullo.net\/blog\/#website","url":"https:\/\/www.fullo.net\/blog\/","name":"Fullo","description":"nulla e&#039; impossibile per chi non lo deve fare!","publisher":{"@id":"https:\/\/www.fullo.net\/blog\/#\/schema\/person\/24e91bc6caea6c411a8668df5639428c"},"potentialAction":[{"@type":"SearchAction","target":{"@type":"EntryPoint","urlTemplate":"https:\/\/www.fullo.net\/blog\/?s={search_term_string}"},"query-input":{"@type":"PropertyValueSpecification","valueRequired":true,"valueName":"search_term_string"}}],"inLanguage":"en-US"},{"@type":["Person","Organization"],"@id":"https:\/\/www.fullo.net\/blog\/#\/schema\/person\/24e91bc6caea6c411a8668df5639428c","name":"Francesco Fullone","image":{"@type":"ImageObject","inLanguage":"en-US","@id":"https:\/\/i0.wp.com\/www.fullo.net\/blog\/wp-content\/uploads\/2024\/10\/hawiaina-gold-circled-white.png?fit=622%2C622&ssl=1","url":"https:\/\/i0.wp.com\/www.fullo.net\/blog\/wp-content\/uploads\/2024\/10\/hawiaina-gold-circled-white.png?fit=622%2C622&ssl=1","contentUrl":"https:\/\/i0.wp.com\/www.fullo.net\/blog\/wp-content\/uploads\/2024\/10\/hawiaina-gold-circled-white.png?fit=622%2C622&ssl=1","width":622,"height":622,"caption":"Francesco Fullone"},"logo":{"@id":"https:\/\/i0.wp.com\/www.fullo.net\/blog\/wp-content\/uploads\/2024\/10\/hawiaina-gold-circled-white.png?fit=622%2C622&ssl=1"},"sameAs":["http:\/\/www.fullo.net","https:\/\/www.linkedin.com\/in\/fullo","https:\/\/x.com\/fullo"],"url":"https:\/\/www.fullo.net\/blog\/author\/fullo\/"}]}},"jetpack_publicize_connections":[],"jetpack_featured_media_url":"","jetpack_sharing_enabled":true,"jetpack_shortlink":"https:\/\/wp.me\/p3OSc1-m6","jetpack_likes_enabled":true,"jetpack-related-posts":[{"id":1411,"url":"https:\/\/www.fullo.net\/blog\/2005\/05\/23\/hackmeetingdelay1week\/","url_meta":{"origin":1370,"position":0},"title":"hackmeeting.delay(1week)","author":"Francesco Fullone","date":"23\/05\/2005","format":false,"excerpt":"L'hackmeeting \u00e8 slittato di una settimana per non intralciare il referendum. Il nuovo appuntamento \u00e8 quindi per il 17-18-19 Giugno sempre a Napoli presso il centro sociale Terra Terra. Mentre aspettate date un'occhio alla nuova lista delle conferenze ciuaz","rel":"","context":"In &quot;di tutto un po'&quot;","block_context":{"text":"di tutto un po'","link":"https:\/\/www.fullo.net\/blog\/category\/di-tutto-un-po\/"},"img":{"alt_text":"","src":"","width":0,"height":0},"classes":[]},{"id":1449,"url":"https:\/\/www.fullo.net\/blog\/2005\/06\/09\/referendum-votate-si-presto\/","url_meta":{"origin":1370,"position":1},"title":"referendum, votate (si) e presto!","author":"Francesco Fullone","date":"09\/06\/2005","format":false,"excerpt":"un buon metodo, suggerito dall'amico di alberto, per cercare di raggiungere il quorum al referendum, \u00e8 quello di andare a votare presto... altro metodo pi\u00f9 cattivo, diciamo proprio stronzo, \u00e8 mandare per sms il seguente testo: se non voti e ti viene (o viene ad un tuo caro) un tumore\u2026","rel":"","context":"In &quot;di tutto un po'&quot;","block_context":{"text":"di tutto un po'","link":"https:\/\/www.fullo.net\/blog\/category\/di-tutto-un-po\/"},"img":{"alt_text":"","src":"","width":0,"height":0},"classes":[]},{"id":232,"url":"https:\/\/www.fullo.net\/blog\/2003\/05\/05\/eventi\/","url_meta":{"origin":1370,"position":2},"title":"eventi","author":"Francesco Fullone","date":"05\/05\/2003","format":false,"excerpt":"si presenta un giugno di meeting! Dopo il blogRage organizzato da un sentire enorme il 15 a Firenze, mi \u00e8 giunta voce che l'hackmeeting 2003 si svolger\u00e0 in quel di Torino il 6-7-8 del mese! (spero di non mancare, soprattutto al secondo!) ciuaz","rel":"","context":"In &quot;di tutto un po'&quot;","block_context":{"text":"di tutto un po'","link":"https:\/\/www.fullo.net\/blog\/category\/di-tutto-un-po\/"},"img":{"alt_text":"","src":"","width":0,"height":0},"classes":[]},{"id":316,"url":"https:\/\/www.fullo.net\/blog\/2003\/06\/29\/brevetti\/","url_meta":{"origin":1370,"position":3},"title":"brevetti","author":"Francesco Fullone","date":"29\/06\/2003","format":false,"excerpt":"copio\/incollo ed appoggio pienamente il commento... Brevettabilit\u00e0 del software: il voto del Parlamento europeo anticipato al 30 giugno [Informatica] \u2014 ronchi @ 8:44 pmIl voto del Parlamento europeo sulla direttiva europea sulla brevettabilit\u00e0 del software, inizialmente previsto per il mese di settembre, \u00e8 stato anticipato al 30 giugno. Gli oppositori\u2026","rel":"","context":"In &quot;di tutto un po'&quot;","block_context":{"text":"di tutto un po'","link":"https:\/\/www.fullo.net\/blog\/category\/di-tutto-un-po\/"},"img":{"alt_text":"","src":"","width":0,"height":0},"classes":[]},{"id":2148,"url":"https:\/\/www.fullo.net\/blog\/2006\/12\/13\/domani-comprate-nova24\/","url_meta":{"origin":1370,"position":4},"title":"Domani comprate N\u00f2va24","author":"Francesco Fullone","date":"13\/12\/2006","format":false,"excerpt":"Che c'\u00e8 il paginone centrale dove si parla della BlogBabel. Oddio avrei preferito qualche pinup.. ma hanno deciso di mettere la mappa stellare della blogsfera prodotta per il barCamp di Torino. ciuaz","rel":"","context":"In &quot;di tutto un po'&quot;","block_context":{"text":"di tutto un po'","link":"https:\/\/www.fullo.net\/blog\/category\/di-tutto-un-po\/"},"img":{"alt_text":"","src":"","width":0,"height":0},"classes":[]},{"id":639,"url":"https:\/\/www.fullo.net\/blog\/2003\/12\/28\/un-p-ed-un-po\/","url_meta":{"origin":1370,"position":5},"title":"un p\u00f2 ed un po&#8217;","author":"Francesco Fullone","date":"28\/12\/2003","format":false,"excerpt":"Mi \u00e8 stato fatto notare da un bravuomo che commettevo l'errore di scrivere p\u00f2 come forma abbreviata di poco, invece della sua forma corretta po' (con l'apostrofo). Ho corretto gli ultimi post ed il nome della categoria... sperando che non mi ricapiti di inciampare in questo errore un p\u00f2 fastidioso!\u2026","rel":"","context":"In &quot;di tutto un po'&quot;","block_context":{"text":"di tutto un po'","link":"https:\/\/www.fullo.net\/blog\/category\/di-tutto-un-po\/"},"img":{"alt_text":"","src":"","width":0,"height":0},"classes":[]}],"_links":{"self":[{"href":"https:\/\/www.fullo.net\/blog\/wp-json\/wp\/v2\/posts\/1370","targetHints":{"allow":["GET"]}}],"collection":[{"href":"https:\/\/www.fullo.net\/blog\/wp-json\/wp\/v2\/posts"}],"about":[{"href":"https:\/\/www.fullo.net\/blog\/wp-json\/wp\/v2\/types\/post"}],"author":[{"embeddable":true,"href":"https:\/\/www.fullo.net\/blog\/wp-json\/wp\/v2\/users\/1"}],"replies":[{"embeddable":true,"href":"https:\/\/www.fullo.net\/blog\/wp-json\/wp\/v2\/comments?post=1370"}],"version-history":[{"count":0,"href":"https:\/\/www.fullo.net\/blog\/wp-json\/wp\/v2\/posts\/1370\/revisions"}],"wp:attachment":[{"href":"https:\/\/www.fullo.net\/blog\/wp-json\/wp\/v2\/media?parent=1370"}],"wp:term":[{"taxonomy":"category","embeddable":true,"href":"https:\/\/www.fullo.net\/blog\/wp-json\/wp\/v2\/categories?post=1370"},{"taxonomy":"post_tag","embeddable":true,"href":"https:\/\/www.fullo.net\/blog\/wp-json\/wp\/v2\/tags?post=1370"}],"curies":[{"name":"wp","href":"https:\/\/api.w.org\/{rel}","templated":true}]}}