{"id":1448,"date":"2005-06-09T18:57:42","date_gmt":"2005-06-09T16:57:42","guid":{"rendered":"https:\/\/www.fullo.net\/blog\/index.php\/archives\/2005\/06\/09\/il-mio-elettricista\/"},"modified":"2007-01-10T00:00:33","modified_gmt":"2007-01-09T23:00:33","slug":"il-mio-elettricista","status":"publish","type":"post","link":"https:\/\/www.fullo.net\/blog\/2005\/06\/09\/il-mio-elettricista\/","title":{"rendered":"il mio elettricista&#8230;"},"content":{"rendered":"<p><a href=\"http:\/\/www.flickr.com\/photos\/fullo\/18373984\/\" title=\"photo sharing\"><img data-recalc-dims=\"1\" decoding=\"async\" src=\"https:\/\/i0.wp.com\/photos14.flickr.com\/18373984_e6a85e65a1_s.jpg?w=580\" alt=\"\" style=\"border: solid 2px #000000;\" \/><\/a><br \/>\n<small>guarda <a href=\"http:\/\/www.flickr.com\/photos\/fullo\/18373984\/\">La soluzione (2)<\/a> su flickr<\/small><br clear=\"all\" \/><br \/>\nE&#8217; il pi\u00f9 bravo del mondo!<br \/>\nmi ha smontato un rack in disuso per usarne la base come <em>prolunga<\/em> per le <a href=\"https:\/\/www.fullo.net\/blog\/archives\/2005\/06\/06\/server-hp-2\/\">guide corte<\/a> dello storage! <\/p>\n<p>su flickr ci sono <a href=\"http:\/\/www.flickr.com\/photos\/fullo\/18373989\/\">altre<\/a> <a href=\"http:\/\/www.flickr.com\/photos\/fullo\/18373987\/\">immagini<\/a> <a href=\"http:\/\/www.flickr.com\/photos\/fullo\/18373983\/\">a<\/a> <a href=\"http:\/\/www.flickr.com\/photos\/fullo\/18373986\/\">riguardo<\/a><\/p>\n<p>ciuaz<\/p>\n","protected":false},"excerpt":{"rendered":"<p>guarda La soluzione (2) su flickr E&#8217; il pi\u00f9 bravo del mondo! mi ha smontato un rack in disuso per usarne la base come prolunga per le guide corte dello storage! su flickr ci sono altre immagini a riguardo ciuaz<\/p>\n","protected":false},"author":1,"featured_media":0,"comment_status":"open","ping_status":"open","sticky":false,"template":"","format":"standard","meta":{"jetpack_post_was_ever_published":false,"_jetpack_newsletter_access":"","_jetpack_dont_email_post_to_subs":false,"_jetpack_newsletter_tier_id":0,"_jetpack_memberships_contains_paywalled_content":false,"_jetpack_memberships_contains_paid_content":false,"footnotes":"","jetpack_publicize_message":"","jetpack_publicize_feature_enabled":true,"jetpack_social_post_already_shared":false,"jetpack_social_options":{"image_generator_settings":{"template":"highway","default_image_id":0,"font":"","enabled":false},"version":2}},"categories":[15],"tags":[230,210,211,212],"class_list":["post-1448","post","type-post","status-publish","format-standard","hentry","category-amministrazione-di-sistema","tag-ced","tag-hardware","tag-rack","tag-server"],"yoast_head":"<!-- This site is optimized with the Yoast SEO plugin v27.4 - https:\/\/yoast.com\/product\/yoast-seo-wordpress\/ -->\n<title>il mio elettricista... - Fullo<\/title>\n<meta name=\"robots\" content=\"index, follow, max-snippet:-1, max-image-preview:large, max-video-preview:-1\" \/>\n<link rel=\"canonical\" href=\"https:\/\/www.fullo.net\/blog\/2005\/06\/09\/il-mio-elettricista\/\" \/>\n<meta property=\"og:locale\" content=\"en_US\" \/>\n<meta property=\"og:type\" content=\"article\" \/>\n<meta property=\"og:title\" content=\"il mio elettricista... - Fullo\" \/>\n<meta property=\"og:description\" content=\"guarda La soluzione (2) su flickr E&#8217; il pi\u00f9 bravo del mondo! mi ha smontato un rack in disuso per usarne la base come prolunga per le guide corte dello storage! su flickr ci sono altre immagini a riguardo ciuaz\" \/>\n<meta property=\"og:url\" content=\"https:\/\/www.fullo.net\/blog\/2005\/06\/09\/il-mio-elettricista\/\" \/>\n<meta property=\"og:site_name\" content=\"Fullo\" \/>\n<meta property=\"article:published_time\" content=\"2005-06-09T16:57:42+00:00\" \/>\n<meta property=\"article:modified_time\" content=\"2007-01-09T23:00:33+00:00\" \/>\n<meta property=\"og:image\" content=\"http:\/\/photos14.flickr.com\/18373984_e6a85e65a1_s.jpg\" \/>\n<meta name=\"author\" content=\"Francesco Fullone\" \/>\n<meta name=\"twitter:card\" content=\"summary_large_image\" \/>\n<meta name=\"twitter:creator\" content=\"@fullo\" \/>\n<meta name=\"twitter:site\" content=\"@fullo\" \/>\n<meta name=\"twitter:label1\" content=\"Written by\" \/>\n\t<meta name=\"twitter:data1\" content=\"Francesco Fullone\" \/>\n<script type=\"application\/ld+json\" class=\"yoast-schema-graph\">{\"@context\":\"https:\\\/\\\/schema.org\",\"@graph\":[{\"@type\":\"Article\",\"@id\":\"https:\\\/\\\/www.fullo.net\\\/blog\\\/2005\\\/06\\\/09\\\/il-mio-elettricista\\\/#article\",\"isPartOf\":{\"@id\":\"https:\\\/\\\/www.fullo.net\\\/blog\\\/2005\\\/06\\\/09\\\/il-mio-elettricista\\\/\"},\"author\":{\"name\":\"Francesco Fullone\",\"@id\":\"https:\\\/\\\/www.fullo.net\\\/blog\\\/#\\\/schema\\\/person\\\/24e91bc6caea6c411a8668df5639428c\"},\"headline\":\"il mio elettricista&#8230;\",\"datePublished\":\"2005-06-09T16:57:42+00:00\",\"dateModified\":\"2007-01-09T23:00:33+00:00\",\"mainEntityOfPage\":{\"@id\":\"https:\\\/\\\/www.fullo.net\\\/blog\\\/2005\\\/06\\\/09\\\/il-mio-elettricista\\\/\"},\"wordCount\":42,\"commentCount\":0,\"publisher\":{\"@id\":\"https:\\\/\\\/www.fullo.net\\\/blog\\\/#\\\/schema\\\/person\\\/24e91bc6caea6c411a8668df5639428c\"},\"image\":{\"@id\":\"https:\\\/\\\/www.fullo.net\\\/blog\\\/2005\\\/06\\\/09\\\/il-mio-elettricista\\\/#primaryimage\"},\"thumbnailUrl\":\"http:\\\/\\\/photos14.flickr.com\\\/18373984_e6a85e65a1_s.jpg\",\"keywords\":[\"ced\",\"hardware\",\"rack\",\"server\"],\"articleSection\":[\"sysadmin\"],\"inLanguage\":\"en-US\",\"potentialAction\":[{\"@type\":\"CommentAction\",\"name\":\"Comment\",\"target\":[\"https:\\\/\\\/www.fullo.net\\\/blog\\\/2005\\\/06\\\/09\\\/il-mio-elettricista\\\/#respond\"]}]},{\"@type\":\"WebPage\",\"@id\":\"https:\\\/\\\/www.fullo.net\\\/blog\\\/2005\\\/06\\\/09\\\/il-mio-elettricista\\\/\",\"url\":\"https:\\\/\\\/www.fullo.net\\\/blog\\\/2005\\\/06\\\/09\\\/il-mio-elettricista\\\/\",\"name\":\"il mio elettricista... - Fullo\",\"isPartOf\":{\"@id\":\"https:\\\/\\\/www.fullo.net\\\/blog\\\/#website\"},\"primaryImageOfPage\":{\"@id\":\"https:\\\/\\\/www.fullo.net\\\/blog\\\/2005\\\/06\\\/09\\\/il-mio-elettricista\\\/#primaryimage\"},\"image\":{\"@id\":\"https:\\\/\\\/www.fullo.net\\\/blog\\\/2005\\\/06\\\/09\\\/il-mio-elettricista\\\/#primaryimage\"},\"thumbnailUrl\":\"http:\\\/\\\/photos14.flickr.com\\\/18373984_e6a85e65a1_s.jpg\",\"datePublished\":\"2005-06-09T16:57:42+00:00\",\"dateModified\":\"2007-01-09T23:00:33+00:00\",\"breadcrumb\":{\"@id\":\"https:\\\/\\\/www.fullo.net\\\/blog\\\/2005\\\/06\\\/09\\\/il-mio-elettricista\\\/#breadcrumb\"},\"inLanguage\":\"en-US\",\"potentialAction\":[{\"@type\":\"ReadAction\",\"target\":[\"https:\\\/\\\/www.fullo.net\\\/blog\\\/2005\\\/06\\\/09\\\/il-mio-elettricista\\\/\"]}]},{\"@type\":\"ImageObject\",\"inLanguage\":\"en-US\",\"@id\":\"https:\\\/\\\/www.fullo.net\\\/blog\\\/2005\\\/06\\\/09\\\/il-mio-elettricista\\\/#primaryimage\",\"url\":\"http:\\\/\\\/photos14.flickr.com\\\/18373984_e6a85e65a1_s.jpg\",\"contentUrl\":\"http:\\\/\\\/photos14.flickr.com\\\/18373984_e6a85e65a1_s.jpg\"},{\"@type\":\"BreadcrumbList\",\"@id\":\"https:\\\/\\\/www.fullo.net\\\/blog\\\/2005\\\/06\\\/09\\\/il-mio-elettricista\\\/#breadcrumb\",\"itemListElement\":[{\"@type\":\"ListItem\",\"position\":1,\"name\":\"Home\",\"item\":\"https:\\\/\\\/www.fullo.net\\\/blog\\\/\"},{\"@type\":\"ListItem\",\"position\":2,\"name\":\"il mio elettricista&#8230;\"}]},{\"@type\":\"WebSite\",\"@id\":\"https:\\\/\\\/www.fullo.net\\\/blog\\\/#website\",\"url\":\"https:\\\/\\\/www.fullo.net\\\/blog\\\/\",\"name\":\"Fullo\",\"description\":\"nulla e&#039; impossibile per chi non lo deve fare!\",\"publisher\":{\"@id\":\"https:\\\/\\\/www.fullo.net\\\/blog\\\/#\\\/schema\\\/person\\\/24e91bc6caea6c411a8668df5639428c\"},\"potentialAction\":[{\"@type\":\"SearchAction\",\"target\":{\"@type\":\"EntryPoint\",\"urlTemplate\":\"https:\\\/\\\/www.fullo.net\\\/blog\\\/?s={search_term_string}\"},\"query-input\":{\"@type\":\"PropertyValueSpecification\",\"valueRequired\":true,\"valueName\":\"search_term_string\"}}],\"inLanguage\":\"en-US\"},{\"@type\":[\"Person\",\"Organization\"],\"@id\":\"https:\\\/\\\/www.fullo.net\\\/blog\\\/#\\\/schema\\\/person\\\/24e91bc6caea6c411a8668df5639428c\",\"name\":\"Francesco Fullone\",\"image\":{\"@type\":\"ImageObject\",\"inLanguage\":\"en-US\",\"@id\":\"https:\\\/\\\/i0.wp.com\\\/www.fullo.net\\\/blog\\\/wp-content\\\/uploads\\\/2024\\\/10\\\/hawiaina-gold-circled-white.png?fit=622%2C622&ssl=1\",\"url\":\"https:\\\/\\\/i0.wp.com\\\/www.fullo.net\\\/blog\\\/wp-content\\\/uploads\\\/2024\\\/10\\\/hawiaina-gold-circled-white.png?fit=622%2C622&ssl=1\",\"contentUrl\":\"https:\\\/\\\/i0.wp.com\\\/www.fullo.net\\\/blog\\\/wp-content\\\/uploads\\\/2024\\\/10\\\/hawiaina-gold-circled-white.png?fit=622%2C622&ssl=1\",\"width\":622,\"height\":622,\"caption\":\"Francesco Fullone\"},\"logo\":{\"@id\":\"https:\\\/\\\/i0.wp.com\\\/www.fullo.net\\\/blog\\\/wp-content\\\/uploads\\\/2024\\\/10\\\/hawiaina-gold-circled-white.png?fit=622%2C622&ssl=1\"},\"sameAs\":[\"http:\\\/\\\/www.fullo.net\",\"https:\\\/\\\/www.linkedin.com\\\/in\\\/fullo\",\"https:\\\/\\\/x.com\\\/fullo\"],\"url\":\"https:\\\/\\\/www.fullo.net\\\/blog\\\/author\\\/fullo\\\/\"}]}<\/script>\n<!-- \/ Yoast SEO plugin. -->","yoast_head_json":{"title":"il mio elettricista... - Fullo","robots":{"index":"index","follow":"follow","max-snippet":"max-snippet:-1","max-image-preview":"max-image-preview:large","max-video-preview":"max-video-preview:-1"},"canonical":"https:\/\/www.fullo.net\/blog\/2005\/06\/09\/il-mio-elettricista\/","og_locale":"en_US","og_type":"article","og_title":"il mio elettricista... - Fullo","og_description":"guarda La soluzione (2) su flickr E&#8217; il pi\u00f9 bravo del mondo! mi ha smontato un rack in disuso per usarne la base come prolunga per le guide corte dello storage! su flickr ci sono altre immagini a riguardo ciuaz","og_url":"https:\/\/www.fullo.net\/blog\/2005\/06\/09\/il-mio-elettricista\/","og_site_name":"Fullo","article_published_time":"2005-06-09T16:57:42+00:00","article_modified_time":"2007-01-09T23:00:33+00:00","og_image":[{"url":"http:\/\/photos14.flickr.com\/18373984_e6a85e65a1_s.jpg","type":"","width":"","height":""}],"author":"Francesco Fullone","twitter_card":"summary_large_image","twitter_creator":"@fullo","twitter_site":"@fullo","twitter_misc":{"Written by":"Francesco Fullone"},"schema":{"@context":"https:\/\/schema.org","@graph":[{"@type":"Article","@id":"https:\/\/www.fullo.net\/blog\/2005\/06\/09\/il-mio-elettricista\/#article","isPartOf":{"@id":"https:\/\/www.fullo.net\/blog\/2005\/06\/09\/il-mio-elettricista\/"},"author":{"name":"Francesco Fullone","@id":"https:\/\/www.fullo.net\/blog\/#\/schema\/person\/24e91bc6caea6c411a8668df5639428c"},"headline":"il mio elettricista&#8230;","datePublished":"2005-06-09T16:57:42+00:00","dateModified":"2007-01-09T23:00:33+00:00","mainEntityOfPage":{"@id":"https:\/\/www.fullo.net\/blog\/2005\/06\/09\/il-mio-elettricista\/"},"wordCount":42,"commentCount":0,"publisher":{"@id":"https:\/\/www.fullo.net\/blog\/#\/schema\/person\/24e91bc6caea6c411a8668df5639428c"},"image":{"@id":"https:\/\/www.fullo.net\/blog\/2005\/06\/09\/il-mio-elettricista\/#primaryimage"},"thumbnailUrl":"http:\/\/photos14.flickr.com\/18373984_e6a85e65a1_s.jpg","keywords":["ced","hardware","rack","server"],"articleSection":["sysadmin"],"inLanguage":"en-US","potentialAction":[{"@type":"CommentAction","name":"Comment","target":["https:\/\/www.fullo.net\/blog\/2005\/06\/09\/il-mio-elettricista\/#respond"]}]},{"@type":"WebPage","@id":"https:\/\/www.fullo.net\/blog\/2005\/06\/09\/il-mio-elettricista\/","url":"https:\/\/www.fullo.net\/blog\/2005\/06\/09\/il-mio-elettricista\/","name":"il mio elettricista... - Fullo","isPartOf":{"@id":"https:\/\/www.fullo.net\/blog\/#website"},"primaryImageOfPage":{"@id":"https:\/\/www.fullo.net\/blog\/2005\/06\/09\/il-mio-elettricista\/#primaryimage"},"image":{"@id":"https:\/\/www.fullo.net\/blog\/2005\/06\/09\/il-mio-elettricista\/#primaryimage"},"thumbnailUrl":"http:\/\/photos14.flickr.com\/18373984_e6a85e65a1_s.jpg","datePublished":"2005-06-09T16:57:42+00:00","dateModified":"2007-01-09T23:00:33+00:00","breadcrumb":{"@id":"https:\/\/www.fullo.net\/blog\/2005\/06\/09\/il-mio-elettricista\/#breadcrumb"},"inLanguage":"en-US","potentialAction":[{"@type":"ReadAction","target":["https:\/\/www.fullo.net\/blog\/2005\/06\/09\/il-mio-elettricista\/"]}]},{"@type":"ImageObject","inLanguage":"en-US","@id":"https:\/\/www.fullo.net\/blog\/2005\/06\/09\/il-mio-elettricista\/#primaryimage","url":"http:\/\/photos14.flickr.com\/18373984_e6a85e65a1_s.jpg","contentUrl":"http:\/\/photos14.flickr.com\/18373984_e6a85e65a1_s.jpg"},{"@type":"BreadcrumbList","@id":"https:\/\/www.fullo.net\/blog\/2005\/06\/09\/il-mio-elettricista\/#breadcrumb","itemListElement":[{"@type":"ListItem","position":1,"name":"Home","item":"https:\/\/www.fullo.net\/blog\/"},{"@type":"ListItem","position":2,"name":"il mio elettricista&#8230;"}]},{"@type":"WebSite","@id":"https:\/\/www.fullo.net\/blog\/#website","url":"https:\/\/www.fullo.net\/blog\/","name":"Fullo","description":"nulla e&#039; impossibile per chi non lo deve fare!","publisher":{"@id":"https:\/\/www.fullo.net\/blog\/#\/schema\/person\/24e91bc6caea6c411a8668df5639428c"},"potentialAction":[{"@type":"SearchAction","target":{"@type":"EntryPoint","urlTemplate":"https:\/\/www.fullo.net\/blog\/?s={search_term_string}"},"query-input":{"@type":"PropertyValueSpecification","valueRequired":true,"valueName":"search_term_string"}}],"inLanguage":"en-US"},{"@type":["Person","Organization"],"@id":"https:\/\/www.fullo.net\/blog\/#\/schema\/person\/24e91bc6caea6c411a8668df5639428c","name":"Francesco Fullone","image":{"@type":"ImageObject","inLanguage":"en-US","@id":"https:\/\/i0.wp.com\/www.fullo.net\/blog\/wp-content\/uploads\/2024\/10\/hawiaina-gold-circled-white.png?fit=622%2C622&ssl=1","url":"https:\/\/i0.wp.com\/www.fullo.net\/blog\/wp-content\/uploads\/2024\/10\/hawiaina-gold-circled-white.png?fit=622%2C622&ssl=1","contentUrl":"https:\/\/i0.wp.com\/www.fullo.net\/blog\/wp-content\/uploads\/2024\/10\/hawiaina-gold-circled-white.png?fit=622%2C622&ssl=1","width":622,"height":622,"caption":"Francesco Fullone"},"logo":{"@id":"https:\/\/i0.wp.com\/www.fullo.net\/blog\/wp-content\/uploads\/2024\/10\/hawiaina-gold-circled-white.png?fit=622%2C622&ssl=1"},"sameAs":["http:\/\/www.fullo.net","https:\/\/www.linkedin.com\/in\/fullo","https:\/\/x.com\/fullo"],"url":"https:\/\/www.fullo.net\/blog\/author\/fullo\/"}]}},"jetpack_publicize_connections":[],"jetpack_featured_media_url":"","jetpack_sharing_enabled":true,"jetpack_shortlink":"https:\/\/wp.me\/p3OSc1-nm","jetpack_likes_enabled":true,"jetpack-related-posts":[{"id":2023,"url":"https:\/\/www.fullo.net\/blog\/2006\/08\/09\/ferie-3\/","url_meta":{"origin":1448,"position":0},"title":"Ferie!","author":"Francesco Fullone","date":"09\/08\/2006","format":false,"excerpt":"Il tenutario del presente e di questo blog, redattore di questo e quest'altro, editore (machevvord\u00ec?) di questa lista, presidente di questa associazione, sistemista, sviluppatore e fancazzista generalizzato ha deciso che da oggi al 23 dello stesso mese partir\u00e0 per una vacanza (?) itinerante per la Spagna. Avendo deciso di non\u2026","rel":"","context":"In &quot;di tutto un po'&quot;","block_context":{"text":"di tutto un po'","link":"https:\/\/www.fullo.net\/blog\/category\/di-tutto-un-po\/"},"img":{"alt_text":"","src":"","width":0,"height":0},"classes":[]},{"id":2152,"url":"https:\/\/www.fullo.net\/blog\/2006\/12\/14\/blogbabel\/","url_meta":{"origin":1448,"position":1},"title":"BlogBabel","author":"Francesco Fullone","date":"14\/12\/2006","format":false,"excerpt":"guarda BlogBabel su flickr Ecco qui la mia personale mappa di connessione con gli altri blog della blogsfera italiana, se avete letto l'articolo di oggi su N\u00f2va24 (l'avete fatto vero?) sicuramente vi sarete accorti del mega paginone centrale... Beh, quest'immagine \u00e8 la stessa ma con il focus sui blog che\u2026","rel":"","context":"In &quot;di tutto un po'&quot;","block_context":{"text":"di tutto un po'","link":"https:\/\/www.fullo.net\/blog\/category\/di-tutto-un-po\/"},"img":{"alt_text":"","src":"","width":0,"height":0},"classes":[]},{"id":1928,"url":"https:\/\/www.fullo.net\/blog\/2006\/04\/19\/fon-per-tutti\/","url_meta":{"origin":1448,"position":2},"title":"Fon per tutti","author":"Francesco Fullone","date":"19\/04\/2006","format":false,"excerpt":"Complimenti a Koolinus per essere uno dei primi fortunati ad essersi appropriato di un router FON gratuitamente. Il concorso, indetto dal blog italiano della societ\u00e0, permette infatti ai primi 100 che si presenteranno, dimostrando (con una foto su Flickr) di vivere in una strada trafficata, di ricevere gratuitamente il router\u2026","rel":"","context":"In &quot;di tutto un po'&quot;","block_context":{"text":"di tutto un po'","link":"https:\/\/www.fullo.net\/blog\/category\/di-tutto-un-po\/"},"img":{"alt_text":"","src":"","width":0,"height":0},"classes":[]},{"id":1599,"url":"https:\/\/www.fullo.net\/blog\/2005\/08\/19\/wordpress-16\/","url_meta":{"origin":1448,"position":3},"title":"WordPress 1.6","author":"Francesco Fullone","date":"19\/08\/2005","format":false,"excerpt":"Dopo le foto pubblicate su flickr, ancora nuove indiscrezioni su wordpress 1.6 pare infatti che conterr\u00e0 un editor WYSIWYG ridimensionabile a piacere per permettere una pi\u00f9 agevole gestione dei post molto lunghi, su Asymptomatic \u00e8 presente una demo che ne illustra le potenzialit\u00e0. Intanto Matt fa l'annuncio che domani durante\u2026","rel":"","context":"In &quot;open source&quot;","block_context":{"text":"open source","link":"https:\/\/www.fullo.net\/blog\/category\/tecnologia\/open-source\/"},"img":{"alt_text":"","src":"","width":0,"height":0},"classes":[]},{"id":1704,"url":"https:\/\/www.fullo.net\/blog\/2005\/10\/21\/flock-05pre\/","url_meta":{"origin":1448,"position":4},"title":"Flock 0.5pre","author":"Francesco Fullone","date":"21\/10\/2005","format":false,"excerpt":"Ho appena finito di testare Flock, su windows e su linux... per ora \u00e8 una piccola delusione... non \u00e8 altro che un browser per blogger con strumenti per inviare post tramite xml-rpc, aggiungere o vedere le foto su flickr e vedersi il proprio bookmark su del.icio.us. Niente che non si\u2026","rel":"","context":"In &quot;open source&quot;","block_context":{"text":"open source","link":"https:\/\/www.fullo.net\/blog\/category\/tecnologia\/open-source\/"},"img":{"alt_text":"","src":"","width":0,"height":0},"classes":[]},{"id":2217,"url":"https:\/\/www.fullo.net\/blog\/2007\/02\/20\/cavi-avaya\/","url_meta":{"origin":1448,"position":5},"title":"Cavi Avaya","author":"Francesco Fullone","date":"20\/02\/2007","format":false,"excerpt":"guarda Cavi Avaya su flickr Ma sar\u00e0 possibile che nel 2007 ci sia ancora qualcuno che per cablare un nuovo ufficio usi 'ste fetenzie di cavi? Si spaccano i connettori, si spaccano i frutti, non sai mai se \u00e8 ben connesso o meno, ne stacchi uno e se ne vengono\u2026","rel":"","context":"In &quot;foto&quot;","block_context":{"text":"foto","link":"https:\/\/www.fullo.net\/blog\/category\/di-tutto-un-po\/foto\/"},"img":{"alt_text":"","src":"","width":0,"height":0},"classes":[]}],"_links":{"self":[{"href":"https:\/\/www.fullo.net\/blog\/wp-json\/wp\/v2\/posts\/1448","targetHints":{"allow":["GET"]}}],"collection":[{"href":"https:\/\/www.fullo.net\/blog\/wp-json\/wp\/v2\/posts"}],"about":[{"href":"https:\/\/www.fullo.net\/blog\/wp-json\/wp\/v2\/types\/post"}],"author":[{"embeddable":true,"href":"https:\/\/www.fullo.net\/blog\/wp-json\/wp\/v2\/users\/1"}],"replies":[{"embeddable":true,"href":"https:\/\/www.fullo.net\/blog\/wp-json\/wp\/v2\/comments?post=1448"}],"version-history":[{"count":0,"href":"https:\/\/www.fullo.net\/blog\/wp-json\/wp\/v2\/posts\/1448\/revisions"}],"wp:attachment":[{"href":"https:\/\/www.fullo.net\/blog\/wp-json\/wp\/v2\/media?parent=1448"}],"wp:term":[{"taxonomy":"category","embeddable":true,"href":"https:\/\/www.fullo.net\/blog\/wp-json\/wp\/v2\/categories?post=1448"},{"taxonomy":"post_tag","embeddable":true,"href":"https:\/\/www.fullo.net\/blog\/wp-json\/wp\/v2\/tags?post=1448"}],"curies":[{"name":"wp","href":"https:\/\/api.w.org\/{rel}","templated":true}]}}