{"id":1577,"date":"2005-08-08T23:45:56","date_gmt":"2005-08-08T21:45:56","guid":{"rendered":"https:\/\/www.fullo.net\/blog\/?p=1577"},"modified":"2005-08-08T23:55:39","modified_gmt":"2005-08-08T21:55:39","slug":"che-icone-uso","status":"publish","type":"post","link":"https:\/\/www.fullo.net\/blog\/2005\/08\/08\/che-icone-uso\/","title":{"rendered":"Che icone uso?"},"content":{"rendered":"<p>Spesso quando si sta lavorando all&#8217;ennesima <em>applicazione web che cambier\u00e0 il mondo<\/em> ci ritroviamo completamente a corto di idee (e diciamocelo di talento e gusto) per quel che riguarda l&#8217;aspetto grafico. Una delle cose che pi\u00f9 assilla il programmatore medio \u00e8 che icona ci metto? Da dove la prendo? e soprattutto <a href=\"http:\/\/recollectionbooks.com\/bleed\/images\/fireball.gif\">come riesco a metterla<\/a> nell&#8217;applicazione senza che mi sconvolga il design? Un buon punto di partenza potrebbe essere questa <a href=\"http:\/\/www.el73.be\/drunkey-love\/icons\/\">collezione di icone e bottoni<\/a>&#8230;<\/p>\n<p>ciuaz<\/p>\n","protected":false},"excerpt":{"rendered":"<p>Spesso quando si sta lavorando all&#8217;ennesima applicazione web che cambier\u00e0 il mondo ci ritroviamo completamente a corto di idee (e diciamocelo di talento e gusto) per quel che riguarda l&#8217;aspetto grafico. Una delle cose che pi\u00f9 assilla il programmatore medio \u00e8 che icona ci metto? Da dove la prendo? e soprattutto come riesco a metterla [&hellip;]<\/p>\n","protected":false},"author":1,"featured_media":0,"comment_status":"open","ping_status":"open","sticky":false,"template":"","format":"standard","meta":{"jetpack_post_was_ever_published":false,"_jetpack_newsletter_access":"","_jetpack_dont_email_post_to_subs":false,"_jetpack_newsletter_tier_id":0,"_jetpack_memberships_contains_paywalled_content":false,"_jetpack_memberships_contains_paid_content":false,"footnotes":"","jetpack_publicize_message":"","jetpack_publicize_feature_enabled":true,"jetpack_social_post_already_shared":false,"jetpack_social_options":{"image_generator_settings":{"template":"highway","default_image_id":0,"font":"","enabled":false},"version":2}},"categories":[12],"tags":[465,466,467],"class_list":["post-1577","post","type-post","status-publish","format-standard","hentry","category-webdev","tag-graphics","tag-icons","tag-web-development"],"yoast_head":"<!-- This site is optimized with the Yoast SEO plugin v27.5 - https:\/\/yoast.com\/product\/yoast-seo-wordpress\/ -->\n<title>Che icone uso? - Fullo<\/title>\n<meta name=\"robots\" content=\"index, follow, max-snippet:-1, max-image-preview:large, max-video-preview:-1\" \/>\n<link rel=\"canonical\" href=\"https:\/\/www.fullo.net\/blog\/2005\/08\/08\/che-icone-uso\/\" \/>\n<meta property=\"og:locale\" content=\"en_US\" \/>\n<meta property=\"og:type\" content=\"article\" \/>\n<meta property=\"og:title\" content=\"Che icone uso? - Fullo\" \/>\n<meta property=\"og:description\" content=\"Spesso quando si sta lavorando all&#8217;ennesima applicazione web che cambier\u00e0 il mondo ci ritroviamo completamente a corto di idee (e diciamocelo di talento e gusto) per quel che riguarda l&#8217;aspetto grafico. Una delle cose che pi\u00f9 assilla il programmatore medio \u00e8 che icona ci metto? Da dove la prendo? e soprattutto come riesco a metterla [&hellip;]\" \/>\n<meta property=\"og:url\" content=\"https:\/\/www.fullo.net\/blog\/2005\/08\/08\/che-icone-uso\/\" \/>\n<meta property=\"og:site_name\" content=\"Fullo\" \/>\n<meta property=\"article:published_time\" content=\"2005-08-08T21:45:56+00:00\" \/>\n<meta property=\"article:modified_time\" content=\"2005-08-08T21:55:39+00:00\" \/>\n<meta name=\"author\" content=\"Francesco Fullone\" \/>\n<meta name=\"twitter:card\" content=\"summary_large_image\" \/>\n<meta name=\"twitter:creator\" content=\"@fullo\" \/>\n<meta name=\"twitter:site\" content=\"@fullo\" \/>\n<meta name=\"twitter:label1\" content=\"Written by\" \/>\n\t<meta name=\"twitter:data1\" content=\"Francesco Fullone\" \/>\n<script type=\"application\/ld+json\" class=\"yoast-schema-graph\">{\"@context\":\"https:\\\/\\\/schema.org\",\"@graph\":[{\"@type\":\"Article\",\"@id\":\"https:\\\/\\\/www.fullo.net\\\/blog\\\/2005\\\/08\\\/08\\\/che-icone-uso\\\/#article\",\"isPartOf\":{\"@id\":\"https:\\\/\\\/www.fullo.net\\\/blog\\\/2005\\\/08\\\/08\\\/che-icone-uso\\\/\"},\"author\":{\"name\":\"Francesco Fullone\",\"@id\":\"https:\\\/\\\/www.fullo.net\\\/blog\\\/#\\\/schema\\\/person\\\/24e91bc6caea6c411a8668df5639428c\"},\"headline\":\"Che icone uso?\",\"datePublished\":\"2005-08-08T21:45:56+00:00\",\"dateModified\":\"2005-08-08T21:55:39+00:00\",\"mainEntityOfPage\":{\"@id\":\"https:\\\/\\\/www.fullo.net\\\/blog\\\/2005\\\/08\\\/08\\\/che-icone-uso\\\/\"},\"wordCount\":81,\"commentCount\":4,\"publisher\":{\"@id\":\"https:\\\/\\\/www.fullo.net\\\/blog\\\/#\\\/schema\\\/person\\\/24e91bc6caea6c411a8668df5639428c\"},\"keywords\":[\"graphics\",\"icons\",\"web development\"],\"articleSection\":[\"webdev\"],\"inLanguage\":\"en-US\",\"potentialAction\":[{\"@type\":\"CommentAction\",\"name\":\"Comment\",\"target\":[\"https:\\\/\\\/www.fullo.net\\\/blog\\\/2005\\\/08\\\/08\\\/che-icone-uso\\\/#respond\"]}]},{\"@type\":\"WebPage\",\"@id\":\"https:\\\/\\\/www.fullo.net\\\/blog\\\/2005\\\/08\\\/08\\\/che-icone-uso\\\/\",\"url\":\"https:\\\/\\\/www.fullo.net\\\/blog\\\/2005\\\/08\\\/08\\\/che-icone-uso\\\/\",\"name\":\"Che icone uso? - Fullo\",\"isPartOf\":{\"@id\":\"https:\\\/\\\/www.fullo.net\\\/blog\\\/#website\"},\"datePublished\":\"2005-08-08T21:45:56+00:00\",\"dateModified\":\"2005-08-08T21:55:39+00:00\",\"breadcrumb\":{\"@id\":\"https:\\\/\\\/www.fullo.net\\\/blog\\\/2005\\\/08\\\/08\\\/che-icone-uso\\\/#breadcrumb\"},\"inLanguage\":\"en-US\",\"potentialAction\":[{\"@type\":\"ReadAction\",\"target\":[\"https:\\\/\\\/www.fullo.net\\\/blog\\\/2005\\\/08\\\/08\\\/che-icone-uso\\\/\"]}]},{\"@type\":\"BreadcrumbList\",\"@id\":\"https:\\\/\\\/www.fullo.net\\\/blog\\\/2005\\\/08\\\/08\\\/che-icone-uso\\\/#breadcrumb\",\"itemListElement\":[{\"@type\":\"ListItem\",\"position\":1,\"name\":\"Home\",\"item\":\"https:\\\/\\\/www.fullo.net\\\/blog\\\/\"},{\"@type\":\"ListItem\",\"position\":2,\"name\":\"Che icone uso?\"}]},{\"@type\":\"WebSite\",\"@id\":\"https:\\\/\\\/www.fullo.net\\\/blog\\\/#website\",\"url\":\"https:\\\/\\\/www.fullo.net\\\/blog\\\/\",\"name\":\"Fullo\",\"description\":\"nulla e&#039; impossibile per chi non lo deve fare!\",\"publisher\":{\"@id\":\"https:\\\/\\\/www.fullo.net\\\/blog\\\/#\\\/schema\\\/person\\\/24e91bc6caea6c411a8668df5639428c\"},\"potentialAction\":[{\"@type\":\"SearchAction\",\"target\":{\"@type\":\"EntryPoint\",\"urlTemplate\":\"https:\\\/\\\/www.fullo.net\\\/blog\\\/?s={search_term_string}\"},\"query-input\":{\"@type\":\"PropertyValueSpecification\",\"valueRequired\":true,\"valueName\":\"search_term_string\"}}],\"inLanguage\":\"en-US\"},{\"@type\":[\"Person\",\"Organization\"],\"@id\":\"https:\\\/\\\/www.fullo.net\\\/blog\\\/#\\\/schema\\\/person\\\/24e91bc6caea6c411a8668df5639428c\",\"name\":\"Francesco Fullone\",\"image\":{\"@type\":\"ImageObject\",\"inLanguage\":\"en-US\",\"@id\":\"https:\\\/\\\/i0.wp.com\\\/www.fullo.net\\\/blog\\\/wp-content\\\/uploads\\\/2024\\\/10\\\/hawiaina-gold-circled-white.png?fit=622%2C622&ssl=1\",\"url\":\"https:\\\/\\\/i0.wp.com\\\/www.fullo.net\\\/blog\\\/wp-content\\\/uploads\\\/2024\\\/10\\\/hawiaina-gold-circled-white.png?fit=622%2C622&ssl=1\",\"contentUrl\":\"https:\\\/\\\/i0.wp.com\\\/www.fullo.net\\\/blog\\\/wp-content\\\/uploads\\\/2024\\\/10\\\/hawiaina-gold-circled-white.png?fit=622%2C622&ssl=1\",\"width\":622,\"height\":622,\"caption\":\"Francesco Fullone\"},\"logo\":{\"@id\":\"https:\\\/\\\/i0.wp.com\\\/www.fullo.net\\\/blog\\\/wp-content\\\/uploads\\\/2024\\\/10\\\/hawiaina-gold-circled-white.png?fit=622%2C622&ssl=1\"},\"sameAs\":[\"http:\\\/\\\/www.fullo.net\",\"https:\\\/\\\/www.linkedin.com\\\/in\\\/fullo\",\"https:\\\/\\\/x.com\\\/fullo\"],\"url\":\"https:\\\/\\\/www.fullo.net\\\/blog\\\/author\\\/fullo\\\/\"}]}<\/script>\n<!-- \/ Yoast SEO plugin. -->","yoast_head_json":{"title":"Che icone uso? - Fullo","robots":{"index":"index","follow":"follow","max-snippet":"max-snippet:-1","max-image-preview":"max-image-preview:large","max-video-preview":"max-video-preview:-1"},"canonical":"https:\/\/www.fullo.net\/blog\/2005\/08\/08\/che-icone-uso\/","og_locale":"en_US","og_type":"article","og_title":"Che icone uso? - Fullo","og_description":"Spesso quando si sta lavorando all&#8217;ennesima applicazione web che cambier\u00e0 il mondo ci ritroviamo completamente a corto di idee (e diciamocelo di talento e gusto) per quel che riguarda l&#8217;aspetto grafico. Una delle cose che pi\u00f9 assilla il programmatore medio \u00e8 che icona ci metto? Da dove la prendo? e soprattutto come riesco a metterla [&hellip;]","og_url":"https:\/\/www.fullo.net\/blog\/2005\/08\/08\/che-icone-uso\/","og_site_name":"Fullo","article_published_time":"2005-08-08T21:45:56+00:00","article_modified_time":"2005-08-08T21:55:39+00:00","author":"Francesco Fullone","twitter_card":"summary_large_image","twitter_creator":"@fullo","twitter_site":"@fullo","twitter_misc":{"Written by":"Francesco Fullone"},"schema":{"@context":"https:\/\/schema.org","@graph":[{"@type":"Article","@id":"https:\/\/www.fullo.net\/blog\/2005\/08\/08\/che-icone-uso\/#article","isPartOf":{"@id":"https:\/\/www.fullo.net\/blog\/2005\/08\/08\/che-icone-uso\/"},"author":{"name":"Francesco Fullone","@id":"https:\/\/www.fullo.net\/blog\/#\/schema\/person\/24e91bc6caea6c411a8668df5639428c"},"headline":"Che icone uso?","datePublished":"2005-08-08T21:45:56+00:00","dateModified":"2005-08-08T21:55:39+00:00","mainEntityOfPage":{"@id":"https:\/\/www.fullo.net\/blog\/2005\/08\/08\/che-icone-uso\/"},"wordCount":81,"commentCount":4,"publisher":{"@id":"https:\/\/www.fullo.net\/blog\/#\/schema\/person\/24e91bc6caea6c411a8668df5639428c"},"keywords":["graphics","icons","web development"],"articleSection":["webdev"],"inLanguage":"en-US","potentialAction":[{"@type":"CommentAction","name":"Comment","target":["https:\/\/www.fullo.net\/blog\/2005\/08\/08\/che-icone-uso\/#respond"]}]},{"@type":"WebPage","@id":"https:\/\/www.fullo.net\/blog\/2005\/08\/08\/che-icone-uso\/","url":"https:\/\/www.fullo.net\/blog\/2005\/08\/08\/che-icone-uso\/","name":"Che icone uso? - Fullo","isPartOf":{"@id":"https:\/\/www.fullo.net\/blog\/#website"},"datePublished":"2005-08-08T21:45:56+00:00","dateModified":"2005-08-08T21:55:39+00:00","breadcrumb":{"@id":"https:\/\/www.fullo.net\/blog\/2005\/08\/08\/che-icone-uso\/#breadcrumb"},"inLanguage":"en-US","potentialAction":[{"@type":"ReadAction","target":["https:\/\/www.fullo.net\/blog\/2005\/08\/08\/che-icone-uso\/"]}]},{"@type":"BreadcrumbList","@id":"https:\/\/www.fullo.net\/blog\/2005\/08\/08\/che-icone-uso\/#breadcrumb","itemListElement":[{"@type":"ListItem","position":1,"name":"Home","item":"https:\/\/www.fullo.net\/blog\/"},{"@type":"ListItem","position":2,"name":"Che icone uso?"}]},{"@type":"WebSite","@id":"https:\/\/www.fullo.net\/blog\/#website","url":"https:\/\/www.fullo.net\/blog\/","name":"Fullo","description":"nulla e&#039; impossibile per chi non lo deve fare!","publisher":{"@id":"https:\/\/www.fullo.net\/blog\/#\/schema\/person\/24e91bc6caea6c411a8668df5639428c"},"potentialAction":[{"@type":"SearchAction","target":{"@type":"EntryPoint","urlTemplate":"https:\/\/www.fullo.net\/blog\/?s={search_term_string}"},"query-input":{"@type":"PropertyValueSpecification","valueRequired":true,"valueName":"search_term_string"}}],"inLanguage":"en-US"},{"@type":["Person","Organization"],"@id":"https:\/\/www.fullo.net\/blog\/#\/schema\/person\/24e91bc6caea6c411a8668df5639428c","name":"Francesco Fullone","image":{"@type":"ImageObject","inLanguage":"en-US","@id":"https:\/\/i0.wp.com\/www.fullo.net\/blog\/wp-content\/uploads\/2024\/10\/hawiaina-gold-circled-white.png?fit=622%2C622&ssl=1","url":"https:\/\/i0.wp.com\/www.fullo.net\/blog\/wp-content\/uploads\/2024\/10\/hawiaina-gold-circled-white.png?fit=622%2C622&ssl=1","contentUrl":"https:\/\/i0.wp.com\/www.fullo.net\/blog\/wp-content\/uploads\/2024\/10\/hawiaina-gold-circled-white.png?fit=622%2C622&ssl=1","width":622,"height":622,"caption":"Francesco Fullone"},"logo":{"@id":"https:\/\/i0.wp.com\/www.fullo.net\/blog\/wp-content\/uploads\/2024\/10\/hawiaina-gold-circled-white.png?fit=622%2C622&ssl=1"},"sameAs":["http:\/\/www.fullo.net","https:\/\/www.linkedin.com\/in\/fullo","https:\/\/x.com\/fullo"],"url":"https:\/\/www.fullo.net\/blog\/author\/fullo\/"}]}},"jetpack_publicize_connections":[],"jetpack_featured_media_url":"","jetpack_sharing_enabled":true,"jetpack_shortlink":"https:\/\/wp.me\/p3OSc1-pr","jetpack_likes_enabled":true,"jetpack-related-posts":[{"id":347,"url":"https:\/\/www.fullo.net\/blog\/2003\/07\/13\/icone-aggratisse\/","url_meta":{"origin":1577,"position":0},"title":"icone aggratisse","author":"Francesco Fullone","date":"13\/07\/2003","format":false,"excerpt":"se avete bisogno di icone per i vostri script ecco il posto che fa per voi: stockicons.com: The Iconfactory is pleased to announce a new service that brings you professional-quality, royalty-free icons at affordable prices. Our icon collections are specially designed to be used in a variety of commercial works,\u2026","rel":"","context":"In &quot;tecnologia&quot;","block_context":{"text":"tecnologia","link":"https:\/\/www.fullo.net\/blog\/category\/tecnologia\/"},"img":{"alt_text":"","src":"","width":0,"height":0},"classes":[]},{"id":2212,"url":"https:\/\/www.fullo.net\/blog\/2007\/02\/10\/ingrandire-le-icone-con-gnome\/","url_meta":{"origin":1577,"position":1},"title":"Ingrandire le icone con Gnome","author":"Francesco Fullone","date":"10\/02\/2007","format":false,"excerpt":"Passando dal vecchio 19'' al nuovo fiammante 20'' wide la risoluzione \u00e8 passata da 1280x1024 al fantasmagorico 1680x1050, il che mi ha creato qualche problema con siti scritti con font-size minuscolo. Ho quindi preso l'abitudine a fare un bel CTRL + ogniqualvolta la miopia bloccasse la lettura di un sito\u2026","rel":"","context":"In &quot;lifehack&quot;","block_context":{"text":"lifehack","link":"https:\/\/www.fullo.net\/blog\/category\/di-tutto-un-po\/lifehack\/"},"img":{"alt_text":"","src":"","width":0,"height":0},"classes":[]},{"id":2018,"url":"https:\/\/www.fullo.net\/blog\/2006\/07\/29\/activecollab-e-dreamhost\/","url_meta":{"origin":1577,"position":2},"title":"ActiveCollab e Dreamhost","author":"Francesco Fullone","date":"29\/07\/2006","format":false,"excerpt":"Dreamhost ha aggiunto alla lista dei programmi installabili direttamente da interfaccia web ActiveCollab, giovane concorrente di BaseCamp, ma che c'entra poco o nulla (per ora) con software come phpCollab. Siccome sono molto curioso, soprattutto riguardo alle metodologie GTD ed al Project Management, non ho resistito e l'ho installato al volo.\u2026","rel":"","context":"In &quot;open source&quot;","block_context":{"text":"open source","link":"https:\/\/www.fullo.net\/blog\/category\/tecnologia\/open-source\/"},"img":{"alt_text":"","src":"","width":0,"height":0},"classes":[]},{"id":2058,"url":"https:\/\/www.fullo.net\/blog\/2006\/09\/20\/abomini-necessari-ie-su-fedora-core-5\/","url_meta":{"origin":1577,"position":3},"title":"Abomini necessari&#8230; IE su Fedora Core 5","author":"Francesco Fullone","date":"20\/09\/2006","format":false,"excerpt":"Siccome tra gli 80 circa smanettoni presenti nella mia contact list di Gaim sono ben pochi quelli che hanno Windows, ed ancora meno quelli che usano IE, mi diventa problematico quando bisogna testare layout, javascript e \"cose\" web oriented su pi\u00f9 piattaforme. Pertanto oggi mi sono deciso ed ho installato\u2026","rel":"","context":"In &quot;linux&quot;","block_context":{"text":"linux","link":"https:\/\/www.fullo.net\/blog\/category\/tecnologia\/linux\/"},"img":{"alt_text":"Internet Explorer e Fedora 5","src":"https:\/\/i0.wp.com\/static.flickr.com\/88\/248248661_b30ab5dbbf_t.jpg?resize=350%2C200","width":350,"height":200},"classes":[]},{"id":2966,"url":"https:\/\/www.fullo.net\/blog\/2012\/03\/02\/3-giorni-3-talk-1500km\/","url_meta":{"origin":1577,"position":4},"title":"3 giorni, 3 talk, 1500Km","author":"Francesco Fullone","date":"02\/03\/2012","format":false,"excerpt":"Era da un anneto abbondante che non mi capitava di fare una tourn\u00e8 su tutto il territorio italiano con talk che spaziano da html5 fino al lean, ed invece pare proprio che met\u00e0-fine Marzo sar\u00e0 un periodo molto impegnativo a riguardo. Si inizia il 21 marzo con il php.to.start a\u2026","rel":"","context":"In &quot;lifehack&quot;","block_context":{"text":"lifehack","link":"https:\/\/www.fullo.net\/blog\/category\/di-tutto-un-po\/lifehack\/"},"img":{"alt_text":"","src":"","width":0,"height":0},"classes":[]},{"id":2223,"url":"https:\/\/www.fullo.net\/blog\/2007\/02\/23\/il-web-che-cambia\/","url_meta":{"origin":1577,"position":5},"title":"Il web che cambia","author":"Francesco Fullone","date":"23\/02\/2007","format":false,"excerpt":"Mi sono accorto che pi\u00f9 passa il tempo e pi\u00f9 divento cattivo e scassacollioni.. \/\/blogo e dada Il 30% di Blogo \u00e8 finito nelle mani della Rana Pazza. Dada fa parte del gruppo RCS ed ha iniziato a investire pesantemente sul mondo del blogging partendo da Splinder qualche mese fa.\u2026","rel":"","context":"In &quot;pensieri&quot;","block_context":{"text":"pensieri","link":"https:\/\/www.fullo.net\/blog\/category\/pensieri\/"},"img":{"alt_text":"","src":"","width":0,"height":0},"classes":[]}],"_links":{"self":[{"href":"https:\/\/www.fullo.net\/blog\/wp-json\/wp\/v2\/posts\/1577","targetHints":{"allow":["GET"]}}],"collection":[{"href":"https:\/\/www.fullo.net\/blog\/wp-json\/wp\/v2\/posts"}],"about":[{"href":"https:\/\/www.fullo.net\/blog\/wp-json\/wp\/v2\/types\/post"}],"author":[{"embeddable":true,"href":"https:\/\/www.fullo.net\/blog\/wp-json\/wp\/v2\/users\/1"}],"replies":[{"embeddable":true,"href":"https:\/\/www.fullo.net\/blog\/wp-json\/wp\/v2\/comments?post=1577"}],"version-history":[{"count":0,"href":"https:\/\/www.fullo.net\/blog\/wp-json\/wp\/v2\/posts\/1577\/revisions"}],"wp:attachment":[{"href":"https:\/\/www.fullo.net\/blog\/wp-json\/wp\/v2\/media?parent=1577"}],"wp:term":[{"taxonomy":"category","embeddable":true,"href":"https:\/\/www.fullo.net\/blog\/wp-json\/wp\/v2\/categories?post=1577"},{"taxonomy":"post_tag","embeddable":true,"href":"https:\/\/www.fullo.net\/blog\/wp-json\/wp\/v2\/tags?post=1577"}],"curies":[{"name":"wp","href":"https:\/\/api.w.org\/{rel}","templated":true}]}}