{"id":1778,"date":"2005-11-23T17:36:03","date_gmt":"2005-11-23T15:36:03","guid":{"rendered":"https:\/\/www.fullo.net\/blog\/archives\/2005\/11\/23\/porta-della-cucina\/"},"modified":"2006-05-14T17:33:47","modified_gmt":"2006-05-14T15:33:47","slug":"porta-della-cucina","status":"publish","type":"post","link":"https:\/\/www.fullo.net\/blog\/2005\/11\/23\/porta-della-cucina\/","title":{"rendered":"Porta della cucina"},"content":{"rendered":"<p><a href=\"http:\/\/www.flickr.com\/photos\/fullo\/tags\/casa\/\" title=\"Photo Sharing\"><img data-recalc-dims=\"1\" loading=\"lazy\" decoding=\"async\" src=\"https:\/\/i0.wp.com\/static.flickr.com\/25\/66197200_dc4d92a05c_m.jpg?resize=240%2C225\" width=\"240\" height=\"225\" alt=\"la porta della cucina (2)\" class=\"immagine\"\/><\/a> La mia bellissima porta scorrevole della cucina! L&#8217;idea \u00e8 di Strada, mentre l&#8217;opera artistica di mia madre&#8230; Ne vado fierissimo! :)<\/p>\n<p>ciuaz <\/p>\n","protected":false},"excerpt":{"rendered":"<p>La mia bellissima porta scorrevole della cucina! L&#8217;idea \u00e8 di Strada, mentre l&#8217;opera artistica di mia madre&#8230; Ne vado fierissimo! :) ciuaz<\/p>\n","protected":false},"author":1,"featured_media":0,"comment_status":"open","ping_status":"open","sticky":false,"template":"","format":"standard","meta":{"jetpack_post_was_ever_published":false,"_jetpack_newsletter_access":"","_jetpack_dont_email_post_to_subs":false,"_jetpack_newsletter_tier_id":0,"_jetpack_memberships_contains_paywalled_content":false,"_jetpack_memberships_contains_paid_content":false,"footnotes":"","jetpack_publicize_message":"","jetpack_publicize_feature_enabled":true,"jetpack_social_post_already_shared":false,"jetpack_social_options":{"image_generator_settings":{"template":"highway","default_image_id":0,"font":"","enabled":false},"version":2}},"categories":[1,18],"tags":[877,765,878,879,880],"class_list":["post-1778","post","type-post","status-publish","format-standard","hentry","category-di-tutto-un-po","category-foto","tag-arredamento","tag-casa","tag-cucina","tag-mobili","tag-porta"],"yoast_head":"<!-- This site is optimized with the Yoast SEO plugin v27.5 - https:\/\/yoast.com\/product\/yoast-seo-wordpress\/ -->\n<title>Porta della cucina - Fullo<\/title>\n<meta name=\"robots\" content=\"index, follow, max-snippet:-1, max-image-preview:large, max-video-preview:-1\" \/>\n<link rel=\"canonical\" href=\"https:\/\/www.fullo.net\/blog\/2005\/11\/23\/porta-della-cucina\/\" \/>\n<meta property=\"og:locale\" content=\"en_US\" \/>\n<meta property=\"og:type\" content=\"article\" \/>\n<meta property=\"og:title\" content=\"Porta della cucina - Fullo\" \/>\n<meta property=\"og:description\" content=\"La mia bellissima porta scorrevole della cucina! L&#8217;idea \u00e8 di Strada, mentre l&#8217;opera artistica di mia madre&#8230; Ne vado fierissimo! :) ciuaz\" \/>\n<meta property=\"og:url\" content=\"https:\/\/www.fullo.net\/blog\/2005\/11\/23\/porta-della-cucina\/\" \/>\n<meta property=\"og:site_name\" content=\"Fullo\" \/>\n<meta property=\"article:published_time\" content=\"2005-11-23T15:36:03+00:00\" \/>\n<meta property=\"article:modified_time\" content=\"2006-05-14T15:33:47+00:00\" \/>\n<meta property=\"og:image\" content=\"http:\/\/static.flickr.com\/25\/66197200_dc4d92a05c_m.jpg\" \/>\n<meta name=\"author\" content=\"Francesco Fullone\" \/>\n<meta name=\"twitter:card\" content=\"summary_large_image\" \/>\n<meta name=\"twitter:creator\" content=\"@fullo\" \/>\n<meta name=\"twitter:site\" content=\"@fullo\" \/>\n<meta name=\"twitter:label1\" content=\"Written by\" \/>\n\t<meta name=\"twitter:data1\" content=\"Francesco Fullone\" \/>\n<script type=\"application\/ld+json\" class=\"yoast-schema-graph\">{\"@context\":\"https:\\\/\\\/schema.org\",\"@graph\":[{\"@type\":\"Article\",\"@id\":\"https:\\\/\\\/www.fullo.net\\\/blog\\\/2005\\\/11\\\/23\\\/porta-della-cucina\\\/#article\",\"isPartOf\":{\"@id\":\"https:\\\/\\\/www.fullo.net\\\/blog\\\/2005\\\/11\\\/23\\\/porta-della-cucina\\\/\"},\"author\":{\"name\":\"Francesco Fullone\",\"@id\":\"https:\\\/\\\/www.fullo.net\\\/blog\\\/#\\\/schema\\\/person\\\/24e91bc6caea6c411a8668df5639428c\"},\"headline\":\"Porta della cucina\",\"datePublished\":\"2005-11-23T15:36:03+00:00\",\"dateModified\":\"2006-05-14T15:33:47+00:00\",\"mainEntityOfPage\":{\"@id\":\"https:\\\/\\\/www.fullo.net\\\/blog\\\/2005\\\/11\\\/23\\\/porta-della-cucina\\\/\"},\"wordCount\":25,\"commentCount\":9,\"publisher\":{\"@id\":\"https:\\\/\\\/www.fullo.net\\\/blog\\\/#\\\/schema\\\/person\\\/24e91bc6caea6c411a8668df5639428c\"},\"image\":{\"@id\":\"https:\\\/\\\/www.fullo.net\\\/blog\\\/2005\\\/11\\\/23\\\/porta-della-cucina\\\/#primaryimage\"},\"thumbnailUrl\":\"http:\\\/\\\/static.flickr.com\\\/25\\\/66197200_dc4d92a05c_m.jpg\",\"keywords\":[\"arredamento\",\"casa\",\"cucina\",\"mobili\",\"porta\"],\"articleSection\":[\"di tutto un po'\",\"foto\"],\"inLanguage\":\"en-US\",\"potentialAction\":[{\"@type\":\"CommentAction\",\"name\":\"Comment\",\"target\":[\"https:\\\/\\\/www.fullo.net\\\/blog\\\/2005\\\/11\\\/23\\\/porta-della-cucina\\\/#respond\"]}]},{\"@type\":\"WebPage\",\"@id\":\"https:\\\/\\\/www.fullo.net\\\/blog\\\/2005\\\/11\\\/23\\\/porta-della-cucina\\\/\",\"url\":\"https:\\\/\\\/www.fullo.net\\\/blog\\\/2005\\\/11\\\/23\\\/porta-della-cucina\\\/\",\"name\":\"Porta della cucina - Fullo\",\"isPartOf\":{\"@id\":\"https:\\\/\\\/www.fullo.net\\\/blog\\\/#website\"},\"primaryImageOfPage\":{\"@id\":\"https:\\\/\\\/www.fullo.net\\\/blog\\\/2005\\\/11\\\/23\\\/porta-della-cucina\\\/#primaryimage\"},\"image\":{\"@id\":\"https:\\\/\\\/www.fullo.net\\\/blog\\\/2005\\\/11\\\/23\\\/porta-della-cucina\\\/#primaryimage\"},\"thumbnailUrl\":\"http:\\\/\\\/static.flickr.com\\\/25\\\/66197200_dc4d92a05c_m.jpg\",\"datePublished\":\"2005-11-23T15:36:03+00:00\",\"dateModified\":\"2006-05-14T15:33:47+00:00\",\"breadcrumb\":{\"@id\":\"https:\\\/\\\/www.fullo.net\\\/blog\\\/2005\\\/11\\\/23\\\/porta-della-cucina\\\/#breadcrumb\"},\"inLanguage\":\"en-US\",\"potentialAction\":[{\"@type\":\"ReadAction\",\"target\":[\"https:\\\/\\\/www.fullo.net\\\/blog\\\/2005\\\/11\\\/23\\\/porta-della-cucina\\\/\"]}]},{\"@type\":\"ImageObject\",\"inLanguage\":\"en-US\",\"@id\":\"https:\\\/\\\/www.fullo.net\\\/blog\\\/2005\\\/11\\\/23\\\/porta-della-cucina\\\/#primaryimage\",\"url\":\"http:\\\/\\\/static.flickr.com\\\/25\\\/66197200_dc4d92a05c_m.jpg\",\"contentUrl\":\"http:\\\/\\\/static.flickr.com\\\/25\\\/66197200_dc4d92a05c_m.jpg\"},{\"@type\":\"BreadcrumbList\",\"@id\":\"https:\\\/\\\/www.fullo.net\\\/blog\\\/2005\\\/11\\\/23\\\/porta-della-cucina\\\/#breadcrumb\",\"itemListElement\":[{\"@type\":\"ListItem\",\"position\":1,\"name\":\"Home\",\"item\":\"https:\\\/\\\/www.fullo.net\\\/blog\\\/\"},{\"@type\":\"ListItem\",\"position\":2,\"name\":\"Porta della cucina\"}]},{\"@type\":\"WebSite\",\"@id\":\"https:\\\/\\\/www.fullo.net\\\/blog\\\/#website\",\"url\":\"https:\\\/\\\/www.fullo.net\\\/blog\\\/\",\"name\":\"Fullo\",\"description\":\"nulla e&#039; impossibile per chi non lo deve fare!\",\"publisher\":{\"@id\":\"https:\\\/\\\/www.fullo.net\\\/blog\\\/#\\\/schema\\\/person\\\/24e91bc6caea6c411a8668df5639428c\"},\"potentialAction\":[{\"@type\":\"SearchAction\",\"target\":{\"@type\":\"EntryPoint\",\"urlTemplate\":\"https:\\\/\\\/www.fullo.net\\\/blog\\\/?s={search_term_string}\"},\"query-input\":{\"@type\":\"PropertyValueSpecification\",\"valueRequired\":true,\"valueName\":\"search_term_string\"}}],\"inLanguage\":\"en-US\"},{\"@type\":[\"Person\",\"Organization\"],\"@id\":\"https:\\\/\\\/www.fullo.net\\\/blog\\\/#\\\/schema\\\/person\\\/24e91bc6caea6c411a8668df5639428c\",\"name\":\"Francesco Fullone\",\"image\":{\"@type\":\"ImageObject\",\"inLanguage\":\"en-US\",\"@id\":\"https:\\\/\\\/i0.wp.com\\\/www.fullo.net\\\/blog\\\/wp-content\\\/uploads\\\/2024\\\/10\\\/hawiaina-gold-circled-white.png?fit=622%2C622&ssl=1\",\"url\":\"https:\\\/\\\/i0.wp.com\\\/www.fullo.net\\\/blog\\\/wp-content\\\/uploads\\\/2024\\\/10\\\/hawiaina-gold-circled-white.png?fit=622%2C622&ssl=1\",\"contentUrl\":\"https:\\\/\\\/i0.wp.com\\\/www.fullo.net\\\/blog\\\/wp-content\\\/uploads\\\/2024\\\/10\\\/hawiaina-gold-circled-white.png?fit=622%2C622&ssl=1\",\"width\":622,\"height\":622,\"caption\":\"Francesco Fullone\"},\"logo\":{\"@id\":\"https:\\\/\\\/i0.wp.com\\\/www.fullo.net\\\/blog\\\/wp-content\\\/uploads\\\/2024\\\/10\\\/hawiaina-gold-circled-white.png?fit=622%2C622&ssl=1\"},\"sameAs\":[\"http:\\\/\\\/www.fullo.net\",\"https:\\\/\\\/www.linkedin.com\\\/in\\\/fullo\",\"https:\\\/\\\/x.com\\\/fullo\"],\"url\":\"https:\\\/\\\/www.fullo.net\\\/blog\\\/author\\\/fullo\\\/\"}]}<\/script>\n<!-- \/ Yoast SEO plugin. -->","yoast_head_json":{"title":"Porta della cucina - Fullo","robots":{"index":"index","follow":"follow","max-snippet":"max-snippet:-1","max-image-preview":"max-image-preview:large","max-video-preview":"max-video-preview:-1"},"canonical":"https:\/\/www.fullo.net\/blog\/2005\/11\/23\/porta-della-cucina\/","og_locale":"en_US","og_type":"article","og_title":"Porta della cucina - Fullo","og_description":"La mia bellissima porta scorrevole della cucina! L&#8217;idea \u00e8 di Strada, mentre l&#8217;opera artistica di mia madre&#8230; Ne vado fierissimo! :) ciuaz","og_url":"https:\/\/www.fullo.net\/blog\/2005\/11\/23\/porta-della-cucina\/","og_site_name":"Fullo","article_published_time":"2005-11-23T15:36:03+00:00","article_modified_time":"2006-05-14T15:33:47+00:00","og_image":[{"url":"http:\/\/static.flickr.com\/25\/66197200_dc4d92a05c_m.jpg","type":"","width":"","height":""}],"author":"Francesco Fullone","twitter_card":"summary_large_image","twitter_creator":"@fullo","twitter_site":"@fullo","twitter_misc":{"Written by":"Francesco Fullone"},"schema":{"@context":"https:\/\/schema.org","@graph":[{"@type":"Article","@id":"https:\/\/www.fullo.net\/blog\/2005\/11\/23\/porta-della-cucina\/#article","isPartOf":{"@id":"https:\/\/www.fullo.net\/blog\/2005\/11\/23\/porta-della-cucina\/"},"author":{"name":"Francesco Fullone","@id":"https:\/\/www.fullo.net\/blog\/#\/schema\/person\/24e91bc6caea6c411a8668df5639428c"},"headline":"Porta della cucina","datePublished":"2005-11-23T15:36:03+00:00","dateModified":"2006-05-14T15:33:47+00:00","mainEntityOfPage":{"@id":"https:\/\/www.fullo.net\/blog\/2005\/11\/23\/porta-della-cucina\/"},"wordCount":25,"commentCount":9,"publisher":{"@id":"https:\/\/www.fullo.net\/blog\/#\/schema\/person\/24e91bc6caea6c411a8668df5639428c"},"image":{"@id":"https:\/\/www.fullo.net\/blog\/2005\/11\/23\/porta-della-cucina\/#primaryimage"},"thumbnailUrl":"http:\/\/static.flickr.com\/25\/66197200_dc4d92a05c_m.jpg","keywords":["arredamento","casa","cucina","mobili","porta"],"articleSection":["di tutto un po'","foto"],"inLanguage":"en-US","potentialAction":[{"@type":"CommentAction","name":"Comment","target":["https:\/\/www.fullo.net\/blog\/2005\/11\/23\/porta-della-cucina\/#respond"]}]},{"@type":"WebPage","@id":"https:\/\/www.fullo.net\/blog\/2005\/11\/23\/porta-della-cucina\/","url":"https:\/\/www.fullo.net\/blog\/2005\/11\/23\/porta-della-cucina\/","name":"Porta della cucina - Fullo","isPartOf":{"@id":"https:\/\/www.fullo.net\/blog\/#website"},"primaryImageOfPage":{"@id":"https:\/\/www.fullo.net\/blog\/2005\/11\/23\/porta-della-cucina\/#primaryimage"},"image":{"@id":"https:\/\/www.fullo.net\/blog\/2005\/11\/23\/porta-della-cucina\/#primaryimage"},"thumbnailUrl":"http:\/\/static.flickr.com\/25\/66197200_dc4d92a05c_m.jpg","datePublished":"2005-11-23T15:36:03+00:00","dateModified":"2006-05-14T15:33:47+00:00","breadcrumb":{"@id":"https:\/\/www.fullo.net\/blog\/2005\/11\/23\/porta-della-cucina\/#breadcrumb"},"inLanguage":"en-US","potentialAction":[{"@type":"ReadAction","target":["https:\/\/www.fullo.net\/blog\/2005\/11\/23\/porta-della-cucina\/"]}]},{"@type":"ImageObject","inLanguage":"en-US","@id":"https:\/\/www.fullo.net\/blog\/2005\/11\/23\/porta-della-cucina\/#primaryimage","url":"http:\/\/static.flickr.com\/25\/66197200_dc4d92a05c_m.jpg","contentUrl":"http:\/\/static.flickr.com\/25\/66197200_dc4d92a05c_m.jpg"},{"@type":"BreadcrumbList","@id":"https:\/\/www.fullo.net\/blog\/2005\/11\/23\/porta-della-cucina\/#breadcrumb","itemListElement":[{"@type":"ListItem","position":1,"name":"Home","item":"https:\/\/www.fullo.net\/blog\/"},{"@type":"ListItem","position":2,"name":"Porta della cucina"}]},{"@type":"WebSite","@id":"https:\/\/www.fullo.net\/blog\/#website","url":"https:\/\/www.fullo.net\/blog\/","name":"Fullo","description":"nulla e&#039; impossibile per chi non lo deve fare!","publisher":{"@id":"https:\/\/www.fullo.net\/blog\/#\/schema\/person\/24e91bc6caea6c411a8668df5639428c"},"potentialAction":[{"@type":"SearchAction","target":{"@type":"EntryPoint","urlTemplate":"https:\/\/www.fullo.net\/blog\/?s={search_term_string}"},"query-input":{"@type":"PropertyValueSpecification","valueRequired":true,"valueName":"search_term_string"}}],"inLanguage":"en-US"},{"@type":["Person","Organization"],"@id":"https:\/\/www.fullo.net\/blog\/#\/schema\/person\/24e91bc6caea6c411a8668df5639428c","name":"Francesco Fullone","image":{"@type":"ImageObject","inLanguage":"en-US","@id":"https:\/\/i0.wp.com\/www.fullo.net\/blog\/wp-content\/uploads\/2024\/10\/hawiaina-gold-circled-white.png?fit=622%2C622&ssl=1","url":"https:\/\/i0.wp.com\/www.fullo.net\/blog\/wp-content\/uploads\/2024\/10\/hawiaina-gold-circled-white.png?fit=622%2C622&ssl=1","contentUrl":"https:\/\/i0.wp.com\/www.fullo.net\/blog\/wp-content\/uploads\/2024\/10\/hawiaina-gold-circled-white.png?fit=622%2C622&ssl=1","width":622,"height":622,"caption":"Francesco Fullone"},"logo":{"@id":"https:\/\/i0.wp.com\/www.fullo.net\/blog\/wp-content\/uploads\/2024\/10\/hawiaina-gold-circled-white.png?fit=622%2C622&ssl=1"},"sameAs":["http:\/\/www.fullo.net","https:\/\/www.linkedin.com\/in\/fullo","https:\/\/x.com\/fullo"],"url":"https:\/\/www.fullo.net\/blog\/author\/fullo\/"}]}},"jetpack_publicize_connections":[],"jetpack_featured_media_url":"","jetpack_sharing_enabled":true,"jetpack_shortlink":"https:\/\/wp.me\/p3OSc1-sG","jetpack_likes_enabled":true,"jetpack-related-posts":[{"id":2172,"url":"https:\/\/www.fullo.net\/blog\/2007\/01\/03\/patate-mpacchiuse\/","url_meta":{"origin":1778,"position":0},"title":"Patate &#8216;mpacchiuse","author":"Francesco Fullone","date":"03\/01\/2007","format":false,"excerpt":"Mio padre mi ha passato ieri la ricetta delle patate 'mpacchiuse, piatto tipico di Cosenza e della cucina di casa mia. Rispetto alla versione pubblicata sul forum il sottoscritto di solito aggiunge striscioline di pancetta fresca, cipolla rossa (di Tropea) e di peperoni ogni 2\/3 strati di patate. Un piatto\u2026","rel":"","context":"In &quot;lifehack&quot;","block_context":{"text":"lifehack","link":"https:\/\/www.fullo.net\/blog\/category\/di-tutto-un-po\/lifehack\/"},"img":{"alt_text":"","src":"","width":0,"height":0},"classes":[]},{"id":1507,"url":"https:\/\/www.fullo.net\/blog\/2005\/07\/07\/evectors-porta-typepad-in-italia\/","url_meta":{"origin":1778,"position":1},"title":"Evectors porta TypePad in italia","author":"Francesco Fullone","date":"07\/07\/2005","format":false,"excerpt":"copio\/incollo il post di Paolo riguardo all'evento: Con l'annuncio di Lo\u00efc \u00e8 ufficiale: si apre TypePad in italiano (come molti avevano gi\u00e0 intuito). E' stato un lavoro molto pi\u00f9 lungo e complicato del previsto ed \u00e8 tutt'altro che finito: le traduzioni sono ancora da rifinire e le nuove funzioni di\u2026","rel":"","context":"In &quot;di tutto un po'&quot;","block_context":{"text":"di tutto un po'","link":"https:\/\/www.fullo.net\/blog\/category\/di-tutto-un-po\/"},"img":{"alt_text":"","src":"","width":0,"height":0},"classes":[]},{"id":71,"url":"https:\/\/www.fullo.net\/blog\/2002\/12\/30\/smentisco-tutto\/","url_meta":{"origin":1778,"position":2},"title":"smentisco tutto&#8230;","author":"Francesco Fullone","date":"30\/12\/2002","format":false,"excerpt":"Non \u00e8 stato un regalo di telecom.. ma di windows XP.. che ha deciso (una volta installata la scheda di rete) di abilitare il gateway per la condivisione internet senza il mio permesso!!! Risultato: la porta 80 bloccata! Per mia fortuna in un momento di sclero pi\u00f9 assoluto ho iniziato\u2026","rel":"","context":"In &quot;di tutto un po'&quot;","block_context":{"text":"di tutto un po'","link":"https:\/\/www.fullo.net\/blog\/category\/di-tutto-un-po\/"},"img":{"alt_text":"","src":"","width":0,"height":0},"classes":[]},{"id":1215,"url":"https:\/\/www.fullo.net\/blog\/2005\/01\/16\/uomonero-cambia-casa\/","url_meta":{"origin":1778,"position":3},"title":"uomonero cambia casa&#8230;","author":"Francesco Fullone","date":"16\/01\/2005","format":false,"excerpt":"...e affitta la vecchia, questa volta si parla per\u00f2 di quella IRW. Troverete l'annuncio completo sul suo blog. Milano in zona P.zza Frattini, Appartamento mq.80, piano 6, arredato, salone (oppure camera da letto), camera da letto, bagno, cucina abitabile, libero 1\u00b0 febbraio, riscaldamento centralizzato, Euro 800,00 spese comprese ciuaz","rel":"","context":"In &quot;di tutto un po'&quot;","block_context":{"text":"di tutto un po'","link":"https:\/\/www.fullo.net\/blog\/category\/di-tutto-un-po\/"},"img":{"alt_text":"","src":"","width":0,"height":0},"classes":[]},{"id":1803,"url":"https:\/\/www.fullo.net\/blog\/2005\/12\/07\/nas-casalinghi\/","url_meta":{"origin":1778,"position":4},"title":"NAS casalinghi","author":"Francesco Fullone","date":"07\/12\/2005","format":false,"excerpt":"Sta crescendo a dismisura l'offerta di NAS per uso casalingo, ne elencher\u00f2 qualcuna giusto per soddisfare la curiosit\u00e0 dei geek pi\u00f9 incalliti: Thecus NA4100 - NAS puro SATA con RAID 0,1 e 5 Yellow Machine, blackbox NAS con firewall, gateway e proxy Snap Server - diversi modelli per tutte le\u2026","rel":"","context":"In &quot;sysadmin&quot;","block_context":{"text":"sysadmin","link":"https:\/\/www.fullo.net\/blog\/category\/tecnologia\/amministrazione-di-sistema\/"},"img":{"alt_text":"","src":"","width":0,"height":0},"classes":[]},{"id":70,"url":"https:\/\/www.fullo.net\/blog\/2002\/12\/25\/telecom-ha-fatto-il-regalo-di-natale\/","url_meta":{"origin":1778,"position":5},"title":"telecom ha fatto il regalo di natale?","author":"Francesco Fullone","date":"25\/12\/2002","format":false,"excerpt":"Penso che telecom abbia bloccato la porta 80 sulle conessioni di Alice... casualmente riesco a far accedere chiunque da qualsiasi porta che non sia la 80! Che sia la morte del mio blog? :( ciuaz","rel":"","context":"In &quot;di tutto un po'&quot;","block_context":{"text":"di tutto un po'","link":"https:\/\/www.fullo.net\/blog\/category\/di-tutto-un-po\/"},"img":{"alt_text":"","src":"","width":0,"height":0},"classes":[]}],"_links":{"self":[{"href":"https:\/\/www.fullo.net\/blog\/wp-json\/wp\/v2\/posts\/1778","targetHints":{"allow":["GET"]}}],"collection":[{"href":"https:\/\/www.fullo.net\/blog\/wp-json\/wp\/v2\/posts"}],"about":[{"href":"https:\/\/www.fullo.net\/blog\/wp-json\/wp\/v2\/types\/post"}],"author":[{"embeddable":true,"href":"https:\/\/www.fullo.net\/blog\/wp-json\/wp\/v2\/users\/1"}],"replies":[{"embeddable":true,"href":"https:\/\/www.fullo.net\/blog\/wp-json\/wp\/v2\/comments?post=1778"}],"version-history":[{"count":0,"href":"https:\/\/www.fullo.net\/blog\/wp-json\/wp\/v2\/posts\/1778\/revisions"}],"wp:attachment":[{"href":"https:\/\/www.fullo.net\/blog\/wp-json\/wp\/v2\/media?parent=1778"}],"wp:term":[{"taxonomy":"category","embeddable":true,"href":"https:\/\/www.fullo.net\/blog\/wp-json\/wp\/v2\/categories?post=1778"},{"taxonomy":"post_tag","embeddable":true,"href":"https:\/\/www.fullo.net\/blog\/wp-json\/wp\/v2\/tags?post=1778"}],"curies":[{"name":"wp","href":"https:\/\/api.w.org\/{rel}","templated":true}]}}