{"id":1904,"date":"2006-03-17T11:51:37","date_gmt":"2006-03-17T09:51:37","guid":{"rendered":"https:\/\/www.fullo.net\/blog\/archives\/2006\/03\/17\/dublino\/"},"modified":"2006-05-14T17:43:41","modified_gmt":"2006-05-14T15:43:41","slug":"dublino","status":"publish","type":"post","link":"https:\/\/www.fullo.net\/blog\/2006\/03\/17\/dublino\/","title":{"rendered":"Dublino"},"content":{"rendered":"<p>Se tutto sta andando per il meglio in questo preciso istante sto partendo per <a title=\"st. patrick day \" href=\"http:\/\/www.stpatricksday.ie\/cms\/home.html\">Dublino<\/a>. Per qualche giorno quindi nessun post, al massimo se siete curiosi andate di tanto in tanto sul <a title=\"fullo on flickr\" href=\"http:\/\/www.flickr.com\/photos\/fullo\">mio account di flickr<\/a>. Vuoi mai che faccia qualche scatto con il cellulare ;)<\/p>\n<p>a seguire alcune foto tratte da flickr<\/p>\n<p><!--more--><\/p>\n<p><a href=\"http:\/\/www.flickr.com\/photos\/fullo\/114568320\/\" title=\"Photo Sharing\"><img data-recalc-dims=\"1\" loading=\"lazy\" decoding=\"async\" src=\"https:\/\/i0.wp.com\/static.flickr.com\/56\/114568320_d38d9cbe1b_s.jpg?resize=75%2C75\" width=\"75\" height=\"75\" alt=\"Fabbrica del jameson\" \/><\/a> <a href=\"http:\/\/www.flickr.com\/photos\/fullo\/114241465\/\" title=\"Photo Sharing\"><img data-recalc-dims=\"1\" loading=\"lazy\" decoding=\"async\" src=\"https:\/\/i0.wp.com\/static.flickr.com\/39\/114241465_4375ae3cb1_s.jpg?resize=75%2C75\" width=\"75\" height=\"75\" alt=\"Gita al mare\" \/><\/a> <a href=\"http:\/\/www.flickr.com\/photos\/fullo\/114241488\/\" title=\"Photo Sharing\"><img data-recalc-dims=\"1\" loading=\"lazy\" decoding=\"async\" src=\"https:\/\/i0.wp.com\/static.flickr.com\/56\/114241488_486b8a2186_s.jpg?resize=75%2C75\" width=\"75\" height=\"75\" alt=\"Gita al mare\" \/><\/a> <a href=\"http:\/\/www.flickr.com\/photos\/fullo\/114085279\/\" title=\"Photo Sharing\"><img data-recalc-dims=\"1\" loading=\"lazy\" decoding=\"async\" src=\"https:\/\/i0.wp.com\/static.flickr.com\/45\/114085279_2b64033ad5_s.jpg?resize=75%2C75\" width=\"75\" height=\"75\" alt=\"A spasso x dublino\" \/><\/a> <a href=\"http:\/\/www.flickr.com\/photos\/fullo\/114085270\/\" title=\"Photo Sharing\"><img data-recalc-dims=\"1\" loading=\"lazy\" decoding=\"async\" src=\"https:\/\/i0.wp.com\/static.flickr.com\/19\/114085270_96ce1b8e32_s.jpg?resize=75%2C75\" width=\"75\" height=\"75\" alt=\"A spasso x dublino\" \/><\/a> <a href=\"http:\/\/www.flickr.com\/photos\/fullo\/114085266\/\" title=\"Photo Sharing\"><img data-recalc-dims=\"1\" loading=\"lazy\" decoding=\"async\" src=\"https:\/\/i0.wp.com\/static.flickr.com\/48\/114085266_7f7ebcf200_s.jpg?resize=75%2C75\" width=\"75\" height=\"75\" alt=\"A spasso x dublino\" \/><\/a> <a href=\"http:\/\/www.flickr.com\/photos\/fullo\/114058837\/\" title=\"Photo Sharing\"><img data-recalc-dims=\"1\" loading=\"lazy\" decoding=\"async\" src=\"https:\/\/i0.wp.com\/static.flickr.com\/53\/114058837_c0c1f60b16_s.jpg?resize=75%2C75\" width=\"75\" height=\"75\" alt=\"Colazione all'irlandese\" \/><\/a> <a href=\"http:\/\/www.flickr.com\/photos\/fullo\/113842014\/\" title=\"Photo Sharing\"><img data-recalc-dims=\"1\" loading=\"lazy\" decoding=\"async\" src=\"https:\/\/i0.wp.com\/static.flickr.com\/19\/113842014_48732c39c9_s.jpg?resize=75%2C75\" width=\"75\" height=\"75\" alt=\"Irish coffe\" \/><\/a> <a href=\"http:\/\/www.flickr.com\/photos\/fullo\/113816583\/\" title=\"Photo Sharing\"><img data-recalc-dims=\"1\" loading=\"lazy\" decoding=\"async\" src=\"https:\/\/i0.wp.com\/static.flickr.com\/53\/113816583_188030d74a_s.jpg?resize=75%2C75\" width=\"75\" height=\"75\" alt=\"Cena in centro\" \/><\/a><\/p>\n<p>Ciuaz<\/p>\n","protected":false},"excerpt":{"rendered":"<p>Se tutto sta andando per il meglio in questo preciso istante sto partendo per Dublino. Per qualche giorno quindi nessun post, al massimo se siete curiosi andate di tanto in tanto sul mio account di flickr. Vuoi mai che faccia qualche scatto con il cellulare ;) a seguire alcune foto tratte da flickr<\/p>\n","protected":false},"author":1,"featured_media":0,"comment_status":"open","ping_status":"open","sticky":false,"template":"","format":"standard","meta":{"jetpack_post_was_ever_published":false,"_jetpack_newsletter_access":"","_jetpack_dont_email_post_to_subs":false,"_jetpack_newsletter_tier_id":0,"_jetpack_memberships_contains_paywalled_content":false,"_jetpack_memberships_contains_paid_content":false,"footnotes":"","jetpack_publicize_message":"","jetpack_publicize_feature_enabled":true,"jetpack_social_post_already_shared":false,"jetpack_social_options":{"image_generator_settings":{"template":"highway","default_image_id":0,"font":"","enabled":false},"version":2}},"categories":[1,18],"tags":[90,1102,1103,1104,1105,1106,75],"class_list":["post-1904","post","type-post","status-publish","format-standard","hentry","category-di-tutto-un-po","category-foto","tag-birra","tag-dublino","tag-irlanda","tag-patrizio","tag-simone","tag-st-patrick","tag-viaggi"],"yoast_head":"<!-- This site is optimized with the Yoast SEO plugin v27.5 - https:\/\/yoast.com\/product\/yoast-seo-wordpress\/ -->\n<title>Dublino - Fullo<\/title>\n<meta name=\"robots\" content=\"index, follow, max-snippet:-1, max-image-preview:large, max-video-preview:-1\" \/>\n<link rel=\"canonical\" href=\"https:\/\/www.fullo.net\/blog\/2006\/03\/17\/dublino\/\" \/>\n<meta property=\"og:locale\" content=\"en_US\" \/>\n<meta property=\"og:type\" content=\"article\" \/>\n<meta property=\"og:title\" content=\"Dublino - Fullo\" \/>\n<meta property=\"og:description\" content=\"Se tutto sta andando per il meglio in questo preciso istante sto partendo per Dublino. Per qualche giorno quindi nessun post, al massimo se siete curiosi andate di tanto in tanto sul mio account di flickr. Vuoi mai che faccia qualche scatto con il cellulare ;) a seguire alcune foto tratte da flickr\" \/>\n<meta property=\"og:url\" content=\"https:\/\/www.fullo.net\/blog\/2006\/03\/17\/dublino\/\" \/>\n<meta property=\"og:site_name\" content=\"Fullo\" \/>\n<meta property=\"article:published_time\" content=\"2006-03-17T09:51:37+00:00\" \/>\n<meta property=\"article:modified_time\" content=\"2006-05-14T15:43:41+00:00\" \/>\n<meta property=\"og:image\" content=\"http:\/\/static.flickr.com\/56\/114568320_d38d9cbe1b_s.jpg\" \/>\n<meta name=\"author\" content=\"Francesco Fullone\" \/>\n<meta name=\"twitter:card\" content=\"summary_large_image\" \/>\n<meta name=\"twitter:creator\" content=\"@fullo\" \/>\n<meta name=\"twitter:site\" content=\"@fullo\" \/>\n<meta name=\"twitter:label1\" content=\"Written by\" \/>\n\t<meta name=\"twitter:data1\" content=\"Francesco Fullone\" \/>\n<script type=\"application\/ld+json\" class=\"yoast-schema-graph\">{\"@context\":\"https:\\\/\\\/schema.org\",\"@graph\":[{\"@type\":\"Article\",\"@id\":\"https:\\\/\\\/www.fullo.net\\\/blog\\\/2006\\\/03\\\/17\\\/dublino\\\/#article\",\"isPartOf\":{\"@id\":\"https:\\\/\\\/www.fullo.net\\\/blog\\\/2006\\\/03\\\/17\\\/dublino\\\/\"},\"author\":{\"name\":\"Francesco Fullone\",\"@id\":\"https:\\\/\\\/www.fullo.net\\\/blog\\\/#\\\/schema\\\/person\\\/24e91bc6caea6c411a8668df5639428c\"},\"headline\":\"Dublino\",\"datePublished\":\"2006-03-17T09:51:37+00:00\",\"dateModified\":\"2006-05-14T15:43:41+00:00\",\"mainEntityOfPage\":{\"@id\":\"https:\\\/\\\/www.fullo.net\\\/blog\\\/2006\\\/03\\\/17\\\/dublino\\\/\"},\"wordCount\":54,\"commentCount\":4,\"publisher\":{\"@id\":\"https:\\\/\\\/www.fullo.net\\\/blog\\\/#\\\/schema\\\/person\\\/24e91bc6caea6c411a8668df5639428c\"},\"image\":{\"@id\":\"https:\\\/\\\/www.fullo.net\\\/blog\\\/2006\\\/03\\\/17\\\/dublino\\\/#primaryimage\"},\"thumbnailUrl\":\"http:\\\/\\\/static.flickr.com\\\/56\\\/114568320_d38d9cbe1b_s.jpg\",\"keywords\":[\"birra\",\"dublino\",\"irlanda\",\"patrizio\",\"simone\",\"st. patrick\",\"viaggi\"],\"articleSection\":[\"di tutto un po'\",\"foto\"],\"inLanguage\":\"en-US\",\"potentialAction\":[{\"@type\":\"CommentAction\",\"name\":\"Comment\",\"target\":[\"https:\\\/\\\/www.fullo.net\\\/blog\\\/2006\\\/03\\\/17\\\/dublino\\\/#respond\"]}]},{\"@type\":\"WebPage\",\"@id\":\"https:\\\/\\\/www.fullo.net\\\/blog\\\/2006\\\/03\\\/17\\\/dublino\\\/\",\"url\":\"https:\\\/\\\/www.fullo.net\\\/blog\\\/2006\\\/03\\\/17\\\/dublino\\\/\",\"name\":\"Dublino - Fullo\",\"isPartOf\":{\"@id\":\"https:\\\/\\\/www.fullo.net\\\/blog\\\/#website\"},\"primaryImageOfPage\":{\"@id\":\"https:\\\/\\\/www.fullo.net\\\/blog\\\/2006\\\/03\\\/17\\\/dublino\\\/#primaryimage\"},\"image\":{\"@id\":\"https:\\\/\\\/www.fullo.net\\\/blog\\\/2006\\\/03\\\/17\\\/dublino\\\/#primaryimage\"},\"thumbnailUrl\":\"http:\\\/\\\/static.flickr.com\\\/56\\\/114568320_d38d9cbe1b_s.jpg\",\"datePublished\":\"2006-03-17T09:51:37+00:00\",\"dateModified\":\"2006-05-14T15:43:41+00:00\",\"breadcrumb\":{\"@id\":\"https:\\\/\\\/www.fullo.net\\\/blog\\\/2006\\\/03\\\/17\\\/dublino\\\/#breadcrumb\"},\"inLanguage\":\"en-US\",\"potentialAction\":[{\"@type\":\"ReadAction\",\"target\":[\"https:\\\/\\\/www.fullo.net\\\/blog\\\/2006\\\/03\\\/17\\\/dublino\\\/\"]}]},{\"@type\":\"ImageObject\",\"inLanguage\":\"en-US\",\"@id\":\"https:\\\/\\\/www.fullo.net\\\/blog\\\/2006\\\/03\\\/17\\\/dublino\\\/#primaryimage\",\"url\":\"http:\\\/\\\/static.flickr.com\\\/56\\\/114568320_d38d9cbe1b_s.jpg\",\"contentUrl\":\"http:\\\/\\\/static.flickr.com\\\/56\\\/114568320_d38d9cbe1b_s.jpg\"},{\"@type\":\"BreadcrumbList\",\"@id\":\"https:\\\/\\\/www.fullo.net\\\/blog\\\/2006\\\/03\\\/17\\\/dublino\\\/#breadcrumb\",\"itemListElement\":[{\"@type\":\"ListItem\",\"position\":1,\"name\":\"Home\",\"item\":\"https:\\\/\\\/www.fullo.net\\\/blog\\\/\"},{\"@type\":\"ListItem\",\"position\":2,\"name\":\"Dublino\"}]},{\"@type\":\"WebSite\",\"@id\":\"https:\\\/\\\/www.fullo.net\\\/blog\\\/#website\",\"url\":\"https:\\\/\\\/www.fullo.net\\\/blog\\\/\",\"name\":\"Fullo\",\"description\":\"nulla e&#039; impossibile per chi non lo deve fare!\",\"publisher\":{\"@id\":\"https:\\\/\\\/www.fullo.net\\\/blog\\\/#\\\/schema\\\/person\\\/24e91bc6caea6c411a8668df5639428c\"},\"potentialAction\":[{\"@type\":\"SearchAction\",\"target\":{\"@type\":\"EntryPoint\",\"urlTemplate\":\"https:\\\/\\\/www.fullo.net\\\/blog\\\/?s={search_term_string}\"},\"query-input\":{\"@type\":\"PropertyValueSpecification\",\"valueRequired\":true,\"valueName\":\"search_term_string\"}}],\"inLanguage\":\"en-US\"},{\"@type\":[\"Person\",\"Organization\"],\"@id\":\"https:\\\/\\\/www.fullo.net\\\/blog\\\/#\\\/schema\\\/person\\\/24e91bc6caea6c411a8668df5639428c\",\"name\":\"Francesco Fullone\",\"image\":{\"@type\":\"ImageObject\",\"inLanguage\":\"en-US\",\"@id\":\"https:\\\/\\\/i0.wp.com\\\/www.fullo.net\\\/blog\\\/wp-content\\\/uploads\\\/2024\\\/10\\\/hawiaina-gold-circled-white.png?fit=622%2C622&ssl=1\",\"url\":\"https:\\\/\\\/i0.wp.com\\\/www.fullo.net\\\/blog\\\/wp-content\\\/uploads\\\/2024\\\/10\\\/hawiaina-gold-circled-white.png?fit=622%2C622&ssl=1\",\"contentUrl\":\"https:\\\/\\\/i0.wp.com\\\/www.fullo.net\\\/blog\\\/wp-content\\\/uploads\\\/2024\\\/10\\\/hawiaina-gold-circled-white.png?fit=622%2C622&ssl=1\",\"width\":622,\"height\":622,\"caption\":\"Francesco Fullone\"},\"logo\":{\"@id\":\"https:\\\/\\\/i0.wp.com\\\/www.fullo.net\\\/blog\\\/wp-content\\\/uploads\\\/2024\\\/10\\\/hawiaina-gold-circled-white.png?fit=622%2C622&ssl=1\"},\"sameAs\":[\"http:\\\/\\\/www.fullo.net\",\"https:\\\/\\\/www.linkedin.com\\\/in\\\/fullo\",\"https:\\\/\\\/x.com\\\/fullo\"],\"url\":\"https:\\\/\\\/www.fullo.net\\\/blog\\\/author\\\/fullo\\\/\"}]}<\/script>\n<!-- \/ Yoast SEO plugin. -->","yoast_head_json":{"title":"Dublino - Fullo","robots":{"index":"index","follow":"follow","max-snippet":"max-snippet:-1","max-image-preview":"max-image-preview:large","max-video-preview":"max-video-preview:-1"},"canonical":"https:\/\/www.fullo.net\/blog\/2006\/03\/17\/dublino\/","og_locale":"en_US","og_type":"article","og_title":"Dublino - Fullo","og_description":"Se tutto sta andando per il meglio in questo preciso istante sto partendo per Dublino. Per qualche giorno quindi nessun post, al massimo se siete curiosi andate di tanto in tanto sul mio account di flickr. Vuoi mai che faccia qualche scatto con il cellulare ;) a seguire alcune foto tratte da flickr","og_url":"https:\/\/www.fullo.net\/blog\/2006\/03\/17\/dublino\/","og_site_name":"Fullo","article_published_time":"2006-03-17T09:51:37+00:00","article_modified_time":"2006-05-14T15:43:41+00:00","og_image":[{"url":"http:\/\/static.flickr.com\/56\/114568320_d38d9cbe1b_s.jpg","type":"","width":"","height":""}],"author":"Francesco Fullone","twitter_card":"summary_large_image","twitter_creator":"@fullo","twitter_site":"@fullo","twitter_misc":{"Written by":"Francesco Fullone"},"schema":{"@context":"https:\/\/schema.org","@graph":[{"@type":"Article","@id":"https:\/\/www.fullo.net\/blog\/2006\/03\/17\/dublino\/#article","isPartOf":{"@id":"https:\/\/www.fullo.net\/blog\/2006\/03\/17\/dublino\/"},"author":{"name":"Francesco Fullone","@id":"https:\/\/www.fullo.net\/blog\/#\/schema\/person\/24e91bc6caea6c411a8668df5639428c"},"headline":"Dublino","datePublished":"2006-03-17T09:51:37+00:00","dateModified":"2006-05-14T15:43:41+00:00","mainEntityOfPage":{"@id":"https:\/\/www.fullo.net\/blog\/2006\/03\/17\/dublino\/"},"wordCount":54,"commentCount":4,"publisher":{"@id":"https:\/\/www.fullo.net\/blog\/#\/schema\/person\/24e91bc6caea6c411a8668df5639428c"},"image":{"@id":"https:\/\/www.fullo.net\/blog\/2006\/03\/17\/dublino\/#primaryimage"},"thumbnailUrl":"http:\/\/static.flickr.com\/56\/114568320_d38d9cbe1b_s.jpg","keywords":["birra","dublino","irlanda","patrizio","simone","st. patrick","viaggi"],"articleSection":["di tutto un po'","foto"],"inLanguage":"en-US","potentialAction":[{"@type":"CommentAction","name":"Comment","target":["https:\/\/www.fullo.net\/blog\/2006\/03\/17\/dublino\/#respond"]}]},{"@type":"WebPage","@id":"https:\/\/www.fullo.net\/blog\/2006\/03\/17\/dublino\/","url":"https:\/\/www.fullo.net\/blog\/2006\/03\/17\/dublino\/","name":"Dublino - Fullo","isPartOf":{"@id":"https:\/\/www.fullo.net\/blog\/#website"},"primaryImageOfPage":{"@id":"https:\/\/www.fullo.net\/blog\/2006\/03\/17\/dublino\/#primaryimage"},"image":{"@id":"https:\/\/www.fullo.net\/blog\/2006\/03\/17\/dublino\/#primaryimage"},"thumbnailUrl":"http:\/\/static.flickr.com\/56\/114568320_d38d9cbe1b_s.jpg","datePublished":"2006-03-17T09:51:37+00:00","dateModified":"2006-05-14T15:43:41+00:00","breadcrumb":{"@id":"https:\/\/www.fullo.net\/blog\/2006\/03\/17\/dublino\/#breadcrumb"},"inLanguage":"en-US","potentialAction":[{"@type":"ReadAction","target":["https:\/\/www.fullo.net\/blog\/2006\/03\/17\/dublino\/"]}]},{"@type":"ImageObject","inLanguage":"en-US","@id":"https:\/\/www.fullo.net\/blog\/2006\/03\/17\/dublino\/#primaryimage","url":"http:\/\/static.flickr.com\/56\/114568320_d38d9cbe1b_s.jpg","contentUrl":"http:\/\/static.flickr.com\/56\/114568320_d38d9cbe1b_s.jpg"},{"@type":"BreadcrumbList","@id":"https:\/\/www.fullo.net\/blog\/2006\/03\/17\/dublino\/#breadcrumb","itemListElement":[{"@type":"ListItem","position":1,"name":"Home","item":"https:\/\/www.fullo.net\/blog\/"},{"@type":"ListItem","position":2,"name":"Dublino"}]},{"@type":"WebSite","@id":"https:\/\/www.fullo.net\/blog\/#website","url":"https:\/\/www.fullo.net\/blog\/","name":"Fullo","description":"nulla e&#039; impossibile per chi non lo deve fare!","publisher":{"@id":"https:\/\/www.fullo.net\/blog\/#\/schema\/person\/24e91bc6caea6c411a8668df5639428c"},"potentialAction":[{"@type":"SearchAction","target":{"@type":"EntryPoint","urlTemplate":"https:\/\/www.fullo.net\/blog\/?s={search_term_string}"},"query-input":{"@type":"PropertyValueSpecification","valueRequired":true,"valueName":"search_term_string"}}],"inLanguage":"en-US"},{"@type":["Person","Organization"],"@id":"https:\/\/www.fullo.net\/blog\/#\/schema\/person\/24e91bc6caea6c411a8668df5639428c","name":"Francesco Fullone","image":{"@type":"ImageObject","inLanguage":"en-US","@id":"https:\/\/i0.wp.com\/www.fullo.net\/blog\/wp-content\/uploads\/2024\/10\/hawiaina-gold-circled-white.png?fit=622%2C622&ssl=1","url":"https:\/\/i0.wp.com\/www.fullo.net\/blog\/wp-content\/uploads\/2024\/10\/hawiaina-gold-circled-white.png?fit=622%2C622&ssl=1","contentUrl":"https:\/\/i0.wp.com\/www.fullo.net\/blog\/wp-content\/uploads\/2024\/10\/hawiaina-gold-circled-white.png?fit=622%2C622&ssl=1","width":622,"height":622,"caption":"Francesco Fullone"},"logo":{"@id":"https:\/\/i0.wp.com\/www.fullo.net\/blog\/wp-content\/uploads\/2024\/10\/hawiaina-gold-circled-white.png?fit=622%2C622&ssl=1"},"sameAs":["http:\/\/www.fullo.net","https:\/\/www.linkedin.com\/in\/fullo","https:\/\/x.com\/fullo"],"url":"https:\/\/www.fullo.net\/blog\/author\/fullo\/"}]}},"jetpack_publicize_connections":[],"jetpack_featured_media_url":"","jetpack_sharing_enabled":true,"jetpack_shortlink":"https:\/\/wp.me\/s3OSc1-dublino","jetpack_likes_enabled":true,"jetpack-related-posts":[{"id":1901,"url":"https:\/\/www.fullo.net\/blog\/2006\/03\/15\/impegni-e-ferie\/","url_meta":{"origin":1904,"position":0},"title":"Impegni e ferie&#8230;","author":"Francesco Fullone","date":"15\/03\/2006","format":false,"excerpt":"Quest'ultima settimana ho postato qui molto poco, sono alquanto impegnato con l'organizzazione di un certo evento a Bari. Abbiamo finalmente pubblicato il call for paper (per chi avesse voglia di partecipare come relatore) ed il call for sponsors ed iniziato ad avere i primi contatti ufficiosi ed ufficiali sui talks.\u2026","rel":"","context":"In &quot;pensieri&quot;","block_context":{"text":"pensieri","link":"https:\/\/www.fullo.net\/blog\/category\/pensieri\/"},"img":{"alt_text":"","src":"","width":0,"height":0},"classes":[]},{"id":1905,"url":"https:\/\/www.fullo.net\/blog\/2006\/03\/16\/pim-gestire-le-fatture-con-symfony\/","url_meta":{"origin":1904,"position":1},"title":"P.I.M. gestire le fatture con symfony","author":"Francesco Fullone","date":"16\/03\/2006","format":false,"excerpt":"Ciccio ha finalmente rilasciato la prima versione di P.I.M. un softwarillo scritto in php usando il framework Symfony (di cui ho gi\u00e0 parlato in diverse occasioni) per la gestione delle fatture. Il progetto \u00e8 nato perch\u00e8 il soggetto in questione (diventato da poco libero professionista e mio esperto eZ publish\u2026","rel":"","context":"In &quot;open source&quot;","block_context":{"text":"open source","link":"https:\/\/www.fullo.net\/blog\/category\/tecnologia\/open-source\/"},"img":{"alt_text":"","src":"","width":0,"height":0},"classes":[]},{"id":2047,"url":"https:\/\/www.fullo.net\/blog\/2006\/09\/11\/schwag-per-tutti\/","url_meta":{"origin":1904,"position":2},"title":"Schwag per tutti","author":"Francesco Fullone","date":"11\/09\/2006","format":false,"excerpt":"Ormai per ottenere stickers e gadget gratuiti (in gergo schwag o swag - Stuff We All Get) delle aziende che popolando internet non bisogna pi\u00f9 andare a visitare noiose fiere nel nord Italia. Infatti bastano 2 buste e qualche francobollo. A seguire le procedure per ottenere \"robaccia\" da vari produttori\/software\u2026","rel":"","context":"In &quot;cazzate&quot;","block_context":{"text":"cazzate","link":"https:\/\/www.fullo.net\/blog\/category\/cazzate\/"},"img":{"alt_text":"","src":"","width":0,"height":0},"classes":[]},{"id":2023,"url":"https:\/\/www.fullo.net\/blog\/2006\/08\/09\/ferie-3\/","url_meta":{"origin":1904,"position":3},"title":"Ferie!","author":"Francesco Fullone","date":"09\/08\/2006","format":false,"excerpt":"Il tenutario del presente e di questo blog, redattore di questo e quest'altro, editore (machevvord\u00ec?) di questa lista, presidente di questa associazione, sistemista, sviluppatore e fancazzista generalizzato ha deciso che da oggi al 23 dello stesso mese partir\u00e0 per una vacanza (?) itinerante per la Spagna. Avendo deciso di non\u2026","rel":"","context":"In &quot;di tutto un po'&quot;","block_context":{"text":"di tutto un po'","link":"https:\/\/www.fullo.net\/blog\/category\/di-tutto-un-po\/"},"img":{"alt_text":"","src":"","width":0,"height":0},"classes":[]},{"id":2073,"url":"https:\/\/www.fullo.net\/blog\/2006\/10\/05\/i-bigliettini-di-moocom\/","url_meta":{"origin":1904,"position":4},"title":"I bigliettini di Moo.com","author":"Francesco Fullone","date":"05\/10\/2006","format":false,"excerpt":"guarda i biglietti di moo.com su flickrMi sono finalmente arrivati i 10 bigliettini che avevo chiesto in omaggio a Moo.com qualche tempo fa. La qualit\u00e0 del cartoncino \u00e9 ottima e lo stesso devo dire per la stampa, peccato che siano solo 10 :( ciuaz","rel":"","context":"In &quot;di tutto un po'&quot;","block_context":{"text":"di tutto un po'","link":"https:\/\/www.fullo.net\/blog\/category\/di-tutto-un-po\/"},"img":{"alt_text":"","src":"","width":0,"height":0},"classes":[]},{"id":1839,"url":"https:\/\/www.fullo.net\/blog\/2006\/01\/10\/moka-drink-le-nuove-bottiglie\/","url_meta":{"origin":1904,"position":5},"title":"moka drink le nuove bottiglie","author":"Francesco Fullone","date":"10\/01\/2006","format":false,"excerpt":"guarda mokadrink la bevanda a base di caff\u00e9 su flickr ecco in anteprima le nuove bottiglie di moka drink (ne ho gia' parlato, ricordate?) la mia bevanda preferita e reperibile (purtroppo) nella sola provincia di Cosenza! Sto quasi pensando di sfruttare alcuni miei clienti, che lavorano in ambito logistico, per\u2026","rel":"","context":"In &quot;di tutto un po'&quot;","block_context":{"text":"di tutto un po'","link":"https:\/\/www.fullo.net\/blog\/category\/di-tutto-un-po\/"},"img":{"alt_text":"","src":"","width":0,"height":0},"classes":[]}],"_links":{"self":[{"href":"https:\/\/www.fullo.net\/blog\/wp-json\/wp\/v2\/posts\/1904","targetHints":{"allow":["GET"]}}],"collection":[{"href":"https:\/\/www.fullo.net\/blog\/wp-json\/wp\/v2\/posts"}],"about":[{"href":"https:\/\/www.fullo.net\/blog\/wp-json\/wp\/v2\/types\/post"}],"author":[{"embeddable":true,"href":"https:\/\/www.fullo.net\/blog\/wp-json\/wp\/v2\/users\/1"}],"replies":[{"embeddable":true,"href":"https:\/\/www.fullo.net\/blog\/wp-json\/wp\/v2\/comments?post=1904"}],"version-history":[{"count":0,"href":"https:\/\/www.fullo.net\/blog\/wp-json\/wp\/v2\/posts\/1904\/revisions"}],"wp:attachment":[{"href":"https:\/\/www.fullo.net\/blog\/wp-json\/wp\/v2\/media?parent=1904"}],"wp:term":[{"taxonomy":"category","embeddable":true,"href":"https:\/\/www.fullo.net\/blog\/wp-json\/wp\/v2\/categories?post=1904"},{"taxonomy":"post_tag","embeddable":true,"href":"https:\/\/www.fullo.net\/blog\/wp-json\/wp\/v2\/tags?post=1904"}],"curies":[{"name":"wp","href":"https:\/\/api.w.org\/{rel}","templated":true}]}}