{"id":1907,"date":"2006-03-23T12:55:18","date_gmt":"2006-03-23T10:55:18","guid":{"rendered":"https:\/\/www.fullo.net\/blog\/archives\/2006\/03\/23\/diana-si-e-laureata\/"},"modified":"2006-05-14T17:31:27","modified_gmt":"2006-05-14T15:31:27","slug":"diana-si-e-laureata","status":"publish","type":"post","link":"https:\/\/www.fullo.net\/blog\/2006\/03\/23\/diana-si-e-laureata\/","title":{"rendered":"Diana si \u00e8 laureata!"},"content":{"rendered":"<p><a href=\"http:\/\/www.flickr.com\/photos\/fullo\/116721819\/\" title=\"photo sharing\"><img data-recalc-dims=\"1\" decoding=\"async\" src=\"https:\/\/i0.wp.com\/static.flickr.com\/37\/116721819_ddf8f91e4b_m.jpg?w=580\" alt=\"qutina si \u00e8 laureata\" style=\"border: solid 2px #000000;\" \/><\/a><br \/>\n<span style=\"font-size: 0.9em; margin-top: 0px;\">guarda <a href=\"http:\/\/www.flickr.com\/photos\/fullo\/116721819\/\">Diana si \u00e8 laureata!<\/a> su flickr<\/span><br clear=\"all\" \/>Evviva! <a href=\"http:\/\/www.qutina.com\">Diana<\/a> si \u00e8 finalmente laureata! Adesso potr\u00e0  iniziare a lavorare per mantenermi come \u00e8 giusto che sia ;)<\/p>\n<p>Congraturazioni Qut\u00ec!<\/p>\n<p>ciuaz<\/p>\n","protected":false},"excerpt":{"rendered":"<p>guarda Diana si \u00e8 laureata! su flickrEvviva! Diana si \u00e8 finalmente laureata! Adesso potr\u00e0 iniziare a lavorare per mantenermi come \u00e8 giusto che sia ;) Congraturazioni Qut\u00ec! ciuaz<\/p>\n","protected":false},"author":1,"featured_media":0,"comment_status":"open","ping_status":"open","sticky":false,"template":"","format":"standard","meta":{"jetpack_post_was_ever_published":false,"_jetpack_newsletter_access":"","_jetpack_dont_email_post_to_subs":false,"_jetpack_newsletter_tier_id":0,"_jetpack_memberships_contains_paywalled_content":false,"_jetpack_memberships_contains_paid_content":false,"footnotes":"","jetpack_publicize_message":"","jetpack_publicize_feature_enabled":true,"jetpack_social_post_already_shared":false,"jetpack_social_options":{"image_generator_settings":{"template":"highway","default_image_id":0,"font":"","enabled":false},"version":2}},"categories":[1,18,7],"tags":[50,1117,123,1118,721],"class_list":["post-1907","post","type-post","status-publish","format-standard","hentry","category-di-tutto-un-po","category-foto","category-sdi","tag-csr","tag-dottoressa","tag-laurea","tag-qutina","tag-unibo"],"yoast_head":"<!-- This site is optimized with the Yoast SEO plugin v27.5 - https:\/\/yoast.com\/product\/yoast-seo-wordpress\/ -->\n<title>Diana si \u00e8 laureata! - Fullo<\/title>\n<meta name=\"robots\" content=\"index, follow, max-snippet:-1, max-image-preview:large, max-video-preview:-1\" \/>\n<link rel=\"canonical\" href=\"https:\/\/www.fullo.net\/blog\/2006\/03\/23\/diana-si-e-laureata\/\" \/>\n<meta property=\"og:locale\" content=\"en_US\" \/>\n<meta property=\"og:type\" content=\"article\" \/>\n<meta property=\"og:title\" content=\"Diana si \u00e8 laureata! - Fullo\" \/>\n<meta property=\"og:description\" content=\"guarda Diana si \u00e8 laureata! su flickrEvviva! Diana si \u00e8 finalmente laureata! Adesso potr\u00e0 iniziare a lavorare per mantenermi come \u00e8 giusto che sia ;) Congraturazioni Qut\u00ec! ciuaz\" \/>\n<meta property=\"og:url\" content=\"https:\/\/www.fullo.net\/blog\/2006\/03\/23\/diana-si-e-laureata\/\" \/>\n<meta property=\"og:site_name\" content=\"Fullo\" \/>\n<meta property=\"article:published_time\" content=\"2006-03-23T10:55:18+00:00\" \/>\n<meta property=\"article:modified_time\" content=\"2006-05-14T15:31:27+00:00\" \/>\n<meta property=\"og:image\" content=\"http:\/\/static.flickr.com\/37\/116721819_ddf8f91e4b_m.jpg\" \/>\n<meta name=\"author\" content=\"Francesco Fullone\" \/>\n<meta name=\"twitter:card\" content=\"summary_large_image\" \/>\n<meta name=\"twitter:creator\" content=\"@fullo\" \/>\n<meta name=\"twitter:site\" content=\"@fullo\" \/>\n<meta name=\"twitter:label1\" content=\"Written by\" \/>\n\t<meta name=\"twitter:data1\" content=\"Francesco Fullone\" \/>\n<script type=\"application\/ld+json\" class=\"yoast-schema-graph\">{\"@context\":\"https:\\\/\\\/schema.org\",\"@graph\":[{\"@type\":\"Article\",\"@id\":\"https:\\\/\\\/www.fullo.net\\\/blog\\\/2006\\\/03\\\/23\\\/diana-si-e-laureata\\\/#article\",\"isPartOf\":{\"@id\":\"https:\\\/\\\/www.fullo.net\\\/blog\\\/2006\\\/03\\\/23\\\/diana-si-e-laureata\\\/\"},\"author\":{\"name\":\"Francesco Fullone\",\"@id\":\"https:\\\/\\\/www.fullo.net\\\/blog\\\/#\\\/schema\\\/person\\\/24e91bc6caea6c411a8668df5639428c\"},\"headline\":\"Diana si \u00e8 laureata!\",\"datePublished\":\"2006-03-23T10:55:18+00:00\",\"dateModified\":\"2006-05-14T15:31:27+00:00\",\"mainEntityOfPage\":{\"@id\":\"https:\\\/\\\/www.fullo.net\\\/blog\\\/2006\\\/03\\\/23\\\/diana-si-e-laureata\\\/\"},\"wordCount\":28,\"commentCount\":6,\"publisher\":{\"@id\":\"https:\\\/\\\/www.fullo.net\\\/blog\\\/#\\\/schema\\\/person\\\/24e91bc6caea6c411a8668df5639428c\"},\"image\":{\"@id\":\"https:\\\/\\\/www.fullo.net\\\/blog\\\/2006\\\/03\\\/23\\\/diana-si-e-laureata\\\/#primaryimage\"},\"thumbnailUrl\":\"http:\\\/\\\/static.flickr.com\\\/37\\\/116721819_ddf8f91e4b_m.jpg\",\"keywords\":[\"csr\",\"dottoressa\",\"laurea\",\"qutina\",\"unibo\"],\"articleSection\":[\"di tutto un po'\",\"foto\",\"SdI\"],\"inLanguage\":\"en-US\",\"potentialAction\":[{\"@type\":\"CommentAction\",\"name\":\"Comment\",\"target\":[\"https:\\\/\\\/www.fullo.net\\\/blog\\\/2006\\\/03\\\/23\\\/diana-si-e-laureata\\\/#respond\"]}]},{\"@type\":\"WebPage\",\"@id\":\"https:\\\/\\\/www.fullo.net\\\/blog\\\/2006\\\/03\\\/23\\\/diana-si-e-laureata\\\/\",\"url\":\"https:\\\/\\\/www.fullo.net\\\/blog\\\/2006\\\/03\\\/23\\\/diana-si-e-laureata\\\/\",\"name\":\"Diana si \u00e8 laureata! - Fullo\",\"isPartOf\":{\"@id\":\"https:\\\/\\\/www.fullo.net\\\/blog\\\/#website\"},\"primaryImageOfPage\":{\"@id\":\"https:\\\/\\\/www.fullo.net\\\/blog\\\/2006\\\/03\\\/23\\\/diana-si-e-laureata\\\/#primaryimage\"},\"image\":{\"@id\":\"https:\\\/\\\/www.fullo.net\\\/blog\\\/2006\\\/03\\\/23\\\/diana-si-e-laureata\\\/#primaryimage\"},\"thumbnailUrl\":\"http:\\\/\\\/static.flickr.com\\\/37\\\/116721819_ddf8f91e4b_m.jpg\",\"datePublished\":\"2006-03-23T10:55:18+00:00\",\"dateModified\":\"2006-05-14T15:31:27+00:00\",\"breadcrumb\":{\"@id\":\"https:\\\/\\\/www.fullo.net\\\/blog\\\/2006\\\/03\\\/23\\\/diana-si-e-laureata\\\/#breadcrumb\"},\"inLanguage\":\"en-US\",\"potentialAction\":[{\"@type\":\"ReadAction\",\"target\":[\"https:\\\/\\\/www.fullo.net\\\/blog\\\/2006\\\/03\\\/23\\\/diana-si-e-laureata\\\/\"]}]},{\"@type\":\"ImageObject\",\"inLanguage\":\"en-US\",\"@id\":\"https:\\\/\\\/www.fullo.net\\\/blog\\\/2006\\\/03\\\/23\\\/diana-si-e-laureata\\\/#primaryimage\",\"url\":\"http:\\\/\\\/static.flickr.com\\\/37\\\/116721819_ddf8f91e4b_m.jpg\",\"contentUrl\":\"http:\\\/\\\/static.flickr.com\\\/37\\\/116721819_ddf8f91e4b_m.jpg\"},{\"@type\":\"BreadcrumbList\",\"@id\":\"https:\\\/\\\/www.fullo.net\\\/blog\\\/2006\\\/03\\\/23\\\/diana-si-e-laureata\\\/#breadcrumb\",\"itemListElement\":[{\"@type\":\"ListItem\",\"position\":1,\"name\":\"Home\",\"item\":\"https:\\\/\\\/www.fullo.net\\\/blog\\\/\"},{\"@type\":\"ListItem\",\"position\":2,\"name\":\"Diana si \u00e8 laureata!\"}]},{\"@type\":\"WebSite\",\"@id\":\"https:\\\/\\\/www.fullo.net\\\/blog\\\/#website\",\"url\":\"https:\\\/\\\/www.fullo.net\\\/blog\\\/\",\"name\":\"Fullo\",\"description\":\"nulla e&#039; impossibile per chi non lo deve fare!\",\"publisher\":{\"@id\":\"https:\\\/\\\/www.fullo.net\\\/blog\\\/#\\\/schema\\\/person\\\/24e91bc6caea6c411a8668df5639428c\"},\"potentialAction\":[{\"@type\":\"SearchAction\",\"target\":{\"@type\":\"EntryPoint\",\"urlTemplate\":\"https:\\\/\\\/www.fullo.net\\\/blog\\\/?s={search_term_string}\"},\"query-input\":{\"@type\":\"PropertyValueSpecification\",\"valueRequired\":true,\"valueName\":\"search_term_string\"}}],\"inLanguage\":\"en-US\"},{\"@type\":[\"Person\",\"Organization\"],\"@id\":\"https:\\\/\\\/www.fullo.net\\\/blog\\\/#\\\/schema\\\/person\\\/24e91bc6caea6c411a8668df5639428c\",\"name\":\"Francesco Fullone\",\"image\":{\"@type\":\"ImageObject\",\"inLanguage\":\"en-US\",\"@id\":\"https:\\\/\\\/i0.wp.com\\\/www.fullo.net\\\/blog\\\/wp-content\\\/uploads\\\/2024\\\/10\\\/hawiaina-gold-circled-white.png?fit=622%2C622&ssl=1\",\"url\":\"https:\\\/\\\/i0.wp.com\\\/www.fullo.net\\\/blog\\\/wp-content\\\/uploads\\\/2024\\\/10\\\/hawiaina-gold-circled-white.png?fit=622%2C622&ssl=1\",\"contentUrl\":\"https:\\\/\\\/i0.wp.com\\\/www.fullo.net\\\/blog\\\/wp-content\\\/uploads\\\/2024\\\/10\\\/hawiaina-gold-circled-white.png?fit=622%2C622&ssl=1\",\"width\":622,\"height\":622,\"caption\":\"Francesco Fullone\"},\"logo\":{\"@id\":\"https:\\\/\\\/i0.wp.com\\\/www.fullo.net\\\/blog\\\/wp-content\\\/uploads\\\/2024\\\/10\\\/hawiaina-gold-circled-white.png?fit=622%2C622&ssl=1\"},\"sameAs\":[\"http:\\\/\\\/www.fullo.net\",\"https:\\\/\\\/www.linkedin.com\\\/in\\\/fullo\",\"https:\\\/\\\/x.com\\\/fullo\"],\"url\":\"https:\\\/\\\/www.fullo.net\\\/blog\\\/author\\\/fullo\\\/\"}]}<\/script>\n<!-- \/ Yoast SEO plugin. -->","yoast_head_json":{"title":"Diana si \u00e8 laureata! - Fullo","robots":{"index":"index","follow":"follow","max-snippet":"max-snippet:-1","max-image-preview":"max-image-preview:large","max-video-preview":"max-video-preview:-1"},"canonical":"https:\/\/www.fullo.net\/blog\/2006\/03\/23\/diana-si-e-laureata\/","og_locale":"en_US","og_type":"article","og_title":"Diana si \u00e8 laureata! - Fullo","og_description":"guarda Diana si \u00e8 laureata! su flickrEvviva! Diana si \u00e8 finalmente laureata! Adesso potr\u00e0 iniziare a lavorare per mantenermi come \u00e8 giusto che sia ;) Congraturazioni Qut\u00ec! ciuaz","og_url":"https:\/\/www.fullo.net\/blog\/2006\/03\/23\/diana-si-e-laureata\/","og_site_name":"Fullo","article_published_time":"2006-03-23T10:55:18+00:00","article_modified_time":"2006-05-14T15:31:27+00:00","og_image":[{"url":"http:\/\/static.flickr.com\/37\/116721819_ddf8f91e4b_m.jpg","type":"","width":"","height":""}],"author":"Francesco Fullone","twitter_card":"summary_large_image","twitter_creator":"@fullo","twitter_site":"@fullo","twitter_misc":{"Written by":"Francesco Fullone"},"schema":{"@context":"https:\/\/schema.org","@graph":[{"@type":"Article","@id":"https:\/\/www.fullo.net\/blog\/2006\/03\/23\/diana-si-e-laureata\/#article","isPartOf":{"@id":"https:\/\/www.fullo.net\/blog\/2006\/03\/23\/diana-si-e-laureata\/"},"author":{"name":"Francesco Fullone","@id":"https:\/\/www.fullo.net\/blog\/#\/schema\/person\/24e91bc6caea6c411a8668df5639428c"},"headline":"Diana si \u00e8 laureata!","datePublished":"2006-03-23T10:55:18+00:00","dateModified":"2006-05-14T15:31:27+00:00","mainEntityOfPage":{"@id":"https:\/\/www.fullo.net\/blog\/2006\/03\/23\/diana-si-e-laureata\/"},"wordCount":28,"commentCount":6,"publisher":{"@id":"https:\/\/www.fullo.net\/blog\/#\/schema\/person\/24e91bc6caea6c411a8668df5639428c"},"image":{"@id":"https:\/\/www.fullo.net\/blog\/2006\/03\/23\/diana-si-e-laureata\/#primaryimage"},"thumbnailUrl":"http:\/\/static.flickr.com\/37\/116721819_ddf8f91e4b_m.jpg","keywords":["csr","dottoressa","laurea","qutina","unibo"],"articleSection":["di tutto un po'","foto","SdI"],"inLanguage":"en-US","potentialAction":[{"@type":"CommentAction","name":"Comment","target":["https:\/\/www.fullo.net\/blog\/2006\/03\/23\/diana-si-e-laureata\/#respond"]}]},{"@type":"WebPage","@id":"https:\/\/www.fullo.net\/blog\/2006\/03\/23\/diana-si-e-laureata\/","url":"https:\/\/www.fullo.net\/blog\/2006\/03\/23\/diana-si-e-laureata\/","name":"Diana si \u00e8 laureata! - Fullo","isPartOf":{"@id":"https:\/\/www.fullo.net\/blog\/#website"},"primaryImageOfPage":{"@id":"https:\/\/www.fullo.net\/blog\/2006\/03\/23\/diana-si-e-laureata\/#primaryimage"},"image":{"@id":"https:\/\/www.fullo.net\/blog\/2006\/03\/23\/diana-si-e-laureata\/#primaryimage"},"thumbnailUrl":"http:\/\/static.flickr.com\/37\/116721819_ddf8f91e4b_m.jpg","datePublished":"2006-03-23T10:55:18+00:00","dateModified":"2006-05-14T15:31:27+00:00","breadcrumb":{"@id":"https:\/\/www.fullo.net\/blog\/2006\/03\/23\/diana-si-e-laureata\/#breadcrumb"},"inLanguage":"en-US","potentialAction":[{"@type":"ReadAction","target":["https:\/\/www.fullo.net\/blog\/2006\/03\/23\/diana-si-e-laureata\/"]}]},{"@type":"ImageObject","inLanguage":"en-US","@id":"https:\/\/www.fullo.net\/blog\/2006\/03\/23\/diana-si-e-laureata\/#primaryimage","url":"http:\/\/static.flickr.com\/37\/116721819_ddf8f91e4b_m.jpg","contentUrl":"http:\/\/static.flickr.com\/37\/116721819_ddf8f91e4b_m.jpg"},{"@type":"BreadcrumbList","@id":"https:\/\/www.fullo.net\/blog\/2006\/03\/23\/diana-si-e-laureata\/#breadcrumb","itemListElement":[{"@type":"ListItem","position":1,"name":"Home","item":"https:\/\/www.fullo.net\/blog\/"},{"@type":"ListItem","position":2,"name":"Diana si \u00e8 laureata!"}]},{"@type":"WebSite","@id":"https:\/\/www.fullo.net\/blog\/#website","url":"https:\/\/www.fullo.net\/blog\/","name":"Fullo","description":"nulla e&#039; impossibile per chi non lo deve fare!","publisher":{"@id":"https:\/\/www.fullo.net\/blog\/#\/schema\/person\/24e91bc6caea6c411a8668df5639428c"},"potentialAction":[{"@type":"SearchAction","target":{"@type":"EntryPoint","urlTemplate":"https:\/\/www.fullo.net\/blog\/?s={search_term_string}"},"query-input":{"@type":"PropertyValueSpecification","valueRequired":true,"valueName":"search_term_string"}}],"inLanguage":"en-US"},{"@type":["Person","Organization"],"@id":"https:\/\/www.fullo.net\/blog\/#\/schema\/person\/24e91bc6caea6c411a8668df5639428c","name":"Francesco Fullone","image":{"@type":"ImageObject","inLanguage":"en-US","@id":"https:\/\/i0.wp.com\/www.fullo.net\/blog\/wp-content\/uploads\/2024\/10\/hawiaina-gold-circled-white.png?fit=622%2C622&ssl=1","url":"https:\/\/i0.wp.com\/www.fullo.net\/blog\/wp-content\/uploads\/2024\/10\/hawiaina-gold-circled-white.png?fit=622%2C622&ssl=1","contentUrl":"https:\/\/i0.wp.com\/www.fullo.net\/blog\/wp-content\/uploads\/2024\/10\/hawiaina-gold-circled-white.png?fit=622%2C622&ssl=1","width":622,"height":622,"caption":"Francesco Fullone"},"logo":{"@id":"https:\/\/i0.wp.com\/www.fullo.net\/blog\/wp-content\/uploads\/2024\/10\/hawiaina-gold-circled-white.png?fit=622%2C622&ssl=1"},"sameAs":["http:\/\/www.fullo.net","https:\/\/www.linkedin.com\/in\/fullo","https:\/\/x.com\/fullo"],"url":"https:\/\/www.fullo.net\/blog\/author\/fullo\/"}]}},"jetpack_publicize_connections":[],"jetpack_featured_media_url":"","jetpack_sharing_enabled":true,"jetpack_shortlink":"https:\/\/wp.me\/p3OSc1-uL","jetpack_likes_enabled":true,"jetpack-related-posts":[{"id":2005,"url":"https:\/\/www.fullo.net\/blog\/2006\/07\/16\/dottsa-soremma\/","url_meta":{"origin":1907,"position":0},"title":"dott.sa &#8220;soremma&#8221;","author":"Francesco Fullone","date":"16\/07\/2006","format":false,"excerpt":"guarda dott.sa \"soremma\" su flickred anche mia sorella si \u00e8 laureata, peccato che ancora non abbia letto (in pubblico) i ringraziamenti.. affe... la si obbligher\u00e0 durante la festa di laurea ;) ciuaz","rel":"","context":"In &quot;di tutto un po'&quot;","block_context":{"text":"di tutto un po'","link":"https:\/\/www.fullo.net\/blog\/category\/di-tutto-un-po\/"},"img":{"alt_text":"","src":"","width":0,"height":0},"classes":[]},{"id":1926,"url":"https:\/\/www.fullo.net\/blog\/2006\/04\/15\/ci-voleva-proprio-una-donna\/","url_meta":{"origin":1907,"position":1},"title":"Ci voleva proprio una donna&#8230;","author":"Francesco Fullone","date":"15\/04\/2006","format":false,"excerpt":"Grazie al provvido intervento di Diana adesso la mia scrivania si vede di nuovo (sue parole)... purtroppo molto del mio adorato ciarpame \u00e8 finito nella spazzatura... aff... non si trova mai un compromesso a riguardo ;) ciuaz","rel":"","context":"In &quot;lifehack&quot;","block_context":{"text":"lifehack","link":"https:\/\/www.fullo.net\/blog\/category\/di-tutto-un-po\/lifehack\/"},"img":{"alt_text":"","src":"","width":0,"height":0},"classes":[]},{"id":2087,"url":"https:\/\/www.fullo.net\/blog\/2006\/10\/19\/tanti-auguri-al-fulloblog\/","url_meta":{"origin":1907,"position":2},"title":"Tanti auguri al Full(o)bloG!","author":"Francesco Fullone","date":"19\/10\/2006","format":false,"excerpt":"Oggi il blog diventa pi\u00f9 vecchio di un anno! Durante l'anno in questione si \u00e8 parlato di moltissime cose, molte correlate al PHP, alcune ad AJAX e molte altre ad argomenti meno seri... Ovviamente da buon blogger tutto quello che \u00e8 scritto qui non \u00e8 altro che un riflesso della\u2026","rel":"","context":"In &quot;eventi&quot;","block_context":{"text":"eventi","link":"https:\/\/www.fullo.net\/blog\/category\/eventi\/"},"img":{"alt_text":"","src":"","width":0,"height":0},"classes":[]},{"id":2281,"url":"https:\/\/www.fullo.net\/blog\/2007\/06\/04\/rafting-da-2-a-10-a-8\/","url_meta":{"origin":1907,"position":3},"title":"Rafting, da 2 a 10&#8230; a 8&#8230;","author":"Francesco Fullone","date":"04\/06\/2007","format":false,"excerpt":"Alla fine Diana ed io siamo riusciti, per la nostra seconda escursione sui gommoni, a coinvolgere altri amici e ieri sul Limentra eravamo ben in 10 a bere acqua ghiacciata del fiume, sbattere su rocce i nostri fondischiena ed affaticarci ai remi. Per la fredda cronaca abbiamo avuto 2 dispersi\u2026","rel":"","context":"In &quot;eventi&quot;","block_context":{"text":"eventi","link":"https:\/\/www.fullo.net\/blog\/category\/eventi\/"},"img":{"alt_text":"Rafting sul Limentra","src":"https:\/\/i0.wp.com\/farm2.static.flickr.com\/1049\/529466269_5f8d98a10f_m.jpg?resize=350%2C200","width":350,"height":200},"classes":[]},{"id":2253,"url":"https:\/\/www.fullo.net\/blog\/2007\/04\/30\/river-trekking-nelle-gole-dell-alcantara\/","url_meta":{"origin":1907,"position":4},"title":"River Trekking nelle gole dell&#8217;Alcantara","author":"Francesco Fullone","date":"30\/04\/2007","format":false,"excerpt":"Dopo l'esperienza Rafting a Suviana, Diana ed io ci siamo dati quest'anno al River Trekking nelle gole dell'Alcantara in Sicilia. Pascal, la nostra guida\/istruttore\/eroe del giorno, ci ha fatto fare di tutto, nonostante alcuni timori del sottoscritto nella pi\u00f9 completa sicurezza e facendoci divertire. L'esperienza \u00e8 stata veramente entusiasmante, risalita\u2026","rel":"","context":"In &quot;di tutto un po'&quot;","block_context":{"text":"di tutto un po'","link":"https:\/\/www.fullo.net\/blog\/category\/di-tutto-un-po\/"},"img":{"alt_text":"Lo spremiagrumi centenario","src":"https:\/\/i0.wp.com\/farm1.static.flickr.com\/185\/478114858_371564f4b0_m.jpg?resize=350%2C200","width":350,"height":200},"classes":[]},{"id":2092,"url":"https:\/\/www.fullo.net\/blog\/2006\/10\/24\/la-bici-e-tornata-o-quasi\/","url_meta":{"origin":1907,"position":5},"title":"La bici \u00e8 tornata&#8230; o quasi&#8230;","author":"Francesco Fullone","date":"24\/10\/2006","format":false,"excerpt":"Oggi pomeriggio mentre andavo a prendere Diana in stazione ho ritrovato la mia adorata bici rubatami quest'estate sotto casa. Purtroppo i ladri\/vandali nel frattempo per \"mimetizzarla\" hanno ben pensato di togliere il parafango da 5 euro che avevo applicato e ridipingerla di un osceno blu (facendo ben attenzione a prendere\u2026","rel":"","context":"In &quot;pensieri&quot;","block_context":{"text":"pensieri","link":"https:\/\/www.fullo.net\/blog\/category\/pensieri\/"},"img":{"alt_text":"","src":"","width":0,"height":0},"classes":[]}],"_links":{"self":[{"href":"https:\/\/www.fullo.net\/blog\/wp-json\/wp\/v2\/posts\/1907","targetHints":{"allow":["GET"]}}],"collection":[{"href":"https:\/\/www.fullo.net\/blog\/wp-json\/wp\/v2\/posts"}],"about":[{"href":"https:\/\/www.fullo.net\/blog\/wp-json\/wp\/v2\/types\/post"}],"author":[{"embeddable":true,"href":"https:\/\/www.fullo.net\/blog\/wp-json\/wp\/v2\/users\/1"}],"replies":[{"embeddable":true,"href":"https:\/\/www.fullo.net\/blog\/wp-json\/wp\/v2\/comments?post=1907"}],"version-history":[{"count":0,"href":"https:\/\/www.fullo.net\/blog\/wp-json\/wp\/v2\/posts\/1907\/revisions"}],"wp:attachment":[{"href":"https:\/\/www.fullo.net\/blog\/wp-json\/wp\/v2\/media?parent=1907"}],"wp:term":[{"taxonomy":"category","embeddable":true,"href":"https:\/\/www.fullo.net\/blog\/wp-json\/wp\/v2\/categories?post=1907"},{"taxonomy":"post_tag","embeddable":true,"href":"https:\/\/www.fullo.net\/blog\/wp-json\/wp\/v2\/tags?post=1907"}],"curies":[{"name":"wp","href":"https:\/\/api.w.org\/{rel}","templated":true}]}}