{"id":1998,"date":"2006-07-04T23:42:54","date_gmt":"2006-07-04T21:42:54","guid":{"rendered":"https:\/\/www.fullo.net\/blog\/archives\/2006\/07\/04\/diversamente-sociale\/"},"modified":"2006-07-04T23:42:54","modified_gmt":"2006-07-04T21:42:54","slug":"diversamente-sociale","status":"publish","type":"post","link":"https:\/\/www.fullo.net\/blog\/2006\/07\/04\/diversamente-sociale\/","title":{"rendered":"Diversamente Sociale"},"content":{"rendered":"<p>E&#8217; pi\u00f9 forte di me&#8230; ma il clima da <em>mondiale<\/em> mi da solo fastidio&#8230;<\/p>\n<p>ciuaz<\/p>\n","protected":false},"excerpt":{"rendered":"<p>E&#8217; pi\u00f9 forte di me&#8230; ma il clima da mondiale mi da solo fastidio&#8230; ciuaz<\/p>\n","protected":false},"author":1,"featured_media":0,"comment_status":"open","ping_status":"open","sticky":false,"template":"","format":"standard","meta":{"jetpack_post_was_ever_published":false,"_jetpack_newsletter_access":"","_jetpack_dont_email_post_to_subs":false,"_jetpack_newsletter_tier_id":0,"_jetpack_memberships_contains_paywalled_content":false,"_jetpack_memberships_contains_paid_content":false,"footnotes":"","jetpack_publicize_message":"","jetpack_publicize_feature_enabled":true,"jetpack_social_post_already_shared":false,"jetpack_social_options":{"image_generator_settings":{"template":"highway","default_image_id":0,"font":"","enabled":false},"version":2}},"categories":[4],"tags":[1327,1328,1329,2244],"class_list":["post-1998","post","type-post","status-publish","format-standard","hentry","category-pensieri","tag-anti-mondiale","tag-antisocial","tag-no-calcio","tag-pensieri"],"yoast_head":"<!-- This site is optimized with the Yoast SEO plugin v27.5 - https:\/\/yoast.com\/product\/yoast-seo-wordpress\/ -->\n<title>Diversamente Sociale - Fullo<\/title>\n<meta name=\"robots\" content=\"index, follow, max-snippet:-1, max-image-preview:large, max-video-preview:-1\" \/>\n<link rel=\"canonical\" href=\"https:\/\/www.fullo.net\/blog\/2006\/07\/04\/diversamente-sociale\/\" \/>\n<meta property=\"og:locale\" content=\"en_US\" \/>\n<meta property=\"og:type\" content=\"article\" \/>\n<meta property=\"og:title\" content=\"Diversamente Sociale - Fullo\" \/>\n<meta property=\"og:description\" content=\"E&#8217; pi\u00f9 forte di me&#8230; ma il clima da mondiale mi da solo fastidio&#8230; ciuaz\" \/>\n<meta property=\"og:url\" content=\"https:\/\/www.fullo.net\/blog\/2006\/07\/04\/diversamente-sociale\/\" \/>\n<meta property=\"og:site_name\" content=\"Fullo\" \/>\n<meta property=\"article:published_time\" content=\"2006-07-04T21:42:54+00:00\" \/>\n<meta name=\"author\" content=\"Francesco Fullone\" \/>\n<meta name=\"twitter:card\" content=\"summary_large_image\" \/>\n<meta name=\"twitter:creator\" content=\"@fullo\" \/>\n<meta name=\"twitter:site\" content=\"@fullo\" \/>\n<meta name=\"twitter:label1\" content=\"Written by\" \/>\n\t<meta name=\"twitter:data1\" content=\"Francesco Fullone\" \/>\n<script type=\"application\/ld+json\" class=\"yoast-schema-graph\">{\"@context\":\"https:\\\/\\\/schema.org\",\"@graph\":[{\"@type\":\"Article\",\"@id\":\"https:\\\/\\\/www.fullo.net\\\/blog\\\/2006\\\/07\\\/04\\\/diversamente-sociale\\\/#article\",\"isPartOf\":{\"@id\":\"https:\\\/\\\/www.fullo.net\\\/blog\\\/2006\\\/07\\\/04\\\/diversamente-sociale\\\/\"},\"author\":{\"name\":\"Francesco Fullone\",\"@id\":\"https:\\\/\\\/www.fullo.net\\\/blog\\\/#\\\/schema\\\/person\\\/24e91bc6caea6c411a8668df5639428c\"},\"headline\":\"Diversamente Sociale\",\"datePublished\":\"2006-07-04T21:42:54+00:00\",\"mainEntityOfPage\":{\"@id\":\"https:\\\/\\\/www.fullo.net\\\/blog\\\/2006\\\/07\\\/04\\\/diversamente-sociale\\\/\"},\"wordCount\":17,\"commentCount\":14,\"publisher\":{\"@id\":\"https:\\\/\\\/www.fullo.net\\\/blog\\\/#\\\/schema\\\/person\\\/24e91bc6caea6c411a8668df5639428c\"},\"keywords\":[\"anti-mondiale\",\"antisocial\",\"no-calcio\",\"pensieri\"],\"articleSection\":[\"pensieri\"],\"inLanguage\":\"en-US\",\"potentialAction\":[{\"@type\":\"CommentAction\",\"name\":\"Comment\",\"target\":[\"https:\\\/\\\/www.fullo.net\\\/blog\\\/2006\\\/07\\\/04\\\/diversamente-sociale\\\/#respond\"]}]},{\"@type\":\"WebPage\",\"@id\":\"https:\\\/\\\/www.fullo.net\\\/blog\\\/2006\\\/07\\\/04\\\/diversamente-sociale\\\/\",\"url\":\"https:\\\/\\\/www.fullo.net\\\/blog\\\/2006\\\/07\\\/04\\\/diversamente-sociale\\\/\",\"name\":\"Diversamente Sociale - Fullo\",\"isPartOf\":{\"@id\":\"https:\\\/\\\/www.fullo.net\\\/blog\\\/#website\"},\"datePublished\":\"2006-07-04T21:42:54+00:00\",\"breadcrumb\":{\"@id\":\"https:\\\/\\\/www.fullo.net\\\/blog\\\/2006\\\/07\\\/04\\\/diversamente-sociale\\\/#breadcrumb\"},\"inLanguage\":\"en-US\",\"potentialAction\":[{\"@type\":\"ReadAction\",\"target\":[\"https:\\\/\\\/www.fullo.net\\\/blog\\\/2006\\\/07\\\/04\\\/diversamente-sociale\\\/\"]}]},{\"@type\":\"BreadcrumbList\",\"@id\":\"https:\\\/\\\/www.fullo.net\\\/blog\\\/2006\\\/07\\\/04\\\/diversamente-sociale\\\/#breadcrumb\",\"itemListElement\":[{\"@type\":\"ListItem\",\"position\":1,\"name\":\"Home\",\"item\":\"https:\\\/\\\/www.fullo.net\\\/blog\\\/\"},{\"@type\":\"ListItem\",\"position\":2,\"name\":\"Diversamente Sociale\"}]},{\"@type\":\"WebSite\",\"@id\":\"https:\\\/\\\/www.fullo.net\\\/blog\\\/#website\",\"url\":\"https:\\\/\\\/www.fullo.net\\\/blog\\\/\",\"name\":\"Fullo\",\"description\":\"nulla e&#039; impossibile per chi non lo deve fare!\",\"publisher\":{\"@id\":\"https:\\\/\\\/www.fullo.net\\\/blog\\\/#\\\/schema\\\/person\\\/24e91bc6caea6c411a8668df5639428c\"},\"potentialAction\":[{\"@type\":\"SearchAction\",\"target\":{\"@type\":\"EntryPoint\",\"urlTemplate\":\"https:\\\/\\\/www.fullo.net\\\/blog\\\/?s={search_term_string}\"},\"query-input\":{\"@type\":\"PropertyValueSpecification\",\"valueRequired\":true,\"valueName\":\"search_term_string\"}}],\"inLanguage\":\"en-US\"},{\"@type\":[\"Person\",\"Organization\"],\"@id\":\"https:\\\/\\\/www.fullo.net\\\/blog\\\/#\\\/schema\\\/person\\\/24e91bc6caea6c411a8668df5639428c\",\"name\":\"Francesco Fullone\",\"image\":{\"@type\":\"ImageObject\",\"inLanguage\":\"en-US\",\"@id\":\"https:\\\/\\\/i0.wp.com\\\/www.fullo.net\\\/blog\\\/wp-content\\\/uploads\\\/2024\\\/10\\\/hawiaina-gold-circled-white.png?fit=622%2C622&ssl=1\",\"url\":\"https:\\\/\\\/i0.wp.com\\\/www.fullo.net\\\/blog\\\/wp-content\\\/uploads\\\/2024\\\/10\\\/hawiaina-gold-circled-white.png?fit=622%2C622&ssl=1\",\"contentUrl\":\"https:\\\/\\\/i0.wp.com\\\/www.fullo.net\\\/blog\\\/wp-content\\\/uploads\\\/2024\\\/10\\\/hawiaina-gold-circled-white.png?fit=622%2C622&ssl=1\",\"width\":622,\"height\":622,\"caption\":\"Francesco Fullone\"},\"logo\":{\"@id\":\"https:\\\/\\\/i0.wp.com\\\/www.fullo.net\\\/blog\\\/wp-content\\\/uploads\\\/2024\\\/10\\\/hawiaina-gold-circled-white.png?fit=622%2C622&ssl=1\"},\"sameAs\":[\"http:\\\/\\\/www.fullo.net\",\"https:\\\/\\\/www.linkedin.com\\\/in\\\/fullo\",\"https:\\\/\\\/x.com\\\/fullo\"],\"url\":\"https:\\\/\\\/www.fullo.net\\\/blog\\\/author\\\/fullo\\\/\"}]}<\/script>\n<!-- \/ Yoast SEO plugin. -->","yoast_head_json":{"title":"Diversamente Sociale - Fullo","robots":{"index":"index","follow":"follow","max-snippet":"max-snippet:-1","max-image-preview":"max-image-preview:large","max-video-preview":"max-video-preview:-1"},"canonical":"https:\/\/www.fullo.net\/blog\/2006\/07\/04\/diversamente-sociale\/","og_locale":"en_US","og_type":"article","og_title":"Diversamente Sociale - Fullo","og_description":"E&#8217; pi\u00f9 forte di me&#8230; ma il clima da mondiale mi da solo fastidio&#8230; ciuaz","og_url":"https:\/\/www.fullo.net\/blog\/2006\/07\/04\/diversamente-sociale\/","og_site_name":"Fullo","article_published_time":"2006-07-04T21:42:54+00:00","author":"Francesco Fullone","twitter_card":"summary_large_image","twitter_creator":"@fullo","twitter_site":"@fullo","twitter_misc":{"Written by":"Francesco Fullone"},"schema":{"@context":"https:\/\/schema.org","@graph":[{"@type":"Article","@id":"https:\/\/www.fullo.net\/blog\/2006\/07\/04\/diversamente-sociale\/#article","isPartOf":{"@id":"https:\/\/www.fullo.net\/blog\/2006\/07\/04\/diversamente-sociale\/"},"author":{"name":"Francesco Fullone","@id":"https:\/\/www.fullo.net\/blog\/#\/schema\/person\/24e91bc6caea6c411a8668df5639428c"},"headline":"Diversamente Sociale","datePublished":"2006-07-04T21:42:54+00:00","mainEntityOfPage":{"@id":"https:\/\/www.fullo.net\/blog\/2006\/07\/04\/diversamente-sociale\/"},"wordCount":17,"commentCount":14,"publisher":{"@id":"https:\/\/www.fullo.net\/blog\/#\/schema\/person\/24e91bc6caea6c411a8668df5639428c"},"keywords":["anti-mondiale","antisocial","no-calcio","pensieri"],"articleSection":["pensieri"],"inLanguage":"en-US","potentialAction":[{"@type":"CommentAction","name":"Comment","target":["https:\/\/www.fullo.net\/blog\/2006\/07\/04\/diversamente-sociale\/#respond"]}]},{"@type":"WebPage","@id":"https:\/\/www.fullo.net\/blog\/2006\/07\/04\/diversamente-sociale\/","url":"https:\/\/www.fullo.net\/blog\/2006\/07\/04\/diversamente-sociale\/","name":"Diversamente Sociale - Fullo","isPartOf":{"@id":"https:\/\/www.fullo.net\/blog\/#website"},"datePublished":"2006-07-04T21:42:54+00:00","breadcrumb":{"@id":"https:\/\/www.fullo.net\/blog\/2006\/07\/04\/diversamente-sociale\/#breadcrumb"},"inLanguage":"en-US","potentialAction":[{"@type":"ReadAction","target":["https:\/\/www.fullo.net\/blog\/2006\/07\/04\/diversamente-sociale\/"]}]},{"@type":"BreadcrumbList","@id":"https:\/\/www.fullo.net\/blog\/2006\/07\/04\/diversamente-sociale\/#breadcrumb","itemListElement":[{"@type":"ListItem","position":1,"name":"Home","item":"https:\/\/www.fullo.net\/blog\/"},{"@type":"ListItem","position":2,"name":"Diversamente Sociale"}]},{"@type":"WebSite","@id":"https:\/\/www.fullo.net\/blog\/#website","url":"https:\/\/www.fullo.net\/blog\/","name":"Fullo","description":"nulla e&#039; impossibile per chi non lo deve fare!","publisher":{"@id":"https:\/\/www.fullo.net\/blog\/#\/schema\/person\/24e91bc6caea6c411a8668df5639428c"},"potentialAction":[{"@type":"SearchAction","target":{"@type":"EntryPoint","urlTemplate":"https:\/\/www.fullo.net\/blog\/?s={search_term_string}"},"query-input":{"@type":"PropertyValueSpecification","valueRequired":true,"valueName":"search_term_string"}}],"inLanguage":"en-US"},{"@type":["Person","Organization"],"@id":"https:\/\/www.fullo.net\/blog\/#\/schema\/person\/24e91bc6caea6c411a8668df5639428c","name":"Francesco Fullone","image":{"@type":"ImageObject","inLanguage":"en-US","@id":"https:\/\/i0.wp.com\/www.fullo.net\/blog\/wp-content\/uploads\/2024\/10\/hawiaina-gold-circled-white.png?fit=622%2C622&ssl=1","url":"https:\/\/i0.wp.com\/www.fullo.net\/blog\/wp-content\/uploads\/2024\/10\/hawiaina-gold-circled-white.png?fit=622%2C622&ssl=1","contentUrl":"https:\/\/i0.wp.com\/www.fullo.net\/blog\/wp-content\/uploads\/2024\/10\/hawiaina-gold-circled-white.png?fit=622%2C622&ssl=1","width":622,"height":622,"caption":"Francesco Fullone"},"logo":{"@id":"https:\/\/i0.wp.com\/www.fullo.net\/blog\/wp-content\/uploads\/2024\/10\/hawiaina-gold-circled-white.png?fit=622%2C622&ssl=1"},"sameAs":["http:\/\/www.fullo.net","https:\/\/www.linkedin.com\/in\/fullo","https:\/\/x.com\/fullo"],"url":"https:\/\/www.fullo.net\/blog\/author\/fullo\/"}]}},"jetpack_publicize_connections":[],"jetpack_featured_media_url":"","jetpack_sharing_enabled":true,"jetpack_shortlink":"https:\/\/wp.me\/p3OSc1-we","jetpack_likes_enabled":true,"jetpack-related-posts":[{"id":2665,"url":"https:\/\/www.fullo.net\/blog\/2009\/09\/28\/kaizen-kata-bunkai-e-barcamp\/","url_meta":{"origin":1998,"position":0},"title":"Kaizen, Kata, Bunkai e BarCamp?","author":"Francesco Fullone","date":"28\/09\/2009","format":false,"excerpt":"Non sono mai stato un esperto di arti marziali, quello che per\u00f2 mi ha sempre affascinato di queste discipline \u00e8 la necessit\u00e0 di viverle come uno strumento necessario al continuo miglioramento. Un miglioramento necessario, negli anime a combattere il nemico pi\u00f9 forte (la cosiddetta sindrome da DragonBall), ad affrontare i\u2026","rel":"","context":"In &quot;eventi&quot;","block_context":{"text":"eventi","link":"https:\/\/www.fullo.net\/blog\/category\/eventi\/"},"img":{"alt_text":"","src":"","width":0,"height":0},"classes":[]},{"id":1745,"url":"https:\/\/www.fullo.net\/blog\/2005\/11\/11\/ce-sempre-da-imparare\/","url_meta":{"origin":1998,"position":1},"title":"C&#8217;\u00e8 sempre da imparare&#8230;","author":"Francesco Fullone","date":"11\/11\/2005","format":false,"excerpt":"E la lezione di oggi \u00e8: Non far partire offerte di lavoro sul tuo blog personale, solo perch\u00e8 \u00e8 il modo pi\u00f9 rapido che conosci per contattare circa 3000 persone senza sforzo, se prima il richiedente non ti da delle garanzie scritte, controfirmate e vidimante da un notaio. vabb\u00e8, mi\u2026","rel":"","context":"In &quot;lifehack&quot;","block_context":{"text":"lifehack","link":"https:\/\/www.fullo.net\/blog\/category\/di-tutto-un-po\/lifehack\/"},"img":{"alt_text":"","src":"","width":0,"height":0},"classes":[]},{"id":2439,"url":"https:\/\/www.fullo.net\/blog\/2008\/07\/12\/di-techtalk-web20-ed-altro\/","url_meta":{"origin":1998,"position":2},"title":"Di TechTalk, web2.0 ed imprenditoria.","author":"Francesco Fullone","date":"12\/07\/2008","format":false,"excerpt":"Da quando sono tornato a fare l' \"imprenditore\" sto vivendo una fase della mia vita alquanto interessante e movimentata. Il TechTalk ne \u00e8 stato appunto un esempio lampante. Tralasciando il \"calcio fiorentino da piscina\" di cui mi porto ancora dietro i lividi, l'evento\/weekend mi ha permesso di discutere di progetti\u2026","rel":"","context":"In &quot;eventi&quot;","block_context":{"text":"eventi","link":"https:\/\/www.fullo.net\/blog\/category\/eventi\/"},"img":{"alt_text":"","src":"","width":0,"height":0},"classes":[]},{"id":2624,"url":"https:\/\/www.fullo.net\/blog\/2009\/04\/19\/social-software\/","url_meta":{"origin":1998,"position":3},"title":"Social Software","author":"Francesco Fullone","date":"19\/04\/2009","format":false,"excerpt":"Mentre preparavo le slide per il mini talk di 10 minuti al MiniCamp di domani mi sono riletto questo thread su FriendFeed fatto partire da Nicola. E mi sono accorto che tutti parlano di social software inteso come pura interazione di persone, mentre il sottoscritto ne ha una visione leggermente\u2026","rel":"","context":"In &quot;eventi&quot;","block_context":{"text":"eventi","link":"https:\/\/www.fullo.net\/blog\/category\/eventi\/"},"img":{"alt_text":"","src":"","width":0,"height":0},"classes":[]},{"id":253,"url":"https:\/\/www.fullo.net\/blog\/2003\/05\/12\/webbit-a-mente-fredda\/","url_meta":{"origin":1998,"position":4},"title":"webb.it a mente fredda","author":"Francesco Fullone","date":"12\/05\/2003","format":false,"excerpt":"e come fan tutti anche io lascio ai posteri le mie personali conclusioni tratte da questi tre giorni passati a Padova. Mi sono divertito, ma mi sono divertito pi\u00f9 che altro per la compagnia (scarrozzata da casa). Quest'anno il webb.it \u00e8 stato, a mio parere, troppo commerciale perdendo, ulteriormente, quell'aria\u2026","rel":"","context":"In &quot;pensieri&quot;","block_context":{"text":"pensieri","link":"https:\/\/www.fullo.net\/blog\/category\/pensieri\/"},"img":{"alt_text":"","src":"","width":0,"height":0},"classes":[]},{"id":1626,"url":"https:\/\/www.fullo.net\/blog\/2005\/09\/04\/ajax-rulez-si-ma-con-qualche-dubbio\/","url_meta":{"origin":1998,"position":5},"title":"Ajax rulez? Si, ma con qualche dubbio&#8230;","author":"Francesco Fullone","date":"04\/09\/2005","format":false,"excerpt":"Sto lavorando ad un progetto per un cliente ed ho deciso per alcune form di utilizzare tecniche ajax. Per la precisione, visto che la complessit\u00e0 delle funzioni a me necessarie non \u00e8 elevatissima mi sono limitato alla libreria SACK per la trasmissione dei dati affiancata da Script.aculo.us per quel che\u2026","rel":"","context":"In &quot;ajax&quot;","block_context":{"text":"ajax","link":"https:\/\/www.fullo.net\/blog\/category\/tecnologia\/ajax\/"},"img":{"alt_text":"","src":"","width":0,"height":0},"classes":[]}],"_links":{"self":[{"href":"https:\/\/www.fullo.net\/blog\/wp-json\/wp\/v2\/posts\/1998","targetHints":{"allow":["GET"]}}],"collection":[{"href":"https:\/\/www.fullo.net\/blog\/wp-json\/wp\/v2\/posts"}],"about":[{"href":"https:\/\/www.fullo.net\/blog\/wp-json\/wp\/v2\/types\/post"}],"author":[{"embeddable":true,"href":"https:\/\/www.fullo.net\/blog\/wp-json\/wp\/v2\/users\/1"}],"replies":[{"embeddable":true,"href":"https:\/\/www.fullo.net\/blog\/wp-json\/wp\/v2\/comments?post=1998"}],"version-history":[{"count":0,"href":"https:\/\/www.fullo.net\/blog\/wp-json\/wp\/v2\/posts\/1998\/revisions"}],"wp:attachment":[{"href":"https:\/\/www.fullo.net\/blog\/wp-json\/wp\/v2\/media?parent=1998"}],"wp:term":[{"taxonomy":"category","embeddable":true,"href":"https:\/\/www.fullo.net\/blog\/wp-json\/wp\/v2\/categories?post=1998"},{"taxonomy":"post_tag","embeddable":true,"href":"https:\/\/www.fullo.net\/blog\/wp-json\/wp\/v2\/tags?post=1998"}],"curies":[{"name":"wp","href":"https:\/\/api.w.org\/{rel}","templated":true}]}}