{"id":2060,"date":"2006-09-21T12:09:21","date_gmt":"2006-09-21T10:09:21","guid":{"rendered":"https:\/\/www.fullo.net\/blog\/archives\/2006\/09\/21\/blogdinner-romagna-il-punto-della-situazione\/"},"modified":"2006-09-22T09:51:51","modified_gmt":"2006-09-22T07:51:51","slug":"blogdinner-romagna-il-punto-della-situazione","status":"publish","type":"post","link":"https:\/\/www.fullo.net\/blog\/2006\/09\/21\/blogdinner-romagna-il-punto-della-situazione\/","title":{"rendered":"BlogDinner Romagna, il punto della situazione"},"content":{"rendered":"<p>La cena si far\u00e0! :)<\/p>\n<p>Ci si ritrova alle 21.00 al Class Hotel (subito fuori al casello dell&#8217;autostrada sulla destra) per poi andare a mangiare alla Trattoria Agrigurismo &#8220;Carloni&#8221; in via Castel Raniero, 46 a Faenza.<\/p>\n<p>Il men\u00f9 \u00e8 il classico tris di &#8220;<em>minestre<\/em>&#8220;, carnazza con verdure e grappe assortite con una spesa di circa 20 euro procapite.<\/p>\n<p>Per chi si volesse aggiungere all&#8217;ultimo minuto devo dare conferma dei posti entro le 18.00 di oggi, per ora siamo in 12&#8230; :)<\/p>\n<p>Partecipanti in ordine sparso:<br \/>\n&#8211; <a href=\"http:\/\/blog.tassoman.com\/\">Tassoman<\/a> e <a href=\"http:\/\/www.dangerous-mind.net\/silvia\/\">Silvia<\/a><br \/>\n&#8211; <a href=\"http:\/\/www.cphp.it\">CPHP<\/a><br \/>\n&#8211; <a href=\"http:\/\/www.sardanapalo.net\/wpf\">Sardanapalo<\/a><br \/>\n&#8211; <a href=\"http:\/\/www.skyflash.it\">Skyblog<\/a> +1<br \/>\n&#8211; <a href=\"http:\/\/kayblog.splinder.com\">Kayblog<\/a><br \/>\n&#8211; <a href=\"http:\/\/www.ztl.eu\/\">Z.t.l.<\/a><br \/>\n&#8211; <a href=\"http:\/\/www.elogiodelcazzeggio.it\/it\/index.php\">Mauro<\/a> +1<br \/>\n&#8211; Fullo + 1<br \/>\n&#8211; <a href=\"http:\/\/www.lastexxit.com\/\">Davide<\/a> (se trova lo strappo da bologna)<\/p>\n<p>In forse<br \/>\n&#8211; <del datetime=\"2006-09-22T07:52:40+00:00\"><a href=\"http:\/\/daniele.wordpress.com\">Daniele<\/a> (?)<\/del><\/p>\n<p>ciuaz<\/p>\n","protected":false},"excerpt":{"rendered":"<p>La cena si far\u00e0! :) Ci si ritrova alle 21.00 al Class Hotel (subito fuori al casello dell&#8217;autostrada sulla destra) per poi andare a mangiare alla Trattoria Agrigurismo &#8220;Carloni&#8221; in via Castel Raniero, 46 a Faenza. Il men\u00f9 \u00e8 il classico tris di &#8220;minestre&#8220;, carnazza con verdure e grappe assortite con una spesa di circa [&hellip;]<\/p>\n","protected":false},"author":1,"featured_media":0,"comment_status":"open","ping_status":"open","sticky":false,"template":"","format":"standard","meta":{"jetpack_post_was_ever_published":false,"_jetpack_newsletter_access":"","_jetpack_dont_email_post_to_subs":false,"_jetpack_newsletter_tier_id":0,"_jetpack_memberships_contains_paywalled_content":false,"_jetpack_memberships_contains_paid_content":false,"footnotes":"","jetpack_publicize_message":"","jetpack_publicize_feature_enabled":true,"jetpack_social_post_already_shared":false,"jetpack_social_options":{"image_generator_settings":{"template":"highway","default_image_id":0,"font":"","enabled":false},"version":2}},"categories":[17],"tags":[63,1401,1476,1417,922,1207,1477],"class_list":["post-2060","post","type-post","status-publish","format-standard","hentry","category-eventi","tag-blog","tag-blogdinner","tag-blogsfera","tag-cene","tag-cibo","tag-faenza","tag-romagna"],"yoast_head":"<!-- This site is optimized with the Yoast SEO plugin v27.4 - https:\/\/yoast.com\/product\/yoast-seo-wordpress\/ -->\n<title>BlogDinner Romagna, il punto della situazione - Fullo<\/title>\n<meta name=\"robots\" content=\"index, follow, max-snippet:-1, max-image-preview:large, max-video-preview:-1\" \/>\n<link rel=\"canonical\" href=\"https:\/\/www.fullo.net\/blog\/2006\/09\/21\/blogdinner-romagna-il-punto-della-situazione\/\" \/>\n<meta property=\"og:locale\" content=\"en_US\" \/>\n<meta property=\"og:type\" content=\"article\" \/>\n<meta property=\"og:title\" content=\"BlogDinner Romagna, il punto della situazione - Fullo\" \/>\n<meta property=\"og:description\" content=\"La cena si far\u00e0! :) Ci si ritrova alle 21.00 al Class Hotel (subito fuori al casello dell&#8217;autostrada sulla destra) per poi andare a mangiare alla Trattoria Agrigurismo &#8220;Carloni&#8221; in via Castel Raniero, 46 a Faenza. Il men\u00f9 \u00e8 il classico tris di &#8220;minestre&#8220;, carnazza con verdure e grappe assortite con una spesa di circa [&hellip;]\" \/>\n<meta property=\"og:url\" content=\"https:\/\/www.fullo.net\/blog\/2006\/09\/21\/blogdinner-romagna-il-punto-della-situazione\/\" \/>\n<meta property=\"og:site_name\" content=\"Fullo\" \/>\n<meta property=\"article:published_time\" content=\"2006-09-21T10:09:21+00:00\" \/>\n<meta property=\"article:modified_time\" content=\"2006-09-22T07:51:51+00:00\" \/>\n<meta name=\"author\" content=\"Francesco Fullone\" \/>\n<meta name=\"twitter:card\" content=\"summary_large_image\" \/>\n<meta name=\"twitter:creator\" content=\"@fullo\" \/>\n<meta name=\"twitter:site\" content=\"@fullo\" \/>\n<meta name=\"twitter:label1\" content=\"Written by\" \/>\n\t<meta name=\"twitter:data1\" content=\"Francesco Fullone\" \/>\n\t<meta name=\"twitter:label2\" content=\"Est. reading time\" \/>\n\t<meta name=\"twitter:data2\" content=\"1 minute\" \/>\n<script type=\"application\/ld+json\" class=\"yoast-schema-graph\">{\"@context\":\"https:\\\/\\\/schema.org\",\"@graph\":[{\"@type\":\"Article\",\"@id\":\"https:\\\/\\\/www.fullo.net\\\/blog\\\/2006\\\/09\\\/21\\\/blogdinner-romagna-il-punto-della-situazione\\\/#article\",\"isPartOf\":{\"@id\":\"https:\\\/\\\/www.fullo.net\\\/blog\\\/2006\\\/09\\\/21\\\/blogdinner-romagna-il-punto-della-situazione\\\/\"},\"author\":{\"name\":\"Francesco Fullone\",\"@id\":\"https:\\\/\\\/www.fullo.net\\\/blog\\\/#\\\/schema\\\/person\\\/24e91bc6caea6c411a8668df5639428c\"},\"headline\":\"BlogDinner Romagna, il punto della situazione\",\"datePublished\":\"2006-09-21T10:09:21+00:00\",\"dateModified\":\"2006-09-22T07:51:51+00:00\",\"mainEntityOfPage\":{\"@id\":\"https:\\\/\\\/www.fullo.net\\\/blog\\\/2006\\\/09\\\/21\\\/blogdinner-romagna-il-punto-della-situazione\\\/\"},\"wordCount\":118,\"commentCount\":8,\"publisher\":{\"@id\":\"https:\\\/\\\/www.fullo.net\\\/blog\\\/#\\\/schema\\\/person\\\/24e91bc6caea6c411a8668df5639428c\"},\"keywords\":[\"blog\",\"blogdinner\",\"blogsfera\",\"cene\",\"cibo\",\"faenza\",\"romagna\"],\"articleSection\":[\"eventi\"],\"inLanguage\":\"en-US\",\"potentialAction\":[{\"@type\":\"CommentAction\",\"name\":\"Comment\",\"target\":[\"https:\\\/\\\/www.fullo.net\\\/blog\\\/2006\\\/09\\\/21\\\/blogdinner-romagna-il-punto-della-situazione\\\/#respond\"]}]},{\"@type\":\"WebPage\",\"@id\":\"https:\\\/\\\/www.fullo.net\\\/blog\\\/2006\\\/09\\\/21\\\/blogdinner-romagna-il-punto-della-situazione\\\/\",\"url\":\"https:\\\/\\\/www.fullo.net\\\/blog\\\/2006\\\/09\\\/21\\\/blogdinner-romagna-il-punto-della-situazione\\\/\",\"name\":\"BlogDinner Romagna, il punto della situazione - Fullo\",\"isPartOf\":{\"@id\":\"https:\\\/\\\/www.fullo.net\\\/blog\\\/#website\"},\"datePublished\":\"2006-09-21T10:09:21+00:00\",\"dateModified\":\"2006-09-22T07:51:51+00:00\",\"breadcrumb\":{\"@id\":\"https:\\\/\\\/www.fullo.net\\\/blog\\\/2006\\\/09\\\/21\\\/blogdinner-romagna-il-punto-della-situazione\\\/#breadcrumb\"},\"inLanguage\":\"en-US\",\"potentialAction\":[{\"@type\":\"ReadAction\",\"target\":[\"https:\\\/\\\/www.fullo.net\\\/blog\\\/2006\\\/09\\\/21\\\/blogdinner-romagna-il-punto-della-situazione\\\/\"]}]},{\"@type\":\"BreadcrumbList\",\"@id\":\"https:\\\/\\\/www.fullo.net\\\/blog\\\/2006\\\/09\\\/21\\\/blogdinner-romagna-il-punto-della-situazione\\\/#breadcrumb\",\"itemListElement\":[{\"@type\":\"ListItem\",\"position\":1,\"name\":\"Home\",\"item\":\"https:\\\/\\\/www.fullo.net\\\/blog\\\/\"},{\"@type\":\"ListItem\",\"position\":2,\"name\":\"BlogDinner Romagna, il punto della situazione\"}]},{\"@type\":\"WebSite\",\"@id\":\"https:\\\/\\\/www.fullo.net\\\/blog\\\/#website\",\"url\":\"https:\\\/\\\/www.fullo.net\\\/blog\\\/\",\"name\":\"Fullo\",\"description\":\"nulla e&#039; impossibile per chi non lo deve fare!\",\"publisher\":{\"@id\":\"https:\\\/\\\/www.fullo.net\\\/blog\\\/#\\\/schema\\\/person\\\/24e91bc6caea6c411a8668df5639428c\"},\"potentialAction\":[{\"@type\":\"SearchAction\",\"target\":{\"@type\":\"EntryPoint\",\"urlTemplate\":\"https:\\\/\\\/www.fullo.net\\\/blog\\\/?s={search_term_string}\"},\"query-input\":{\"@type\":\"PropertyValueSpecification\",\"valueRequired\":true,\"valueName\":\"search_term_string\"}}],\"inLanguage\":\"en-US\"},{\"@type\":[\"Person\",\"Organization\"],\"@id\":\"https:\\\/\\\/www.fullo.net\\\/blog\\\/#\\\/schema\\\/person\\\/24e91bc6caea6c411a8668df5639428c\",\"name\":\"Francesco Fullone\",\"image\":{\"@type\":\"ImageObject\",\"inLanguage\":\"en-US\",\"@id\":\"https:\\\/\\\/i0.wp.com\\\/www.fullo.net\\\/blog\\\/wp-content\\\/uploads\\\/2024\\\/10\\\/hawiaina-gold-circled-white.png?fit=622%2C622&ssl=1\",\"url\":\"https:\\\/\\\/i0.wp.com\\\/www.fullo.net\\\/blog\\\/wp-content\\\/uploads\\\/2024\\\/10\\\/hawiaina-gold-circled-white.png?fit=622%2C622&ssl=1\",\"contentUrl\":\"https:\\\/\\\/i0.wp.com\\\/www.fullo.net\\\/blog\\\/wp-content\\\/uploads\\\/2024\\\/10\\\/hawiaina-gold-circled-white.png?fit=622%2C622&ssl=1\",\"width\":622,\"height\":622,\"caption\":\"Francesco Fullone\"},\"logo\":{\"@id\":\"https:\\\/\\\/i0.wp.com\\\/www.fullo.net\\\/blog\\\/wp-content\\\/uploads\\\/2024\\\/10\\\/hawiaina-gold-circled-white.png?fit=622%2C622&ssl=1\"},\"sameAs\":[\"http:\\\/\\\/www.fullo.net\",\"https:\\\/\\\/www.linkedin.com\\\/in\\\/fullo\",\"https:\\\/\\\/x.com\\\/fullo\"],\"url\":\"https:\\\/\\\/www.fullo.net\\\/blog\\\/author\\\/fullo\\\/\"}]}<\/script>\n<!-- \/ Yoast SEO plugin. -->","yoast_head_json":{"title":"BlogDinner Romagna, il punto della situazione - Fullo","robots":{"index":"index","follow":"follow","max-snippet":"max-snippet:-1","max-image-preview":"max-image-preview:large","max-video-preview":"max-video-preview:-1"},"canonical":"https:\/\/www.fullo.net\/blog\/2006\/09\/21\/blogdinner-romagna-il-punto-della-situazione\/","og_locale":"en_US","og_type":"article","og_title":"BlogDinner Romagna, il punto della situazione - Fullo","og_description":"La cena si far\u00e0! :) Ci si ritrova alle 21.00 al Class Hotel (subito fuori al casello dell&#8217;autostrada sulla destra) per poi andare a mangiare alla Trattoria Agrigurismo &#8220;Carloni&#8221; in via Castel Raniero, 46 a Faenza. Il men\u00f9 \u00e8 il classico tris di &#8220;minestre&#8220;, carnazza con verdure e grappe assortite con una spesa di circa [&hellip;]","og_url":"https:\/\/www.fullo.net\/blog\/2006\/09\/21\/blogdinner-romagna-il-punto-della-situazione\/","og_site_name":"Fullo","article_published_time":"2006-09-21T10:09:21+00:00","article_modified_time":"2006-09-22T07:51:51+00:00","author":"Francesco Fullone","twitter_card":"summary_large_image","twitter_creator":"@fullo","twitter_site":"@fullo","twitter_misc":{"Written by":"Francesco Fullone","Est. reading time":"1 minute"},"schema":{"@context":"https:\/\/schema.org","@graph":[{"@type":"Article","@id":"https:\/\/www.fullo.net\/blog\/2006\/09\/21\/blogdinner-romagna-il-punto-della-situazione\/#article","isPartOf":{"@id":"https:\/\/www.fullo.net\/blog\/2006\/09\/21\/blogdinner-romagna-il-punto-della-situazione\/"},"author":{"name":"Francesco Fullone","@id":"https:\/\/www.fullo.net\/blog\/#\/schema\/person\/24e91bc6caea6c411a8668df5639428c"},"headline":"BlogDinner Romagna, il punto della situazione","datePublished":"2006-09-21T10:09:21+00:00","dateModified":"2006-09-22T07:51:51+00:00","mainEntityOfPage":{"@id":"https:\/\/www.fullo.net\/blog\/2006\/09\/21\/blogdinner-romagna-il-punto-della-situazione\/"},"wordCount":118,"commentCount":8,"publisher":{"@id":"https:\/\/www.fullo.net\/blog\/#\/schema\/person\/24e91bc6caea6c411a8668df5639428c"},"keywords":["blog","blogdinner","blogsfera","cene","cibo","faenza","romagna"],"articleSection":["eventi"],"inLanguage":"en-US","potentialAction":[{"@type":"CommentAction","name":"Comment","target":["https:\/\/www.fullo.net\/blog\/2006\/09\/21\/blogdinner-romagna-il-punto-della-situazione\/#respond"]}]},{"@type":"WebPage","@id":"https:\/\/www.fullo.net\/blog\/2006\/09\/21\/blogdinner-romagna-il-punto-della-situazione\/","url":"https:\/\/www.fullo.net\/blog\/2006\/09\/21\/blogdinner-romagna-il-punto-della-situazione\/","name":"BlogDinner Romagna, il punto della situazione - Fullo","isPartOf":{"@id":"https:\/\/www.fullo.net\/blog\/#website"},"datePublished":"2006-09-21T10:09:21+00:00","dateModified":"2006-09-22T07:51:51+00:00","breadcrumb":{"@id":"https:\/\/www.fullo.net\/blog\/2006\/09\/21\/blogdinner-romagna-il-punto-della-situazione\/#breadcrumb"},"inLanguage":"en-US","potentialAction":[{"@type":"ReadAction","target":["https:\/\/www.fullo.net\/blog\/2006\/09\/21\/blogdinner-romagna-il-punto-della-situazione\/"]}]},{"@type":"BreadcrumbList","@id":"https:\/\/www.fullo.net\/blog\/2006\/09\/21\/blogdinner-romagna-il-punto-della-situazione\/#breadcrumb","itemListElement":[{"@type":"ListItem","position":1,"name":"Home","item":"https:\/\/www.fullo.net\/blog\/"},{"@type":"ListItem","position":2,"name":"BlogDinner Romagna, il punto della situazione"}]},{"@type":"WebSite","@id":"https:\/\/www.fullo.net\/blog\/#website","url":"https:\/\/www.fullo.net\/blog\/","name":"Fullo","description":"nulla e&#039; impossibile per chi non lo deve fare!","publisher":{"@id":"https:\/\/www.fullo.net\/blog\/#\/schema\/person\/24e91bc6caea6c411a8668df5639428c"},"potentialAction":[{"@type":"SearchAction","target":{"@type":"EntryPoint","urlTemplate":"https:\/\/www.fullo.net\/blog\/?s={search_term_string}"},"query-input":{"@type":"PropertyValueSpecification","valueRequired":true,"valueName":"search_term_string"}}],"inLanguage":"en-US"},{"@type":["Person","Organization"],"@id":"https:\/\/www.fullo.net\/blog\/#\/schema\/person\/24e91bc6caea6c411a8668df5639428c","name":"Francesco Fullone","image":{"@type":"ImageObject","inLanguage":"en-US","@id":"https:\/\/i0.wp.com\/www.fullo.net\/blog\/wp-content\/uploads\/2024\/10\/hawiaina-gold-circled-white.png?fit=622%2C622&ssl=1","url":"https:\/\/i0.wp.com\/www.fullo.net\/blog\/wp-content\/uploads\/2024\/10\/hawiaina-gold-circled-white.png?fit=622%2C622&ssl=1","contentUrl":"https:\/\/i0.wp.com\/www.fullo.net\/blog\/wp-content\/uploads\/2024\/10\/hawiaina-gold-circled-white.png?fit=622%2C622&ssl=1","width":622,"height":622,"caption":"Francesco Fullone"},"logo":{"@id":"https:\/\/i0.wp.com\/www.fullo.net\/blog\/wp-content\/uploads\/2024\/10\/hawiaina-gold-circled-white.png?fit=622%2C622&ssl=1"},"sameAs":["http:\/\/www.fullo.net","https:\/\/www.linkedin.com\/in\/fullo","https:\/\/x.com\/fullo"],"url":"https:\/\/www.fullo.net\/blog\/author\/fullo\/"}]}},"jetpack_publicize_connections":[],"jetpack_featured_media_url":"","jetpack_sharing_enabled":true,"jetpack_shortlink":"https:\/\/wp.me\/p3OSc1-xe","jetpack_likes_enabled":true,"jetpack-related-posts":[{"id":2245,"url":"https:\/\/www.fullo.net\/blog\/2007\/04\/10\/la-blogdinner-romagna-di-fa-il-20-aprile\/","url_meta":{"origin":2060,"position":0},"title":"La BlogDinner roMagna di fa il 20 Aprile!","author":"Francesco Fullone","date":"10\/04\/2007","format":false,"excerpt":"Ultimi giorni per prenotarsi alla blogDinner roMagnola, la data direi che \u00e8 quella del 20 di Aprile (venerd\u00ec), il luogo (vista la mia spiccata passione per gli spostamenti e le novit\u00e0) rimane Faenza. Fatevi vivi, il 18 chiudo le prenotazioni ;) tag della cena: \"blogdinner romagna\" ciuaz","rel":"","context":"In &quot;eventi&quot;","block_context":{"text":"eventi","link":"https:\/\/www.fullo.net\/blog\/category\/eventi\/"},"img":{"alt_text":"","src":"","width":0,"height":0},"classes":[]},{"id":2392,"url":"https:\/\/www.fullo.net\/blog\/2008\/01\/10\/blogdinner-romagna-6\/","url_meta":{"origin":2060,"position":1},"title":"blogDinner roMagna","author":"Francesco Fullone","date":"10\/01\/2008","format":false,"excerpt":"Come la morte, le tasse ed altre cose \"necessarie\" \u00e8 arrivato il tempo di organizzare la prossima blogDinner roMagnola! Questa quinta edizione della mangiata a base di tris-di-minestre, braciole e formaggi tipici si svolger\u00e0 (come al solito) a Faenza presso l'agriturismo Carloni sabato 9 Febbraio 2008. Siccome c\u2019\u00e8 gente che\u2026","rel":"","context":"In &quot;di tutto un po'&quot;","block_context":{"text":"di tutto un po'","link":"https:\/\/www.fullo.net\/blog\/category\/di-tutto-un-po\/"},"img":{"alt_text":"","src":"","width":0,"height":0},"classes":[]},{"id":2036,"url":"https:\/\/www.fullo.net\/blog\/2006\/08\/29\/blogdinner-romagna-3\/","url_meta":{"origin":2060,"position":2},"title":"BlogDinner Romagna","author":"Francesco Fullone","date":"29\/08\/2006","format":false,"excerpt":"Il 22 Settembre 2006 si terr\u00e0, da qualche parte nella zona compresa tra Faenza e Cesena la prima BlogDinner Romagnola. Per iscriversi ed avere maggiori informazioni seguite il link.","rel":"","context":"In &quot;eventi&quot;","block_context":{"text":"eventi","link":"https:\/\/www.fullo.net\/blog\/category\/eventi\/"},"img":{"alt_text":"tortellino blog dinner","src":"https:\/\/i0.wp.com\/www.fullo.net\/blog\/wp-content\/uploads\/2006\/08\/tortellino.png?resize=350%2C200","width":350,"height":200},"classes":[]},{"id":2248,"url":"https:\/\/www.fullo.net\/blog\/2007\/04\/14\/blogdinner-romagna-logistica-e-menu\/","url_meta":{"origin":2060,"position":3},"title":"BlogDinner roMagna, logistica e men\u00f9","author":"Francesco Fullone","date":"14\/04\/2007","format":false,"excerpt":"Ho prenotato il 20 Aprile (per 20 persone) da Carloni! Il ritrovo sar\u00e0 alle ore 20.00 (si aspetta fino alle 20.20) presso il parcheggio del Class Hotel di Faenza (solito posto per gli abitu\u00e8), che si trova alla destra del casello dell'autostrada. Siccome c'\u00e8 gente che viene dall'asse Modena-Bologna e\u2026","rel":"","context":"In &quot;di tutto un po'&quot;","block_context":{"text":"di tutto un po'","link":"https:\/\/www.fullo.net\/blog\/category\/di-tutto-un-po\/"},"img":{"alt_text":"","src":"","width":0,"height":0},"classes":[]},{"id":2130,"url":"https:\/\/www.fullo.net\/blog\/2006\/11\/27\/blogdinner-romagna-atto-secondo\/","url_meta":{"origin":2060,"position":4},"title":"BlogDinner roMagna atto secondo","author":"Francesco Fullone","date":"27\/11\/2006","format":false,"excerpt":"Il 15 o il 16 Dicembre 2006 si terr\u00e0 presso l'agriturismo Carloni a Faenza la seconda edizione della BlogDinner roMagna. Per iscriversi ed avere maggiori informazioni lasciate un commento al post. Qui invece trovate i partecipanti della prima edizione. ciuaz","rel":"","context":"In &quot;di tutto un po'&quot;","block_context":{"text":"di tutto un po'","link":"https:\/\/www.fullo.net\/blog\/category\/di-tutto-un-po\/"},"img":{"alt_text":"tortellino blog dinner","src":"https:\/\/i0.wp.com\/www.fullo.net\/blog\/wp-content\/uploads\/2006\/08\/tortellino.png?resize=350%2C200","width":350,"height":200},"classes":[]},{"id":2442,"url":"https:\/\/www.fullo.net\/blog\/2008\/07\/17\/blogdinner-romagna-summer-season\/","url_meta":{"origin":2060,"position":5},"title":"blogDinner roMagna summer season #2","author":"Francesco Fullone","date":"17\/07\/2008","format":false,"excerpt":"Ecco quindi le ultime informazioni per il blogDinner roMagna: \u201cOstaria del Mare\u201d Via Casette, 5 - Montaletto di Cervia (RA) tel. 0544 965617 - chiuso luned\u00ec Per chi viene da Nord (faenza\/bologna) o da Sud (cattolina\/rimini) il luogo di appuntamento \u00e8 davanti casello di Cesena Sud (mi fanno presente che\u2026","rel":"","context":"In &quot;eventi&quot;","block_context":{"text":"eventi","link":"https:\/\/www.fullo.net\/blog\/category\/eventi\/"},"img":{"alt_text":"","src":"","width":0,"height":0},"classes":[]}],"_links":{"self":[{"href":"https:\/\/www.fullo.net\/blog\/wp-json\/wp\/v2\/posts\/2060","targetHints":{"allow":["GET"]}}],"collection":[{"href":"https:\/\/www.fullo.net\/blog\/wp-json\/wp\/v2\/posts"}],"about":[{"href":"https:\/\/www.fullo.net\/blog\/wp-json\/wp\/v2\/types\/post"}],"author":[{"embeddable":true,"href":"https:\/\/www.fullo.net\/blog\/wp-json\/wp\/v2\/users\/1"}],"replies":[{"embeddable":true,"href":"https:\/\/www.fullo.net\/blog\/wp-json\/wp\/v2\/comments?post=2060"}],"version-history":[{"count":0,"href":"https:\/\/www.fullo.net\/blog\/wp-json\/wp\/v2\/posts\/2060\/revisions"}],"wp:attachment":[{"href":"https:\/\/www.fullo.net\/blog\/wp-json\/wp\/v2\/media?parent=2060"}],"wp:term":[{"taxonomy":"category","embeddable":true,"href":"https:\/\/www.fullo.net\/blog\/wp-json\/wp\/v2\/categories?post=2060"},{"taxonomy":"post_tag","embeddable":true,"href":"https:\/\/www.fullo.net\/blog\/wp-json\/wp\/v2\/tags?post=2060"}],"curies":[{"name":"wp","href":"https:\/\/api.w.org\/{rel}","templated":true}]}}