{"id":2068,"date":"2006-09-28T15:48:08","date_gmt":"2006-09-28T13:48:08","guid":{"rendered":"https:\/\/www.fullo.net\/blog\/archives\/2006\/09\/28\/quel-che-non-ti-aspetti-dalle-learning\/"},"modified":"2006-09-28T15:48:08","modified_gmt":"2006-09-28T13:48:08","slug":"quel-che-non-ti-aspetti-dalle-learning","status":"publish","type":"post","link":"https:\/\/www.fullo.net\/blog\/2006\/09\/28\/quel-che-non-ti-aspetti-dalle-learning\/","title":{"rendered":"Quel che non ti aspetti dall&#8217;E-learning"},"content":{"rendered":"<p>Anche se non \u00e8 proprio attiva come sperato, a causa dei pressanti impegni dei suoi <em>illustri<\/em> fondatori, da <a href=\"http:\/\/www.aproposito.org\">Apropos<\/a> ogni tanto si tira fuori dal cilindro qualche conferenza interessante. \u00c8 il caso di questa conferenza organizzata dal buon <a href=\"http:\/\/www.elogiodelcazzeggio.it\">Mauro<\/a> sull&#8217;e-learning.<\/p>\n<blockquote><p><strong>Quel che non ti aspetti dall&#8217;E-learning<\/strong><br \/>\nIl ruolo dell&#8217;e-learning nell&#8217;economia della conoscenza<\/p>\n<p>Sito: <a href=\"http:\/\/www.ilias.it\/economiadellaconoscenza\/\">http:\/\/www.ilias.it\/economiadellaconoscenza\/<\/a><br \/>\nLuogo: Museo del Patrimonio Industriale Bologna<br \/>\nMercoledi 18 Ottobre 2006<br \/>\nIscrizione: gratuita attraverso il sito<\/p>\n<p>Durante il convegno si parler\u00e0 di come le tecnologie dell&#8217;apprendimento possano svolgere un ruolo attivo nella produzione del valore nell&#8217;economia della conoscenza. L&#8217;approccio sar\u00e0 &#8220;libero&#8221; sia nel senso delle tecnologie adottate che delle metodologie proposte.<\/p><\/blockquote>\n<p>ciuaz<\/p>\n","protected":false},"excerpt":{"rendered":"<p>Anche se non \u00e8 proprio attiva come sperato, a causa dei pressanti impegni dei suoi illustri fondatori, da Apropos ogni tanto si tira fuori dal cilindro qualche conferenza interessante. \u00c8 il caso di questa conferenza organizzata dal buon Mauro sull&#8217;e-learning. Quel che non ti aspetti dall&#8217;E-learning Il ruolo dell&#8217;e-learning nell&#8217;economia della conoscenza Sito: http:\/\/www.ilias.it\/economiadellaconoscenza\/ Luogo: [&hellip;]<\/p>\n","protected":false},"author":1,"featured_media":0,"comment_status":"open","ping_status":"open","sticky":false,"template":"","format":"standard","meta":{"jetpack_post_was_ever_published":false,"_jetpack_newsletter_access":"","_jetpack_dont_email_post_to_subs":false,"_jetpack_newsletter_tier_id":0,"_jetpack_memberships_contains_paywalled_content":false,"_jetpack_memberships_contains_paid_content":false,"footnotes":"","jetpack_publicize_message":"","jetpack_publicize_feature_enabled":true,"jetpack_social_post_already_shared":false,"jetpack_social_options":{"image_generator_settings":{"template":"highway","default_image_id":0,"font":"","enabled":false},"version":2}},"categories":[17],"tags":[1495,49,1496,2254,176,1497],"class_list":["post-2068","post","type-post","status-publish","format-standard","hentry","category-eventi","tag-apropos","tag-conferenze","tag-elearning","tag-eventi","tag-opensource","tag-pa"],"yoast_head":"<!-- This site is optimized with the Yoast SEO plugin v27.5 - https:\/\/yoast.com\/product\/yoast-seo-wordpress\/ -->\n<title>Quel che non ti aspetti dall&#039;E-learning - Fullo<\/title>\n<meta name=\"robots\" content=\"index, follow, max-snippet:-1, max-image-preview:large, max-video-preview:-1\" \/>\n<link rel=\"canonical\" href=\"https:\/\/www.fullo.net\/blog\/2006\/09\/28\/quel-che-non-ti-aspetti-dalle-learning\/\" \/>\n<meta property=\"og:locale\" content=\"en_US\" \/>\n<meta property=\"og:type\" content=\"article\" \/>\n<meta property=\"og:title\" content=\"Quel che non ti aspetti dall&#039;E-learning - Fullo\" \/>\n<meta property=\"og:description\" content=\"Anche se non \u00e8 proprio attiva come sperato, a causa dei pressanti impegni dei suoi illustri fondatori, da Apropos ogni tanto si tira fuori dal cilindro qualche conferenza interessante. \u00c8 il caso di questa conferenza organizzata dal buon Mauro sull&#8217;e-learning. Quel che non ti aspetti dall&#8217;E-learning Il ruolo dell&#8217;e-learning nell&#8217;economia della conoscenza Sito: http:\/\/www.ilias.it\/economiadellaconoscenza\/ Luogo: [&hellip;]\" \/>\n<meta property=\"og:url\" content=\"https:\/\/www.fullo.net\/blog\/2006\/09\/28\/quel-che-non-ti-aspetti-dalle-learning\/\" \/>\n<meta property=\"og:site_name\" content=\"Fullo\" \/>\n<meta property=\"article:published_time\" content=\"2006-09-28T13:48:08+00:00\" \/>\n<meta name=\"author\" content=\"Francesco Fullone\" \/>\n<meta name=\"twitter:card\" content=\"summary_large_image\" \/>\n<meta name=\"twitter:creator\" content=\"@fullo\" \/>\n<meta name=\"twitter:site\" content=\"@fullo\" \/>\n<meta name=\"twitter:label1\" content=\"Written by\" \/>\n\t<meta name=\"twitter:data1\" content=\"Francesco Fullone\" \/>\n\t<meta name=\"twitter:label2\" content=\"Est. reading time\" \/>\n\t<meta name=\"twitter:data2\" content=\"1 minute\" \/>\n<script type=\"application\/ld+json\" class=\"yoast-schema-graph\">{\"@context\":\"https:\\\/\\\/schema.org\",\"@graph\":[{\"@type\":\"Article\",\"@id\":\"https:\\\/\\\/www.fullo.net\\\/blog\\\/2006\\\/09\\\/28\\\/quel-che-non-ti-aspetti-dalle-learning\\\/#article\",\"isPartOf\":{\"@id\":\"https:\\\/\\\/www.fullo.net\\\/blog\\\/2006\\\/09\\\/28\\\/quel-che-non-ti-aspetti-dalle-learning\\\/\"},\"author\":{\"name\":\"Francesco Fullone\",\"@id\":\"https:\\\/\\\/www.fullo.net\\\/blog\\\/#\\\/schema\\\/person\\\/24e91bc6caea6c411a8668df5639428c\"},\"headline\":\"Quel che non ti aspetti dall&#8217;E-learning\",\"datePublished\":\"2006-09-28T13:48:08+00:00\",\"mainEntityOfPage\":{\"@id\":\"https:\\\/\\\/www.fullo.net\\\/blog\\\/2006\\\/09\\\/28\\\/quel-che-non-ti-aspetti-dalle-learning\\\/\"},\"wordCount\":119,\"commentCount\":0,\"publisher\":{\"@id\":\"https:\\\/\\\/www.fullo.net\\\/blog\\\/#\\\/schema\\\/person\\\/24e91bc6caea6c411a8668df5639428c\"},\"keywords\":[\"apropos\",\"conferenze\",\"elearning\",\"eventi\",\"opensource\",\"pa\"],\"articleSection\":[\"eventi\"],\"inLanguage\":\"en-US\",\"potentialAction\":[{\"@type\":\"CommentAction\",\"name\":\"Comment\",\"target\":[\"https:\\\/\\\/www.fullo.net\\\/blog\\\/2006\\\/09\\\/28\\\/quel-che-non-ti-aspetti-dalle-learning\\\/#respond\"]}]},{\"@type\":\"WebPage\",\"@id\":\"https:\\\/\\\/www.fullo.net\\\/blog\\\/2006\\\/09\\\/28\\\/quel-che-non-ti-aspetti-dalle-learning\\\/\",\"url\":\"https:\\\/\\\/www.fullo.net\\\/blog\\\/2006\\\/09\\\/28\\\/quel-che-non-ti-aspetti-dalle-learning\\\/\",\"name\":\"Quel che non ti aspetti dall'E-learning - Fullo\",\"isPartOf\":{\"@id\":\"https:\\\/\\\/www.fullo.net\\\/blog\\\/#website\"},\"datePublished\":\"2006-09-28T13:48:08+00:00\",\"breadcrumb\":{\"@id\":\"https:\\\/\\\/www.fullo.net\\\/blog\\\/2006\\\/09\\\/28\\\/quel-che-non-ti-aspetti-dalle-learning\\\/#breadcrumb\"},\"inLanguage\":\"en-US\",\"potentialAction\":[{\"@type\":\"ReadAction\",\"target\":[\"https:\\\/\\\/www.fullo.net\\\/blog\\\/2006\\\/09\\\/28\\\/quel-che-non-ti-aspetti-dalle-learning\\\/\"]}]},{\"@type\":\"BreadcrumbList\",\"@id\":\"https:\\\/\\\/www.fullo.net\\\/blog\\\/2006\\\/09\\\/28\\\/quel-che-non-ti-aspetti-dalle-learning\\\/#breadcrumb\",\"itemListElement\":[{\"@type\":\"ListItem\",\"position\":1,\"name\":\"Home\",\"item\":\"https:\\\/\\\/www.fullo.net\\\/blog\\\/\"},{\"@type\":\"ListItem\",\"position\":2,\"name\":\"Quel che non ti aspetti dall&#8217;E-learning\"}]},{\"@type\":\"WebSite\",\"@id\":\"https:\\\/\\\/www.fullo.net\\\/blog\\\/#website\",\"url\":\"https:\\\/\\\/www.fullo.net\\\/blog\\\/\",\"name\":\"Fullo\",\"description\":\"nulla e&#039; impossibile per chi non lo deve fare!\",\"publisher\":{\"@id\":\"https:\\\/\\\/www.fullo.net\\\/blog\\\/#\\\/schema\\\/person\\\/24e91bc6caea6c411a8668df5639428c\"},\"potentialAction\":[{\"@type\":\"SearchAction\",\"target\":{\"@type\":\"EntryPoint\",\"urlTemplate\":\"https:\\\/\\\/www.fullo.net\\\/blog\\\/?s={search_term_string}\"},\"query-input\":{\"@type\":\"PropertyValueSpecification\",\"valueRequired\":true,\"valueName\":\"search_term_string\"}}],\"inLanguage\":\"en-US\"},{\"@type\":[\"Person\",\"Organization\"],\"@id\":\"https:\\\/\\\/www.fullo.net\\\/blog\\\/#\\\/schema\\\/person\\\/24e91bc6caea6c411a8668df5639428c\",\"name\":\"Francesco Fullone\",\"image\":{\"@type\":\"ImageObject\",\"inLanguage\":\"en-US\",\"@id\":\"https:\\\/\\\/i0.wp.com\\\/www.fullo.net\\\/blog\\\/wp-content\\\/uploads\\\/2024\\\/10\\\/hawiaina-gold-circled-white.png?fit=622%2C622&ssl=1\",\"url\":\"https:\\\/\\\/i0.wp.com\\\/www.fullo.net\\\/blog\\\/wp-content\\\/uploads\\\/2024\\\/10\\\/hawiaina-gold-circled-white.png?fit=622%2C622&ssl=1\",\"contentUrl\":\"https:\\\/\\\/i0.wp.com\\\/www.fullo.net\\\/blog\\\/wp-content\\\/uploads\\\/2024\\\/10\\\/hawiaina-gold-circled-white.png?fit=622%2C622&ssl=1\",\"width\":622,\"height\":622,\"caption\":\"Francesco Fullone\"},\"logo\":{\"@id\":\"https:\\\/\\\/i0.wp.com\\\/www.fullo.net\\\/blog\\\/wp-content\\\/uploads\\\/2024\\\/10\\\/hawiaina-gold-circled-white.png?fit=622%2C622&ssl=1\"},\"sameAs\":[\"http:\\\/\\\/www.fullo.net\",\"https:\\\/\\\/www.linkedin.com\\\/in\\\/fullo\",\"https:\\\/\\\/x.com\\\/fullo\"],\"url\":\"https:\\\/\\\/www.fullo.net\\\/blog\\\/author\\\/fullo\\\/\"}]}<\/script>\n<!-- \/ Yoast SEO plugin. -->","yoast_head_json":{"title":"Quel che non ti aspetti dall'E-learning - Fullo","robots":{"index":"index","follow":"follow","max-snippet":"max-snippet:-1","max-image-preview":"max-image-preview:large","max-video-preview":"max-video-preview:-1"},"canonical":"https:\/\/www.fullo.net\/blog\/2006\/09\/28\/quel-che-non-ti-aspetti-dalle-learning\/","og_locale":"en_US","og_type":"article","og_title":"Quel che non ti aspetti dall'E-learning - Fullo","og_description":"Anche se non \u00e8 proprio attiva come sperato, a causa dei pressanti impegni dei suoi illustri fondatori, da Apropos ogni tanto si tira fuori dal cilindro qualche conferenza interessante. \u00c8 il caso di questa conferenza organizzata dal buon Mauro sull&#8217;e-learning. Quel che non ti aspetti dall&#8217;E-learning Il ruolo dell&#8217;e-learning nell&#8217;economia della conoscenza Sito: http:\/\/www.ilias.it\/economiadellaconoscenza\/ Luogo: [&hellip;]","og_url":"https:\/\/www.fullo.net\/blog\/2006\/09\/28\/quel-che-non-ti-aspetti-dalle-learning\/","og_site_name":"Fullo","article_published_time":"2006-09-28T13:48:08+00:00","author":"Francesco Fullone","twitter_card":"summary_large_image","twitter_creator":"@fullo","twitter_site":"@fullo","twitter_misc":{"Written by":"Francesco Fullone","Est. reading time":"1 minute"},"schema":{"@context":"https:\/\/schema.org","@graph":[{"@type":"Article","@id":"https:\/\/www.fullo.net\/blog\/2006\/09\/28\/quel-che-non-ti-aspetti-dalle-learning\/#article","isPartOf":{"@id":"https:\/\/www.fullo.net\/blog\/2006\/09\/28\/quel-che-non-ti-aspetti-dalle-learning\/"},"author":{"name":"Francesco Fullone","@id":"https:\/\/www.fullo.net\/blog\/#\/schema\/person\/24e91bc6caea6c411a8668df5639428c"},"headline":"Quel che non ti aspetti dall&#8217;E-learning","datePublished":"2006-09-28T13:48:08+00:00","mainEntityOfPage":{"@id":"https:\/\/www.fullo.net\/blog\/2006\/09\/28\/quel-che-non-ti-aspetti-dalle-learning\/"},"wordCount":119,"commentCount":0,"publisher":{"@id":"https:\/\/www.fullo.net\/blog\/#\/schema\/person\/24e91bc6caea6c411a8668df5639428c"},"keywords":["apropos","conferenze","elearning","eventi","opensource","pa"],"articleSection":["eventi"],"inLanguage":"en-US","potentialAction":[{"@type":"CommentAction","name":"Comment","target":["https:\/\/www.fullo.net\/blog\/2006\/09\/28\/quel-che-non-ti-aspetti-dalle-learning\/#respond"]}]},{"@type":"WebPage","@id":"https:\/\/www.fullo.net\/blog\/2006\/09\/28\/quel-che-non-ti-aspetti-dalle-learning\/","url":"https:\/\/www.fullo.net\/blog\/2006\/09\/28\/quel-che-non-ti-aspetti-dalle-learning\/","name":"Quel che non ti aspetti dall'E-learning - Fullo","isPartOf":{"@id":"https:\/\/www.fullo.net\/blog\/#website"},"datePublished":"2006-09-28T13:48:08+00:00","breadcrumb":{"@id":"https:\/\/www.fullo.net\/blog\/2006\/09\/28\/quel-che-non-ti-aspetti-dalle-learning\/#breadcrumb"},"inLanguage":"en-US","potentialAction":[{"@type":"ReadAction","target":["https:\/\/www.fullo.net\/blog\/2006\/09\/28\/quel-che-non-ti-aspetti-dalle-learning\/"]}]},{"@type":"BreadcrumbList","@id":"https:\/\/www.fullo.net\/blog\/2006\/09\/28\/quel-che-non-ti-aspetti-dalle-learning\/#breadcrumb","itemListElement":[{"@type":"ListItem","position":1,"name":"Home","item":"https:\/\/www.fullo.net\/blog\/"},{"@type":"ListItem","position":2,"name":"Quel che non ti aspetti dall&#8217;E-learning"}]},{"@type":"WebSite","@id":"https:\/\/www.fullo.net\/blog\/#website","url":"https:\/\/www.fullo.net\/blog\/","name":"Fullo","description":"nulla e&#039; impossibile per chi non lo deve fare!","publisher":{"@id":"https:\/\/www.fullo.net\/blog\/#\/schema\/person\/24e91bc6caea6c411a8668df5639428c"},"potentialAction":[{"@type":"SearchAction","target":{"@type":"EntryPoint","urlTemplate":"https:\/\/www.fullo.net\/blog\/?s={search_term_string}"},"query-input":{"@type":"PropertyValueSpecification","valueRequired":true,"valueName":"search_term_string"}}],"inLanguage":"en-US"},{"@type":["Person","Organization"],"@id":"https:\/\/www.fullo.net\/blog\/#\/schema\/person\/24e91bc6caea6c411a8668df5639428c","name":"Francesco Fullone","image":{"@type":"ImageObject","inLanguage":"en-US","@id":"https:\/\/i0.wp.com\/www.fullo.net\/blog\/wp-content\/uploads\/2024\/10\/hawiaina-gold-circled-white.png?fit=622%2C622&ssl=1","url":"https:\/\/i0.wp.com\/www.fullo.net\/blog\/wp-content\/uploads\/2024\/10\/hawiaina-gold-circled-white.png?fit=622%2C622&ssl=1","contentUrl":"https:\/\/i0.wp.com\/www.fullo.net\/blog\/wp-content\/uploads\/2024\/10\/hawiaina-gold-circled-white.png?fit=622%2C622&ssl=1","width":622,"height":622,"caption":"Francesco Fullone"},"logo":{"@id":"https:\/\/i0.wp.com\/www.fullo.net\/blog\/wp-content\/uploads\/2024\/10\/hawiaina-gold-circled-white.png?fit=622%2C622&ssl=1"},"sameAs":["http:\/\/www.fullo.net","https:\/\/www.linkedin.com\/in\/fullo","https:\/\/x.com\/fullo"],"url":"https:\/\/www.fullo.net\/blog\/author\/fullo\/"}]}},"jetpack_publicize_connections":[],"jetpack_featured_media_url":"","jetpack_sharing_enabled":true,"jetpack_shortlink":"https:\/\/wp.me\/p3OSc1-xm","jetpack_likes_enabled":true,"jetpack-related-posts":[{"id":2046,"url":"https:\/\/www.fullo.net\/blog\/2006\/09\/07\/linuxday-2006\/","url_meta":{"origin":2068,"position":0},"title":"LinuxDay 2006","author":"Francesco Fullone","date":"07\/09\/2006","format":false,"excerpt":"Anche quest'anno presso la Facolt\u00e0 di Scienze dell'Informazione di Cesena i ragazzi della S.P.R.I.Te. ed alcuni veterani organizzeranno le due giornate dedicate al mondo dell'opensource ed a quello della sicurezza. Ovviamente come ogni anno si cercano relatori interessati a partecipare all'evento, finora sono stati dei nostri un bel p\u00f2 di\u2026","rel":"","context":"In &quot;eventi&quot;","block_context":{"text":"eventi","link":"https:\/\/www.fullo.net\/blog\/category\/eventi\/"},"img":{"alt_text":"","src":"","width":0,"height":0},"classes":[]},{"id":2365,"url":"https:\/\/www.fullo.net\/blog\/2007\/11\/18\/long-tail-e-cena-lunga\/","url_meta":{"origin":2068,"position":1},"title":"Long Tail e Cena Lunga","author":"Francesco Fullone","date":"18\/11\/2007","format":false,"excerpt":"Con qualche giorno di ritardo dedico un post ad i due eventi che hanno impegnato la giornata di Mercoled\u00ec 14 Novembre, la conferenza organizzata da The Ruling Companies alla quale era presente Chris Anderson e la relativa CenaLunga organizzata da Giovy al SugarLounge di Milano. The Long Tail Della conferenza\u2026","rel":"","context":"In &quot;di tutto un po'&quot;","block_context":{"text":"di tutto un po'","link":"https:\/\/www.fullo.net\/blog\/category\/di-tutto-un-po\/"},"img":{"alt_text":"","src":"","width":0,"height":0},"classes":[]},{"id":1141,"url":"https:\/\/www.fullo.net\/blog\/2004\/12\/07\/conferenza-sul-web-semantico\/","url_meta":{"origin":2068,"position":2},"title":"conferenza sul web semantico","author":"Francesco Fullone","date":"07\/12\/2004","format":false,"excerpt":"se non fosse per il fatto che sono impegnato altrove ci andrei immediatamente! :( Il Semantic Web (o web semantico) rappresenta oggi una delle sfide tecnologiche pi\u00f9 entusiasmanti. Nell'ultimo decennio il World Wide Web ha fondamentalmente cambiato il mondo delle comunicazioni fornendo l'accesso diretto alle fonti di informazione ed al\u2026","rel":"","context":"In &quot;tecnologia&quot;","block_context":{"text":"tecnologia","link":"https:\/\/www.fullo.net\/blog\/category\/tecnologia\/"},"img":{"alt_text":"","src":"","width":0,"height":0},"classes":[]},{"id":1117,"url":"https:\/\/www.fullo.net\/blog\/2004\/12\/01\/apropos-comunicazione-aperta-e-innovazione\/","url_meta":{"origin":2068,"position":3},"title":"Apropos: Comunicazione Aperta e Innovazione","author":"Francesco Fullone","date":"01\/12\/2004","format":false,"excerpt":"L'autore di questo blog organizza: per favore spargete la voce! qualche informazione in pi\u00f9: Comunicazione Aperta e Innovazione: Le potenzialit\u00e0 dell'Open Source e delle tecnologie libere per un territorio competitivo L'economia \u00e8 in una fase di stasi su tutti i piani: da quello globale a quello locale. \u00c8 possibile cercarne\u2026","rel":"","context":"In &quot;di tutto un po'&quot;","block_context":{"text":"di tutto un po'","link":"https:\/\/www.fullo.net\/blog\/category\/di-tutto-un-po\/"},"img":{"alt_text":"","src":"","width":0,"height":0},"classes":[]},{"id":1880,"url":"https:\/\/www.fullo.net\/blog\/2006\/02\/20\/onnipresenza\/","url_meta":{"origin":2068,"position":4},"title":"Onnipresenza","author":"Francesco Fullone","date":"20\/02\/2006","format":false,"excerpt":"Essere multi-tasking oggigiorno non \u00e8 pi\u00f9 un optional, \u00e8 una necessit\u00e0. Soprattutto per chi fa dell'informatica il suo pane quotidiano e per a chi, questo pane, piace condirlo con decine di cose differenti. Saper passare da un argomento all'altro gestendo in contemporanea altri due lavoretti \u00e8, per me, all'ordine del\u2026","rel":"","context":"In &quot;pensieri&quot;","block_context":{"text":"pensieri","link":"https:\/\/www.fullo.net\/blog\/category\/pensieri\/"},"img":{"alt_text":"","src":"","width":0,"height":0},"classes":[]},{"id":2677,"url":"https:\/\/www.fullo.net\/blog\/2009\/11\/09\/itdevcon-ipc-e-agileday\/","url_meta":{"origin":2068,"position":5},"title":"ITDEVCon, IPC e AgileDay","author":"Francesco Fullone","date":"09\/11\/2009","format":false,"excerpt":"Finalmente torno a girare un po' per conferenze, e che conferenze. Questa settimana sar\u00f2 impegnato come relatore all'ITDevCon, conferenza dedicata al mondo Delphi e PHP che mi vedr\u00e0 nella duplice veste di php-ista ed agilista con due talk leggeri sul TDD e i maggiori misunderstand riguardanti lo sviluppo agile. La\u2026","rel":"","context":"In &quot;eventi&quot;","block_context":{"text":"eventi","link":"https:\/\/www.fullo.net\/blog\/category\/eventi\/"},"img":{"alt_text":"","src":"","width":0,"height":0},"classes":[]}],"_links":{"self":[{"href":"https:\/\/www.fullo.net\/blog\/wp-json\/wp\/v2\/posts\/2068","targetHints":{"allow":["GET"]}}],"collection":[{"href":"https:\/\/www.fullo.net\/blog\/wp-json\/wp\/v2\/posts"}],"about":[{"href":"https:\/\/www.fullo.net\/blog\/wp-json\/wp\/v2\/types\/post"}],"author":[{"embeddable":true,"href":"https:\/\/www.fullo.net\/blog\/wp-json\/wp\/v2\/users\/1"}],"replies":[{"embeddable":true,"href":"https:\/\/www.fullo.net\/blog\/wp-json\/wp\/v2\/comments?post=2068"}],"version-history":[{"count":0,"href":"https:\/\/www.fullo.net\/blog\/wp-json\/wp\/v2\/posts\/2068\/revisions"}],"wp:attachment":[{"href":"https:\/\/www.fullo.net\/blog\/wp-json\/wp\/v2\/media?parent=2068"}],"wp:term":[{"taxonomy":"category","embeddable":true,"href":"https:\/\/www.fullo.net\/blog\/wp-json\/wp\/v2\/categories?post=2068"},{"taxonomy":"post_tag","embeddable":true,"href":"https:\/\/www.fullo.net\/blog\/wp-json\/wp\/v2\/tags?post=2068"}],"curies":[{"name":"wp","href":"https:\/\/api.w.org\/{rel}","templated":true}]}}