{"id":2105,"date":"2006-11-02T22:25:35","date_gmt":"2006-11-02T20:25:35","guid":{"rendered":"https:\/\/www.fullo.net\/blog\/archives\/2006\/11\/02\/che-computer-mi-compro\/"},"modified":"2006-11-10T17:12:27","modified_gmt":"2006-11-10T15:12:27","slug":"che-computer-mi-compro","status":"publish","type":"post","link":"https:\/\/www.fullo.net\/blog\/2006\/11\/02\/che-computer-mi-compro\/","title":{"rendered":"Che computer mi compro?"},"content":{"rendered":"<p>Sfruttando il weekend di assenza per andare a <a href=\"http:\/\/www.luccacomicsandgames.com\/06\/xhtml\/default.asp\">Lucca Comics<\/a> vi lascio con il seguente quesito.<\/p>\n<p>Che computer (fisso) mi suggerite di comprare? Attualmente l&#8217;ipotesi pi\u00f9 accreditata \u00e8 <a href=\"http:\/\/hpshop.eprice.it\/default.aspx?sku=1137674\">questa<\/a>. <\/p>\n<p>I requisiti minimi che chiedo sono abbastanza semplici:<\/p>\n<ul>\n<li>CPU intel core duo<\/li>\n<li>RAID 1<\/li>\n<li>Scheda video con supporto dual head<\/li>\n<li>3 anni di garanzia (inclusa o acquistabile come pacchetto aggiuntivo)<\/li>\n<li><strong>piena compatibilit\u00e0 con Linux<\/strong><\/li>\n<li>spesa massima 1.500 euro + iva<\/li>\n<\/ul>\n<p>Suggerimenti?<\/p>\n<p><strong>[UPDATE]<\/strong><br \/>\n<strong>L&#8217;acquisto \u00e8 stato fatto.<\/strong> Ho preso la workstation HP WX4400 (certificata per Red Hat) versione <a href=\"http:\/\/h20000.www2.hp.com\/bizsupport\/TechSupport\/WarrantyBridge.jsp?contentType=WarrantyBridge&#038;lang=en&#038;cc=us&#038;docIndexId=178706&#038;taskId=101&#038;prodTypeId=12454&#038;prodSeriesId=3211220\">PW374ET<\/a> (con 2Gb di ram e 2hd da 250Gb SATA) abbinata ad una ATI X1600 Pro e 3 anni di garanzia a domicilio compresi nel prezzo per una spesa complessiva di 1200 euro + iva circa (offertona fatta da un mio <a href=\"mailto:info@sartoretto.com\">amico\/fornitore<\/a>). Visto che c&#8217;ero, mi sono fatto prendere dall&#8217;entusiasmo ed, ho coronato il sogno del dual monitor con il main monitor wide abbinando all&#8217;attuale BenQ da 19 pollici questo <a href=\"http:\/\/acer.it\/acereuro\/page4.do?sp=page4&#038;dau22.oid=13497&#038;UserCtxParam=0&#038;GroupCtxParam=0&#038;dctx1=11&#038;CountryISOCtxParam=IT&#038;LanguageISOCtxParam=it&#038;ctx3=-1&#038;ctx4=Italia&#038;crc=3812149965\">Acer da 20 pollici<\/a> trovato per botta di culo in promo da un fornitore con il 40% di sconto&#8230; :)<\/p>\n<p>Per amor di cronaca, ho scartato le workstation ACER perch\u00e8 non mi soddisfacevano, IBM e DELL perch\u00e8 troppo costose a parit\u00e0 di hardware e dopo 2 giorni di forte indecisione Apple perch\u00e8 <em>senza garanzia<\/em> (il costo della garanzia sforava di 300 euro sul budget) e secondo disco interno. Scampato pericolo pure questa volta&#8230;<\/p>\n<p>ciuaz<\/p>\n","protected":false},"excerpt":{"rendered":"<p>Sfruttando il weekend di assenza per andare a Lucca Comics vi lascio con il seguente quesito. Che computer (fisso) mi suggerite di comprare? Attualmente l&#8217;ipotesi pi\u00f9 accreditata \u00e8 questa. I requisiti minimi che chiedo sono abbastanza semplici: CPU intel core duo RAID 1 Scheda video con supporto dual head 3 anni di garanzia (inclusa o [&hellip;]<\/p>\n","protected":false},"author":1,"featured_media":0,"comment_status":"open","ping_status":"open","sticky":false,"template":"","format":"standard","meta":{"jetpack_post_was_ever_published":false,"_jetpack_newsletter_access":"","_jetpack_dont_email_post_to_subs":false,"_jetpack_newsletter_tier_id":0,"_jetpack_memberships_contains_paywalled_content":false,"_jetpack_memberships_contains_paid_content":false,"footnotes":"","jetpack_publicize_message":"","jetpack_publicize_feature_enabled":true,"jetpack_social_post_already_shared":false,"jetpack_social_options":{"image_generator_settings":{"template":"highway","default_image_id":0,"font":"","enabled":false},"version":2}},"categories":[1,5],"tags":[210,2249,1539,1540,1541],"class_list":["post-2105","post","type-post","status-publish","format-standard","hentry","category-di-tutto-un-po","category-tecnologia","tag-hardware","tag-linux","tag-pc","tag-spese","tag-workstation"],"yoast_head":"<!-- This site is optimized with the Yoast SEO plugin v27.5 - https:\/\/yoast.com\/product\/yoast-seo-wordpress\/ -->\n<title>Che computer mi compro? - Fullo<\/title>\n<meta name=\"robots\" content=\"index, follow, max-snippet:-1, max-image-preview:large, max-video-preview:-1\" \/>\n<link rel=\"canonical\" href=\"https:\/\/www.fullo.net\/blog\/2006\/11\/02\/che-computer-mi-compro\/\" \/>\n<meta property=\"og:locale\" content=\"en_US\" \/>\n<meta property=\"og:type\" content=\"article\" \/>\n<meta property=\"og:title\" content=\"Che computer mi compro? - Fullo\" \/>\n<meta property=\"og:description\" content=\"Sfruttando il weekend di assenza per andare a Lucca Comics vi lascio con il seguente quesito. Che computer (fisso) mi suggerite di comprare? Attualmente l&#8217;ipotesi pi\u00f9 accreditata \u00e8 questa. I requisiti minimi che chiedo sono abbastanza semplici: CPU intel core duo RAID 1 Scheda video con supporto dual head 3 anni di garanzia (inclusa o [&hellip;]\" \/>\n<meta property=\"og:url\" content=\"https:\/\/www.fullo.net\/blog\/2006\/11\/02\/che-computer-mi-compro\/\" \/>\n<meta property=\"og:site_name\" content=\"Fullo\" \/>\n<meta property=\"article:published_time\" content=\"2006-11-02T20:25:35+00:00\" \/>\n<meta property=\"article:modified_time\" content=\"2006-11-10T15:12:27+00:00\" \/>\n<meta name=\"author\" content=\"Francesco Fullone\" \/>\n<meta name=\"twitter:card\" content=\"summary_large_image\" \/>\n<meta name=\"twitter:creator\" content=\"@fullo\" \/>\n<meta name=\"twitter:site\" content=\"@fullo\" \/>\n<meta name=\"twitter:label1\" content=\"Written by\" \/>\n\t<meta name=\"twitter:data1\" content=\"Francesco Fullone\" \/>\n\t<meta name=\"twitter:label2\" content=\"Est. reading time\" \/>\n\t<meta name=\"twitter:data2\" content=\"1 minute\" \/>\n<script type=\"application\/ld+json\" class=\"yoast-schema-graph\">{\"@context\":\"https:\\\/\\\/schema.org\",\"@graph\":[{\"@type\":\"Article\",\"@id\":\"https:\\\/\\\/www.fullo.net\\\/blog\\\/2006\\\/11\\\/02\\\/che-computer-mi-compro\\\/#article\",\"isPartOf\":{\"@id\":\"https:\\\/\\\/www.fullo.net\\\/blog\\\/2006\\\/11\\\/02\\\/che-computer-mi-compro\\\/\"},\"author\":{\"name\":\"Francesco Fullone\",\"@id\":\"https:\\\/\\\/www.fullo.net\\\/blog\\\/#\\\/schema\\\/person\\\/24e91bc6caea6c411a8668df5639428c\"},\"headline\":\"Che computer mi compro?\",\"datePublished\":\"2006-11-02T20:25:35+00:00\",\"dateModified\":\"2006-11-10T15:12:27+00:00\",\"mainEntityOfPage\":{\"@id\":\"https:\\\/\\\/www.fullo.net\\\/blog\\\/2006\\\/11\\\/02\\\/che-computer-mi-compro\\\/\"},\"wordCount\":226,\"commentCount\":21,\"publisher\":{\"@id\":\"https:\\\/\\\/www.fullo.net\\\/blog\\\/#\\\/schema\\\/person\\\/24e91bc6caea6c411a8668df5639428c\"},\"keywords\":[\"hardware\",\"linux\",\"pc\",\"spese\",\"workstation\"],\"articleSection\":[\"di tutto un po'\",\"tecnologia\"],\"inLanguage\":\"en-US\",\"potentialAction\":[{\"@type\":\"CommentAction\",\"name\":\"Comment\",\"target\":[\"https:\\\/\\\/www.fullo.net\\\/blog\\\/2006\\\/11\\\/02\\\/che-computer-mi-compro\\\/#respond\"]}]},{\"@type\":\"WebPage\",\"@id\":\"https:\\\/\\\/www.fullo.net\\\/blog\\\/2006\\\/11\\\/02\\\/che-computer-mi-compro\\\/\",\"url\":\"https:\\\/\\\/www.fullo.net\\\/blog\\\/2006\\\/11\\\/02\\\/che-computer-mi-compro\\\/\",\"name\":\"Che computer mi compro? - Fullo\",\"isPartOf\":{\"@id\":\"https:\\\/\\\/www.fullo.net\\\/blog\\\/#website\"},\"datePublished\":\"2006-11-02T20:25:35+00:00\",\"dateModified\":\"2006-11-10T15:12:27+00:00\",\"breadcrumb\":{\"@id\":\"https:\\\/\\\/www.fullo.net\\\/blog\\\/2006\\\/11\\\/02\\\/che-computer-mi-compro\\\/#breadcrumb\"},\"inLanguage\":\"en-US\",\"potentialAction\":[{\"@type\":\"ReadAction\",\"target\":[\"https:\\\/\\\/www.fullo.net\\\/blog\\\/2006\\\/11\\\/02\\\/che-computer-mi-compro\\\/\"]}]},{\"@type\":\"BreadcrumbList\",\"@id\":\"https:\\\/\\\/www.fullo.net\\\/blog\\\/2006\\\/11\\\/02\\\/che-computer-mi-compro\\\/#breadcrumb\",\"itemListElement\":[{\"@type\":\"ListItem\",\"position\":1,\"name\":\"Home\",\"item\":\"https:\\\/\\\/www.fullo.net\\\/blog\\\/\"},{\"@type\":\"ListItem\",\"position\":2,\"name\":\"Che computer mi compro?\"}]},{\"@type\":\"WebSite\",\"@id\":\"https:\\\/\\\/www.fullo.net\\\/blog\\\/#website\",\"url\":\"https:\\\/\\\/www.fullo.net\\\/blog\\\/\",\"name\":\"Fullo\",\"description\":\"nulla e&#039; impossibile per chi non lo deve fare!\",\"publisher\":{\"@id\":\"https:\\\/\\\/www.fullo.net\\\/blog\\\/#\\\/schema\\\/person\\\/24e91bc6caea6c411a8668df5639428c\"},\"potentialAction\":[{\"@type\":\"SearchAction\",\"target\":{\"@type\":\"EntryPoint\",\"urlTemplate\":\"https:\\\/\\\/www.fullo.net\\\/blog\\\/?s={search_term_string}\"},\"query-input\":{\"@type\":\"PropertyValueSpecification\",\"valueRequired\":true,\"valueName\":\"search_term_string\"}}],\"inLanguage\":\"en-US\"},{\"@type\":[\"Person\",\"Organization\"],\"@id\":\"https:\\\/\\\/www.fullo.net\\\/blog\\\/#\\\/schema\\\/person\\\/24e91bc6caea6c411a8668df5639428c\",\"name\":\"Francesco Fullone\",\"image\":{\"@type\":\"ImageObject\",\"inLanguage\":\"en-US\",\"@id\":\"https:\\\/\\\/i0.wp.com\\\/www.fullo.net\\\/blog\\\/wp-content\\\/uploads\\\/2024\\\/10\\\/hawiaina-gold-circled-white.png?fit=622%2C622&ssl=1\",\"url\":\"https:\\\/\\\/i0.wp.com\\\/www.fullo.net\\\/blog\\\/wp-content\\\/uploads\\\/2024\\\/10\\\/hawiaina-gold-circled-white.png?fit=622%2C622&ssl=1\",\"contentUrl\":\"https:\\\/\\\/i0.wp.com\\\/www.fullo.net\\\/blog\\\/wp-content\\\/uploads\\\/2024\\\/10\\\/hawiaina-gold-circled-white.png?fit=622%2C622&ssl=1\",\"width\":622,\"height\":622,\"caption\":\"Francesco Fullone\"},\"logo\":{\"@id\":\"https:\\\/\\\/i0.wp.com\\\/www.fullo.net\\\/blog\\\/wp-content\\\/uploads\\\/2024\\\/10\\\/hawiaina-gold-circled-white.png?fit=622%2C622&ssl=1\"},\"sameAs\":[\"http:\\\/\\\/www.fullo.net\",\"https:\\\/\\\/www.linkedin.com\\\/in\\\/fullo\",\"https:\\\/\\\/x.com\\\/fullo\"],\"url\":\"https:\\\/\\\/www.fullo.net\\\/blog\\\/author\\\/fullo\\\/\"}]}<\/script>\n<!-- \/ Yoast SEO plugin. -->","yoast_head_json":{"title":"Che computer mi compro? - Fullo","robots":{"index":"index","follow":"follow","max-snippet":"max-snippet:-1","max-image-preview":"max-image-preview:large","max-video-preview":"max-video-preview:-1"},"canonical":"https:\/\/www.fullo.net\/blog\/2006\/11\/02\/che-computer-mi-compro\/","og_locale":"en_US","og_type":"article","og_title":"Che computer mi compro? - Fullo","og_description":"Sfruttando il weekend di assenza per andare a Lucca Comics vi lascio con il seguente quesito. Che computer (fisso) mi suggerite di comprare? Attualmente l&#8217;ipotesi pi\u00f9 accreditata \u00e8 questa. I requisiti minimi che chiedo sono abbastanza semplici: CPU intel core duo RAID 1 Scheda video con supporto dual head 3 anni di garanzia (inclusa o [&hellip;]","og_url":"https:\/\/www.fullo.net\/blog\/2006\/11\/02\/che-computer-mi-compro\/","og_site_name":"Fullo","article_published_time":"2006-11-02T20:25:35+00:00","article_modified_time":"2006-11-10T15:12:27+00:00","author":"Francesco Fullone","twitter_card":"summary_large_image","twitter_creator":"@fullo","twitter_site":"@fullo","twitter_misc":{"Written by":"Francesco Fullone","Est. reading time":"1 minute"},"schema":{"@context":"https:\/\/schema.org","@graph":[{"@type":"Article","@id":"https:\/\/www.fullo.net\/blog\/2006\/11\/02\/che-computer-mi-compro\/#article","isPartOf":{"@id":"https:\/\/www.fullo.net\/blog\/2006\/11\/02\/che-computer-mi-compro\/"},"author":{"name":"Francesco Fullone","@id":"https:\/\/www.fullo.net\/blog\/#\/schema\/person\/24e91bc6caea6c411a8668df5639428c"},"headline":"Che computer mi compro?","datePublished":"2006-11-02T20:25:35+00:00","dateModified":"2006-11-10T15:12:27+00:00","mainEntityOfPage":{"@id":"https:\/\/www.fullo.net\/blog\/2006\/11\/02\/che-computer-mi-compro\/"},"wordCount":226,"commentCount":21,"publisher":{"@id":"https:\/\/www.fullo.net\/blog\/#\/schema\/person\/24e91bc6caea6c411a8668df5639428c"},"keywords":["hardware","linux","pc","spese","workstation"],"articleSection":["di tutto un po'","tecnologia"],"inLanguage":"en-US","potentialAction":[{"@type":"CommentAction","name":"Comment","target":["https:\/\/www.fullo.net\/blog\/2006\/11\/02\/che-computer-mi-compro\/#respond"]}]},{"@type":"WebPage","@id":"https:\/\/www.fullo.net\/blog\/2006\/11\/02\/che-computer-mi-compro\/","url":"https:\/\/www.fullo.net\/blog\/2006\/11\/02\/che-computer-mi-compro\/","name":"Che computer mi compro? - Fullo","isPartOf":{"@id":"https:\/\/www.fullo.net\/blog\/#website"},"datePublished":"2006-11-02T20:25:35+00:00","dateModified":"2006-11-10T15:12:27+00:00","breadcrumb":{"@id":"https:\/\/www.fullo.net\/blog\/2006\/11\/02\/che-computer-mi-compro\/#breadcrumb"},"inLanguage":"en-US","potentialAction":[{"@type":"ReadAction","target":["https:\/\/www.fullo.net\/blog\/2006\/11\/02\/che-computer-mi-compro\/"]}]},{"@type":"BreadcrumbList","@id":"https:\/\/www.fullo.net\/blog\/2006\/11\/02\/che-computer-mi-compro\/#breadcrumb","itemListElement":[{"@type":"ListItem","position":1,"name":"Home","item":"https:\/\/www.fullo.net\/blog\/"},{"@type":"ListItem","position":2,"name":"Che computer mi compro?"}]},{"@type":"WebSite","@id":"https:\/\/www.fullo.net\/blog\/#website","url":"https:\/\/www.fullo.net\/blog\/","name":"Fullo","description":"nulla e&#039; impossibile per chi non lo deve fare!","publisher":{"@id":"https:\/\/www.fullo.net\/blog\/#\/schema\/person\/24e91bc6caea6c411a8668df5639428c"},"potentialAction":[{"@type":"SearchAction","target":{"@type":"EntryPoint","urlTemplate":"https:\/\/www.fullo.net\/blog\/?s={search_term_string}"},"query-input":{"@type":"PropertyValueSpecification","valueRequired":true,"valueName":"search_term_string"}}],"inLanguage":"en-US"},{"@type":["Person","Organization"],"@id":"https:\/\/www.fullo.net\/blog\/#\/schema\/person\/24e91bc6caea6c411a8668df5639428c","name":"Francesco Fullone","image":{"@type":"ImageObject","inLanguage":"en-US","@id":"https:\/\/i0.wp.com\/www.fullo.net\/blog\/wp-content\/uploads\/2024\/10\/hawiaina-gold-circled-white.png?fit=622%2C622&ssl=1","url":"https:\/\/i0.wp.com\/www.fullo.net\/blog\/wp-content\/uploads\/2024\/10\/hawiaina-gold-circled-white.png?fit=622%2C622&ssl=1","contentUrl":"https:\/\/i0.wp.com\/www.fullo.net\/blog\/wp-content\/uploads\/2024\/10\/hawiaina-gold-circled-white.png?fit=622%2C622&ssl=1","width":622,"height":622,"caption":"Francesco Fullone"},"logo":{"@id":"https:\/\/i0.wp.com\/www.fullo.net\/blog\/wp-content\/uploads\/2024\/10\/hawiaina-gold-circled-white.png?fit=622%2C622&ssl=1"},"sameAs":["http:\/\/www.fullo.net","https:\/\/www.linkedin.com\/in\/fullo","https:\/\/x.com\/fullo"],"url":"https:\/\/www.fullo.net\/blog\/author\/fullo\/"}]}},"jetpack_publicize_connections":[],"jetpack_featured_media_url":"","jetpack_sharing_enabled":true,"jetpack_shortlink":"https:\/\/wp.me\/p3OSc1-xX","jetpack_likes_enabled":true,"jetpack-related-posts":[{"id":2117,"url":"https:\/\/www.fullo.net\/blog\/2006\/11\/14\/il-caso-linuxc\/","url_meta":{"origin":2105,"position":0},"title":"Il caso Linux&#038;C.","author":"Francesco Fullone","date":"14\/11\/2006","format":false,"excerpt":"Ho letto sul blog di Koolinus del cd incluso con l'ultimo numero di Linux&C., cd che include Microsoft Virtual Server Enterprise e che purtroppo mi sono perso in quanto abbonato alla versione \"liscia\" della rivista. Vorrei dare il mio supporto a Tassone, che ho conosciuto durante il phpDay, per tutti\u2026","rel":"","context":"In &quot;linux&quot;","block_context":{"text":"linux","link":"https:\/\/www.fullo.net\/blog\/category\/tecnologia\/linux\/"},"img":{"alt_text":"","src":"","width":0,"height":0},"classes":[]},{"id":1019,"url":"https:\/\/www.fullo.net\/blog\/2004\/09\/27\/eudora-ciao-ciao\/","url_meta":{"origin":2105,"position":1},"title":"eudora&#8230; ciao ciao","author":"Francesco Fullone","date":"27\/09\/2004","format":false,"excerpt":"oggi ho fatto il grande passo, ho correttamente importato tutte le mail, attachment compresi, da eudora in thunderbird (e su evolution per linux) e disinstallato il client che mi ha accompagnato dal 1996. Perch\u00e8 l'ho fatto? Perch\u00e8 i filtri anti-spam di eudora fanno ridere, la gestione degli attachment \u00e8 vecchia\u2026","rel":"","context":"In &quot;di tutto un po'&quot;","block_context":{"text":"di tutto un po'","link":"https:\/\/www.fullo.net\/blog\/category\/di-tutto-un-po\/"},"img":{"alt_text":"","src":"","width":0,"height":0},"classes":[]},{"id":2066,"url":"https:\/\/www.fullo.net\/blog\/2006\/09\/27\/ndas-conoscerli-ed-evitarli-su-linux\/","url_meta":{"origin":2105,"position":2},"title":"NDAS, conoscerli ed evitarli (su Linux)","author":"Francesco Fullone","date":"27\/09\/2006","format":false,"excerpt":"Mentre facevo qualche test mi \u00e8 passato oggi sotto le mani un NDAS (network disk attached storage), comprato come normale case esterno USB. Una sorta di NAS che per\u00f2 necessita di drivers scritti ad-hoc per funzionare al meglio. La cosa molto interessante \u00e8 che si dispone di pi\u00f9 di un\u2026","rel":"","context":"In &quot;linux&quot;","block_context":{"text":"linux","link":"https:\/\/www.fullo.net\/blog\/category\/tecnologia\/linux\/"},"img":{"alt_text":"","src":"","width":0,"height":0},"classes":[]},{"id":2420,"url":"https:\/\/www.fullo.net\/blog\/2008\/04\/10\/shell-history-meme\/","url_meta":{"origin":2105,"position":3},"title":"Shell History meme","author":"Francesco Fullone","date":"10\/04\/2008","format":false,"excerpt":"Lo Shell History Meme Sta girando da qualche giorno sui vari planet che leggo con piacere, ed e' uno di quei pochi meme talmente geek che non posso evitare di partecipare.. basta scrivere in shell il seguente comando: history | awk '{a[$2]++ } END{for(i in a){print a[i] \" \" i}}'|sort\u2026","rel":"","context":"In &quot;altri linguaggi&quot;","block_context":{"text":"altri linguaggi","link":"https:\/\/www.fullo.net\/blog\/category\/tecnologia\/altri-linguaggi\/"},"img":{"alt_text":"","src":"","width":0,"height":0},"classes":[]},{"id":587,"url":"https:\/\/www.fullo.net\/blog\/2003\/12\/05\/wi-fi\/","url_meta":{"origin":2105,"position":4},"title":"wi-fi","author":"Francesco Fullone","date":"05\/12\/2003","format":false,"excerpt":"ho deciso di comprarmi una scheda pcmcia wi-fi per il mio portatile, e dopo qualche ricerca ho deciso di orientarmi o verso la D-Link DWL-G650+ o la ASUS WL-100G. Putroppo entrambe le schede utilizzano il chipset Broadcom, che non \u00e8 molto supportato da linux! Ecco perch\u00e8 ho passato un oretta\u2026","rel":"","context":"In &quot;tecnologia&quot;","block_context":{"text":"tecnologia","link":"https:\/\/www.fullo.net\/blog\/category\/tecnologia\/"},"img":{"alt_text":"","src":"","width":0,"height":0},"classes":[]},{"id":2584,"url":"https:\/\/www.fullo.net\/blog\/2009\/03\/25\/mobilita-a-confronto-vodafone-wind-tre-e-tim-in-test\/","url_meta":{"origin":2105,"position":5},"title":"Mobilit\u00e0 a confronto, Vodafone, Wind, Tre e Tim in test","author":"Francesco Fullone","date":"25\/03\/2009","format":false,"excerpt":"Grazie ad Andrea, e gli altri ragazzi di PromoDigital.it ho avuto l'occasione di passare un paio di settimane a testare connettivit\u00e0 di gestori telefonici con le chiavete HSDPA offerte dagli stessi. Non avendo una macchina Windows (reale) e men che meno una Os X ho da subito temuto il peggio\u2026","rel":"","context":"In &quot;linux&quot;","block_context":{"text":"linux","link":"https:\/\/www.fullo.net\/blog\/category\/tecnologia\/linux\/"},"img":{"alt_text":"vodafone","src":"https:\/\/i0.wp.com\/www.fullo.net\/blog\/wp-content\/uploads\/2009\/03\/vodafone-300x198.png?resize=350%2C200","width":350,"height":200},"classes":[]}],"_links":{"self":[{"href":"https:\/\/www.fullo.net\/blog\/wp-json\/wp\/v2\/posts\/2105","targetHints":{"allow":["GET"]}}],"collection":[{"href":"https:\/\/www.fullo.net\/blog\/wp-json\/wp\/v2\/posts"}],"about":[{"href":"https:\/\/www.fullo.net\/blog\/wp-json\/wp\/v2\/types\/post"}],"author":[{"embeddable":true,"href":"https:\/\/www.fullo.net\/blog\/wp-json\/wp\/v2\/users\/1"}],"replies":[{"embeddable":true,"href":"https:\/\/www.fullo.net\/blog\/wp-json\/wp\/v2\/comments?post=2105"}],"version-history":[{"count":0,"href":"https:\/\/www.fullo.net\/blog\/wp-json\/wp\/v2\/posts\/2105\/revisions"}],"wp:attachment":[{"href":"https:\/\/www.fullo.net\/blog\/wp-json\/wp\/v2\/media?parent=2105"}],"wp:term":[{"taxonomy":"category","embeddable":true,"href":"https:\/\/www.fullo.net\/blog\/wp-json\/wp\/v2\/categories?post=2105"},{"taxonomy":"post_tag","embeddable":true,"href":"https:\/\/www.fullo.net\/blog\/wp-json\/wp\/v2\/tags?post=2105"}],"curies":[{"name":"wp","href":"https:\/\/api.w.org\/{rel}","templated":true}]}}