{"id":2130,"date":"2006-11-27T21:43:38","date_gmt":"2006-11-27T19:43:38","guid":{"rendered":"https:\/\/www.fullo.net\/blog\/archives\/2006\/11\/27\/blogdinner-romagna-atto-secondo\/"},"modified":"2006-12-22T04:26:37","modified_gmt":"2006-12-22T02:26:37","slug":"blogdinner-romagna-atto-secondo","status":"publish","type":"post","link":"https:\/\/www.fullo.net\/blog\/2006\/11\/27\/blogdinner-romagna-atto-secondo\/","title":{"rendered":"BlogDinner roMagna atto secondo"},"content":{"rendered":"<p><img data-recalc-dims=\"1\" loading=\"lazy\" decoding=\"async\" id=\"image2035\" src=\"https:\/\/i0.wp.com\/www.fullo.net\/blog\/wp-content\/uploads\/2006\/08\/tortellino.png?resize=47%2C48\" alt=\"tortellino blog dinner\" align=\"left\" class=\"immagine\" width=\"47\" height=\"48\" \/> Il <strong>15 o il 16 Dicembre 2006<\/strong>  si terr\u00e0 presso l&#8217;<em>agriturismo Carloni<\/em> a Faenza la seconda edizione della <strong>BlogDinner ro<em>Magna<\/em><\/strong>. Per iscriversi ed avere maggiori informazioni lasciate un commento al post. Qui invece trovate i partecipanti della <a href=\"https:\/\/www.fullo.net\/blog\/archives\/2006\/09\/21\/blogdinner-romagna-il-punto-della-situazione\/\">prima edizione<\/a>.<\/p>\n<p>ciuaz<\/p>\n","protected":false},"excerpt":{"rendered":"<p>Il 15 o il 16 Dicembre 2006 si terr\u00e0 presso l&#8217;agriturismo Carloni a Faenza la seconda edizione della BlogDinner roMagna. Per iscriversi ed avere maggiori informazioni lasciate un commento al post. Qui invece trovate i partecipanti della prima edizione. ciuaz<\/p>\n","protected":false},"author":1,"featured_media":0,"comment_status":"open","ping_status":"open","sticky":false,"template":"","format":"standard","meta":{"jetpack_post_was_ever_published":false,"_jetpack_newsletter_access":"","_jetpack_dont_email_post_to_subs":false,"_jetpack_newsletter_tier_id":0,"_jetpack_memberships_contains_paywalled_content":false,"_jetpack_memberships_contains_paid_content":false,"footnotes":"","jetpack_publicize_message":"","jetpack_publicize_feature_enabled":true,"jetpack_social_post_already_shared":false,"jetpack_social_options":{"image_generator_settings":{"template":"highway","default_image_id":0,"font":"","enabled":false},"version":2}},"categories":[1,17],"tags":[1401,1577,1578,1417,2254,85],"class_list":["post-2130","post","type-post","status-publish","format-standard","hentry","category-di-tutto-un-po","category-eventi","tag-blogdinner","tag-blogdinnerromagna","tag-blogger","tag-cene","tag-eventi","tag-incontri"],"yoast_head":"<!-- This site is optimized with the Yoast SEO plugin v27.4 - https:\/\/yoast.com\/product\/yoast-seo-wordpress\/ -->\n<title>BlogDinner roMagna atto secondo - Fullo<\/title>\n<meta name=\"robots\" content=\"index, follow, max-snippet:-1, max-image-preview:large, max-video-preview:-1\" \/>\n<link rel=\"canonical\" href=\"https:\/\/www.fullo.net\/blog\/2006\/11\/27\/blogdinner-romagna-atto-secondo\/\" \/>\n<meta property=\"og:locale\" content=\"en_US\" \/>\n<meta property=\"og:type\" content=\"article\" \/>\n<meta property=\"og:title\" content=\"BlogDinner roMagna atto secondo - Fullo\" \/>\n<meta property=\"og:description\" content=\"Il 15 o il 16 Dicembre 2006 si terr\u00e0 presso l&#8217;agriturismo Carloni a Faenza la seconda edizione della BlogDinner roMagna. Per iscriversi ed avere maggiori informazioni lasciate un commento al post. Qui invece trovate i partecipanti della prima edizione. ciuaz\" \/>\n<meta property=\"og:url\" content=\"https:\/\/www.fullo.net\/blog\/2006\/11\/27\/blogdinner-romagna-atto-secondo\/\" \/>\n<meta property=\"og:site_name\" content=\"Fullo\" \/>\n<meta property=\"article:published_time\" content=\"2006-11-27T19:43:38+00:00\" \/>\n<meta property=\"article:modified_time\" content=\"2006-12-22T02:26:37+00:00\" \/>\n<meta property=\"og:image\" content=\"https:\/\/www.fullo.net\/blog\/wp-content\/uploads\/2006\/08\/tortellino.png\" \/>\n<meta name=\"author\" content=\"Francesco Fullone\" \/>\n<meta name=\"twitter:card\" content=\"summary_large_image\" \/>\n<meta name=\"twitter:creator\" content=\"@fullo\" \/>\n<meta name=\"twitter:site\" content=\"@fullo\" \/>\n<meta name=\"twitter:label1\" content=\"Written by\" \/>\n\t<meta name=\"twitter:data1\" content=\"Francesco Fullone\" \/>\n<script type=\"application\/ld+json\" class=\"yoast-schema-graph\">{\"@context\":\"https:\\\/\\\/schema.org\",\"@graph\":[{\"@type\":\"Article\",\"@id\":\"https:\\\/\\\/www.fullo.net\\\/blog\\\/2006\\\/11\\\/27\\\/blogdinner-romagna-atto-secondo\\\/#article\",\"isPartOf\":{\"@id\":\"https:\\\/\\\/www.fullo.net\\\/blog\\\/2006\\\/11\\\/27\\\/blogdinner-romagna-atto-secondo\\\/\"},\"author\":{\"name\":\"Francesco Fullone\",\"@id\":\"https:\\\/\\\/www.fullo.net\\\/blog\\\/#\\\/schema\\\/person\\\/24e91bc6caea6c411a8668df5639428c\"},\"headline\":\"BlogDinner roMagna atto secondo\",\"datePublished\":\"2006-11-27T19:43:38+00:00\",\"dateModified\":\"2006-12-22T02:26:37+00:00\",\"mainEntityOfPage\":{\"@id\":\"https:\\\/\\\/www.fullo.net\\\/blog\\\/2006\\\/11\\\/27\\\/blogdinner-romagna-atto-secondo\\\/\"},\"wordCount\":42,\"commentCount\":13,\"publisher\":{\"@id\":\"https:\\\/\\\/www.fullo.net\\\/blog\\\/#\\\/schema\\\/person\\\/24e91bc6caea6c411a8668df5639428c\"},\"image\":{\"@id\":\"https:\\\/\\\/www.fullo.net\\\/blog\\\/2006\\\/11\\\/27\\\/blogdinner-romagna-atto-secondo\\\/#primaryimage\"},\"thumbnailUrl\":\"http:\\\/\\\/www.fullo.net\\\/blog\\\/wp-content\\\/uploads\\\/2006\\\/08\\\/tortellino.png\",\"keywords\":[\"blogdinner\",\"blogdinnerromagna\",\"blogger\",\"cene\",\"eventi\",\"incontri\"],\"articleSection\":[\"di tutto un po'\",\"eventi\"],\"inLanguage\":\"en-US\",\"potentialAction\":[{\"@type\":\"CommentAction\",\"name\":\"Comment\",\"target\":[\"https:\\\/\\\/www.fullo.net\\\/blog\\\/2006\\\/11\\\/27\\\/blogdinner-romagna-atto-secondo\\\/#respond\"]}]},{\"@type\":\"WebPage\",\"@id\":\"https:\\\/\\\/www.fullo.net\\\/blog\\\/2006\\\/11\\\/27\\\/blogdinner-romagna-atto-secondo\\\/\",\"url\":\"https:\\\/\\\/www.fullo.net\\\/blog\\\/2006\\\/11\\\/27\\\/blogdinner-romagna-atto-secondo\\\/\",\"name\":\"BlogDinner roMagna atto secondo - Fullo\",\"isPartOf\":{\"@id\":\"https:\\\/\\\/www.fullo.net\\\/blog\\\/#website\"},\"primaryImageOfPage\":{\"@id\":\"https:\\\/\\\/www.fullo.net\\\/blog\\\/2006\\\/11\\\/27\\\/blogdinner-romagna-atto-secondo\\\/#primaryimage\"},\"image\":{\"@id\":\"https:\\\/\\\/www.fullo.net\\\/blog\\\/2006\\\/11\\\/27\\\/blogdinner-romagna-atto-secondo\\\/#primaryimage\"},\"thumbnailUrl\":\"http:\\\/\\\/www.fullo.net\\\/blog\\\/wp-content\\\/uploads\\\/2006\\\/08\\\/tortellino.png\",\"datePublished\":\"2006-11-27T19:43:38+00:00\",\"dateModified\":\"2006-12-22T02:26:37+00:00\",\"breadcrumb\":{\"@id\":\"https:\\\/\\\/www.fullo.net\\\/blog\\\/2006\\\/11\\\/27\\\/blogdinner-romagna-atto-secondo\\\/#breadcrumb\"},\"inLanguage\":\"en-US\",\"potentialAction\":[{\"@type\":\"ReadAction\",\"target\":[\"https:\\\/\\\/www.fullo.net\\\/blog\\\/2006\\\/11\\\/27\\\/blogdinner-romagna-atto-secondo\\\/\"]}]},{\"@type\":\"ImageObject\",\"inLanguage\":\"en-US\",\"@id\":\"https:\\\/\\\/www.fullo.net\\\/blog\\\/2006\\\/11\\\/27\\\/blogdinner-romagna-atto-secondo\\\/#primaryimage\",\"url\":\"http:\\\/\\\/www.fullo.net\\\/blog\\\/wp-content\\\/uploads\\\/2006\\\/08\\\/tortellino.png\",\"contentUrl\":\"http:\\\/\\\/www.fullo.net\\\/blog\\\/wp-content\\\/uploads\\\/2006\\\/08\\\/tortellino.png\"},{\"@type\":\"BreadcrumbList\",\"@id\":\"https:\\\/\\\/www.fullo.net\\\/blog\\\/2006\\\/11\\\/27\\\/blogdinner-romagna-atto-secondo\\\/#breadcrumb\",\"itemListElement\":[{\"@type\":\"ListItem\",\"position\":1,\"name\":\"Home\",\"item\":\"https:\\\/\\\/www.fullo.net\\\/blog\\\/\"},{\"@type\":\"ListItem\",\"position\":2,\"name\":\"BlogDinner roMagna atto secondo\"}]},{\"@type\":\"WebSite\",\"@id\":\"https:\\\/\\\/www.fullo.net\\\/blog\\\/#website\",\"url\":\"https:\\\/\\\/www.fullo.net\\\/blog\\\/\",\"name\":\"Fullo\",\"description\":\"nulla e&#039; impossibile per chi non lo deve fare!\",\"publisher\":{\"@id\":\"https:\\\/\\\/www.fullo.net\\\/blog\\\/#\\\/schema\\\/person\\\/24e91bc6caea6c411a8668df5639428c\"},\"potentialAction\":[{\"@type\":\"SearchAction\",\"target\":{\"@type\":\"EntryPoint\",\"urlTemplate\":\"https:\\\/\\\/www.fullo.net\\\/blog\\\/?s={search_term_string}\"},\"query-input\":{\"@type\":\"PropertyValueSpecification\",\"valueRequired\":true,\"valueName\":\"search_term_string\"}}],\"inLanguage\":\"en-US\"},{\"@type\":[\"Person\",\"Organization\"],\"@id\":\"https:\\\/\\\/www.fullo.net\\\/blog\\\/#\\\/schema\\\/person\\\/24e91bc6caea6c411a8668df5639428c\",\"name\":\"Francesco Fullone\",\"image\":{\"@type\":\"ImageObject\",\"inLanguage\":\"en-US\",\"@id\":\"https:\\\/\\\/i0.wp.com\\\/www.fullo.net\\\/blog\\\/wp-content\\\/uploads\\\/2024\\\/10\\\/hawiaina-gold-circled-white.png?fit=622%2C622&ssl=1\",\"url\":\"https:\\\/\\\/i0.wp.com\\\/www.fullo.net\\\/blog\\\/wp-content\\\/uploads\\\/2024\\\/10\\\/hawiaina-gold-circled-white.png?fit=622%2C622&ssl=1\",\"contentUrl\":\"https:\\\/\\\/i0.wp.com\\\/www.fullo.net\\\/blog\\\/wp-content\\\/uploads\\\/2024\\\/10\\\/hawiaina-gold-circled-white.png?fit=622%2C622&ssl=1\",\"width\":622,\"height\":622,\"caption\":\"Francesco Fullone\"},\"logo\":{\"@id\":\"https:\\\/\\\/i0.wp.com\\\/www.fullo.net\\\/blog\\\/wp-content\\\/uploads\\\/2024\\\/10\\\/hawiaina-gold-circled-white.png?fit=622%2C622&ssl=1\"},\"sameAs\":[\"http:\\\/\\\/www.fullo.net\",\"https:\\\/\\\/www.linkedin.com\\\/in\\\/fullo\",\"https:\\\/\\\/x.com\\\/fullo\"],\"url\":\"https:\\\/\\\/www.fullo.net\\\/blog\\\/author\\\/fullo\\\/\"}]}<\/script>\n<!-- \/ Yoast SEO plugin. -->","yoast_head_json":{"title":"BlogDinner roMagna atto secondo - Fullo","robots":{"index":"index","follow":"follow","max-snippet":"max-snippet:-1","max-image-preview":"max-image-preview:large","max-video-preview":"max-video-preview:-1"},"canonical":"https:\/\/www.fullo.net\/blog\/2006\/11\/27\/blogdinner-romagna-atto-secondo\/","og_locale":"en_US","og_type":"article","og_title":"BlogDinner roMagna atto secondo - Fullo","og_description":"Il 15 o il 16 Dicembre 2006 si terr\u00e0 presso l&#8217;agriturismo Carloni a Faenza la seconda edizione della BlogDinner roMagna. Per iscriversi ed avere maggiori informazioni lasciate un commento al post. Qui invece trovate i partecipanti della prima edizione. ciuaz","og_url":"https:\/\/www.fullo.net\/blog\/2006\/11\/27\/blogdinner-romagna-atto-secondo\/","og_site_name":"Fullo","article_published_time":"2006-11-27T19:43:38+00:00","article_modified_time":"2006-12-22T02:26:37+00:00","og_image":[{"url":"https:\/\/www.fullo.net\/blog\/wp-content\/uploads\/2006\/08\/tortellino.png","type":"","width":"","height":""}],"author":"Francesco Fullone","twitter_card":"summary_large_image","twitter_creator":"@fullo","twitter_site":"@fullo","twitter_misc":{"Written by":"Francesco Fullone"},"schema":{"@context":"https:\/\/schema.org","@graph":[{"@type":"Article","@id":"https:\/\/www.fullo.net\/blog\/2006\/11\/27\/blogdinner-romagna-atto-secondo\/#article","isPartOf":{"@id":"https:\/\/www.fullo.net\/blog\/2006\/11\/27\/blogdinner-romagna-atto-secondo\/"},"author":{"name":"Francesco Fullone","@id":"https:\/\/www.fullo.net\/blog\/#\/schema\/person\/24e91bc6caea6c411a8668df5639428c"},"headline":"BlogDinner roMagna atto secondo","datePublished":"2006-11-27T19:43:38+00:00","dateModified":"2006-12-22T02:26:37+00:00","mainEntityOfPage":{"@id":"https:\/\/www.fullo.net\/blog\/2006\/11\/27\/blogdinner-romagna-atto-secondo\/"},"wordCount":42,"commentCount":13,"publisher":{"@id":"https:\/\/www.fullo.net\/blog\/#\/schema\/person\/24e91bc6caea6c411a8668df5639428c"},"image":{"@id":"https:\/\/www.fullo.net\/blog\/2006\/11\/27\/blogdinner-romagna-atto-secondo\/#primaryimage"},"thumbnailUrl":"https:\/\/www.fullo.net\/blog\/wp-content\/uploads\/2006\/08\/tortellino.png","keywords":["blogdinner","blogdinnerromagna","blogger","cene","eventi","incontri"],"articleSection":["di tutto un po'","eventi"],"inLanguage":"en-US","potentialAction":[{"@type":"CommentAction","name":"Comment","target":["https:\/\/www.fullo.net\/blog\/2006\/11\/27\/blogdinner-romagna-atto-secondo\/#respond"]}]},{"@type":"WebPage","@id":"https:\/\/www.fullo.net\/blog\/2006\/11\/27\/blogdinner-romagna-atto-secondo\/","url":"https:\/\/www.fullo.net\/blog\/2006\/11\/27\/blogdinner-romagna-atto-secondo\/","name":"BlogDinner roMagna atto secondo - Fullo","isPartOf":{"@id":"https:\/\/www.fullo.net\/blog\/#website"},"primaryImageOfPage":{"@id":"https:\/\/www.fullo.net\/blog\/2006\/11\/27\/blogdinner-romagna-atto-secondo\/#primaryimage"},"image":{"@id":"https:\/\/www.fullo.net\/blog\/2006\/11\/27\/blogdinner-romagna-atto-secondo\/#primaryimage"},"thumbnailUrl":"https:\/\/www.fullo.net\/blog\/wp-content\/uploads\/2006\/08\/tortellino.png","datePublished":"2006-11-27T19:43:38+00:00","dateModified":"2006-12-22T02:26:37+00:00","breadcrumb":{"@id":"https:\/\/www.fullo.net\/blog\/2006\/11\/27\/blogdinner-romagna-atto-secondo\/#breadcrumb"},"inLanguage":"en-US","potentialAction":[{"@type":"ReadAction","target":["https:\/\/www.fullo.net\/blog\/2006\/11\/27\/blogdinner-romagna-atto-secondo\/"]}]},{"@type":"ImageObject","inLanguage":"en-US","@id":"https:\/\/www.fullo.net\/blog\/2006\/11\/27\/blogdinner-romagna-atto-secondo\/#primaryimage","url":"https:\/\/www.fullo.net\/blog\/wp-content\/uploads\/2006\/08\/tortellino.png","contentUrl":"https:\/\/www.fullo.net\/blog\/wp-content\/uploads\/2006\/08\/tortellino.png"},{"@type":"BreadcrumbList","@id":"https:\/\/www.fullo.net\/blog\/2006\/11\/27\/blogdinner-romagna-atto-secondo\/#breadcrumb","itemListElement":[{"@type":"ListItem","position":1,"name":"Home","item":"https:\/\/www.fullo.net\/blog\/"},{"@type":"ListItem","position":2,"name":"BlogDinner roMagna atto secondo"}]},{"@type":"WebSite","@id":"https:\/\/www.fullo.net\/blog\/#website","url":"https:\/\/www.fullo.net\/blog\/","name":"Fullo","description":"nulla e&#039; impossibile per chi non lo deve fare!","publisher":{"@id":"https:\/\/www.fullo.net\/blog\/#\/schema\/person\/24e91bc6caea6c411a8668df5639428c"},"potentialAction":[{"@type":"SearchAction","target":{"@type":"EntryPoint","urlTemplate":"https:\/\/www.fullo.net\/blog\/?s={search_term_string}"},"query-input":{"@type":"PropertyValueSpecification","valueRequired":true,"valueName":"search_term_string"}}],"inLanguage":"en-US"},{"@type":["Person","Organization"],"@id":"https:\/\/www.fullo.net\/blog\/#\/schema\/person\/24e91bc6caea6c411a8668df5639428c","name":"Francesco Fullone","image":{"@type":"ImageObject","inLanguage":"en-US","@id":"https:\/\/i0.wp.com\/www.fullo.net\/blog\/wp-content\/uploads\/2024\/10\/hawiaina-gold-circled-white.png?fit=622%2C622&ssl=1","url":"https:\/\/i0.wp.com\/www.fullo.net\/blog\/wp-content\/uploads\/2024\/10\/hawiaina-gold-circled-white.png?fit=622%2C622&ssl=1","contentUrl":"https:\/\/i0.wp.com\/www.fullo.net\/blog\/wp-content\/uploads\/2024\/10\/hawiaina-gold-circled-white.png?fit=622%2C622&ssl=1","width":622,"height":622,"caption":"Francesco Fullone"},"logo":{"@id":"https:\/\/i0.wp.com\/www.fullo.net\/blog\/wp-content\/uploads\/2024\/10\/hawiaina-gold-circled-white.png?fit=622%2C622&ssl=1"},"sameAs":["http:\/\/www.fullo.net","https:\/\/www.linkedin.com\/in\/fullo","https:\/\/x.com\/fullo"],"url":"https:\/\/www.fullo.net\/blog\/author\/fullo\/"}]}},"jetpack_publicize_connections":[],"jetpack_featured_media_url":"","jetpack_sharing_enabled":true,"jetpack_shortlink":"https:\/\/wp.me\/p3OSc1-ym","jetpack_likes_enabled":true,"jetpack-related-posts":[{"id":2245,"url":"https:\/\/www.fullo.net\/blog\/2007\/04\/10\/la-blogdinner-romagna-di-fa-il-20-aprile\/","url_meta":{"origin":2130,"position":0},"title":"La BlogDinner roMagna di fa il 20 Aprile!","author":"Francesco Fullone","date":"10\/04\/2007","format":false,"excerpt":"Ultimi giorni per prenotarsi alla blogDinner roMagnola, la data direi che \u00e8 quella del 20 di Aprile (venerd\u00ec), il luogo (vista la mia spiccata passione per gli spostamenti e le novit\u00e0) rimane Faenza. Fatevi vivi, il 18 chiudo le prenotazioni ;) tag della cena: \"blogdinner romagna\" ciuaz","rel":"","context":"In &quot;eventi&quot;","block_context":{"text":"eventi","link":"https:\/\/www.fullo.net\/blog\/category\/eventi\/"},"img":{"alt_text":"","src":"","width":0,"height":0},"classes":[]},{"id":2392,"url":"https:\/\/www.fullo.net\/blog\/2008\/01\/10\/blogdinner-romagna-6\/","url_meta":{"origin":2130,"position":1},"title":"blogDinner roMagna","author":"Francesco Fullone","date":"10\/01\/2008","format":false,"excerpt":"Come la morte, le tasse ed altre cose \"necessarie\" \u00e8 arrivato il tempo di organizzare la prossima blogDinner roMagnola! Questa quinta edizione della mangiata a base di tris-di-minestre, braciole e formaggi tipici si svolger\u00e0 (come al solito) a Faenza presso l'agriturismo Carloni sabato 9 Febbraio 2008. Siccome c\u2019\u00e8 gente che\u2026","rel":"","context":"In &quot;di tutto un po'&quot;","block_context":{"text":"di tutto un po'","link":"https:\/\/www.fullo.net\/blog\/category\/di-tutto-un-po\/"},"img":{"alt_text":"","src":"","width":0,"height":0},"classes":[]},{"id":2442,"url":"https:\/\/www.fullo.net\/blog\/2008\/07\/17\/blogdinner-romagna-summer-season\/","url_meta":{"origin":2130,"position":2},"title":"blogDinner roMagna summer season #2","author":"Francesco Fullone","date":"17\/07\/2008","format":false,"excerpt":"Ecco quindi le ultime informazioni per il blogDinner roMagna: \u201cOstaria del Mare\u201d Via Casette, 5 - Montaletto di Cervia (RA) tel. 0544 965617 - chiuso luned\u00ec Per chi viene da Nord (faenza\/bologna) o da Sud (cattolina\/rimini) il luogo di appuntamento \u00e8 davanti casello di Cesena Sud (mi fanno presente che\u2026","rel":"","context":"In &quot;eventi&quot;","block_context":{"text":"eventi","link":"https:\/\/www.fullo.net\/blog\/category\/eventi\/"},"img":{"alt_text":"","src":"","width":0,"height":0},"classes":[]},{"id":2036,"url":"https:\/\/www.fullo.net\/blog\/2006\/08\/29\/blogdinner-romagna-3\/","url_meta":{"origin":2130,"position":3},"title":"BlogDinner Romagna","author":"Francesco Fullone","date":"29\/08\/2006","format":false,"excerpt":"Il 22 Settembre 2006 si terr\u00e0, da qualche parte nella zona compresa tra Faenza e Cesena la prima BlogDinner Romagnola. Per iscriversi ed avere maggiori informazioni seguite il link.","rel":"","context":"In &quot;eventi&quot;","block_context":{"text":"eventi","link":"https:\/\/www.fullo.net\/blog\/category\/eventi\/"},"img":{"alt_text":"tortellino blog dinner","src":"https:\/\/i0.wp.com\/www.fullo.net\/blog\/wp-content\/uploads\/2006\/08\/tortellino.png?resize=350%2C200","width":350,"height":200},"classes":[]},{"id":2235,"url":"https:\/\/www.fullo.net\/blog\/2007\/03\/19\/blogdinner-romagna-4\/","url_meta":{"origin":2130,"position":4},"title":"BlogDinner roMagna","author":"Francesco Fullone","date":"19\/03\/2007","format":false,"excerpt":"Si stava pensando (tra me e me) di organizzare la terza blogDinner roMagnola. Come data vista l'attuale assenza di barCamp ed eventi simili ho preso considerato il weekend successivo a pasqua. Chess\u00f2 venerd\u00ec 13 o sabato 14. Il posto potrebbe essere sempre lo stesso, ma si potrebbe anche valutare altro...\u2026","rel":"","context":"In &quot;eventi&quot;","block_context":{"text":"eventi","link":"https:\/\/www.fullo.net\/blog\/category\/eventi\/"},"img":{"alt_text":"","src":"","width":0,"height":0},"classes":[]},{"id":2060,"url":"https:\/\/www.fullo.net\/blog\/2006\/09\/21\/blogdinner-romagna-il-punto-della-situazione\/","url_meta":{"origin":2130,"position":5},"title":"BlogDinner Romagna, il punto della situazione","author":"Francesco Fullone","date":"21\/09\/2006","format":false,"excerpt":"La cena si far\u00e0! :) Ci si ritrova alle 21.00 al Class Hotel (subito fuori al casello dell'autostrada sulla destra) per poi andare a mangiare alla Trattoria Agrigurismo \"Carloni\" in via Castel Raniero, 46 a Faenza. Il men\u00f9 \u00e8 il classico tris di \"minestre\", carnazza con verdure e grappe assortite\u2026","rel":"","context":"In &quot;eventi&quot;","block_context":{"text":"eventi","link":"https:\/\/www.fullo.net\/blog\/category\/eventi\/"},"img":{"alt_text":"","src":"","width":0,"height":0},"classes":[]}],"_links":{"self":[{"href":"https:\/\/www.fullo.net\/blog\/wp-json\/wp\/v2\/posts\/2130","targetHints":{"allow":["GET"]}}],"collection":[{"href":"https:\/\/www.fullo.net\/blog\/wp-json\/wp\/v2\/posts"}],"about":[{"href":"https:\/\/www.fullo.net\/blog\/wp-json\/wp\/v2\/types\/post"}],"author":[{"embeddable":true,"href":"https:\/\/www.fullo.net\/blog\/wp-json\/wp\/v2\/users\/1"}],"replies":[{"embeddable":true,"href":"https:\/\/www.fullo.net\/blog\/wp-json\/wp\/v2\/comments?post=2130"}],"version-history":[{"count":0,"href":"https:\/\/www.fullo.net\/blog\/wp-json\/wp\/v2\/posts\/2130\/revisions"}],"wp:attachment":[{"href":"https:\/\/www.fullo.net\/blog\/wp-json\/wp\/v2\/media?parent=2130"}],"wp:term":[{"taxonomy":"category","embeddable":true,"href":"https:\/\/www.fullo.net\/blog\/wp-json\/wp\/v2\/categories?post=2130"},{"taxonomy":"post_tag","embeddable":true,"href":"https:\/\/www.fullo.net\/blog\/wp-json\/wp\/v2\/tags?post=2130"}],"curies":[{"name":"wp","href":"https:\/\/api.w.org\/{rel}","templated":true}]}}