{"id":2185,"date":"2007-01-10T14:52:52","date_gmt":"2007-01-10T13:52:52","guid":{"rendered":"https:\/\/www.fullo.net\/blog\/archives\/2007\/01\/10\/future-film-festival-a-bologna\/"},"modified":"2007-01-10T14:52:52","modified_gmt":"2007-01-10T13:52:52","slug":"future-film-festival-a-bologna","status":"publish","type":"post","link":"https:\/\/www.fullo.net\/blog\/2007\/01\/10\/future-film-festival-a-bologna\/","title":{"rendered":"Future Film Festival a Bologna"},"content":{"rendered":"<p>Dal 17 al 21 di gennaio a Bologna ci sar\u00e0 il nuovo <a href=\"http:\/\/www.futurefilmfestival.org\/\">Future Film Festival<\/a>, quest&#8217;anno dando un occhio al programma penso che l&#8217;evento dovrebbe chiamarsi pi\u00f9 Essai Film Festival&#8230; ma va bene lo stesso.<\/p>\n<p>Penso comunque che una scappata infrasettimanale a vedere qualcosa di alternativo come <a href=\"http:\/\/www.animenfo.com\/animetitle,1738,mhsyyf,gin_iro_no_kami.html\">Gin-iro no kami no Agito<\/a> il 18 si potrebbe organizzare&#8230; mmmh&#8230;<\/p>\n<p>ciuaz<\/p>\n","protected":false},"excerpt":{"rendered":"<p>Dal 17 al 21 di gennaio a Bologna ci sar\u00e0 il nuovo Future Film Festival, quest&#8217;anno dando un occhio al programma penso che l&#8217;evento dovrebbe chiamarsi pi\u00f9 Essai Film Festival&#8230; ma va bene lo stesso. Penso comunque che una scappata infrasettimanale a vedere qualcosa di alternativo come Gin-iro no kami no Agito il 18 si [&hellip;]<\/p>\n","protected":false},"author":1,"featured_media":0,"comment_status":"open","ping_status":"open","sticky":false,"template":"","format":"standard","meta":{"jetpack_post_was_ever_published":false,"_jetpack_newsletter_access":"","_jetpack_dont_email_post_to_subs":false,"_jetpack_newsletter_tier_id":0,"_jetpack_memberships_contains_paywalled_content":false,"_jetpack_memberships_contains_paid_content":false,"footnotes":"","jetpack_publicize_message":"","jetpack_publicize_feature_enabled":true,"jetpack_social_post_already_shared":false,"jetpack_social_options":{"image_generator_settings":{"template":"highway","default_image_id":0,"font":"","enabled":false},"version":2}},"categories":[1,17],"tags":[104,1355,86,1648],"class_list":["post-2185","post","type-post","status-publish","format-standard","hentry","category-di-tutto-un-po","category-eventi","tag-anime","tag-bologna","tag-cinema","tag-festival"],"yoast_head":"<!-- This site is optimized with the Yoast SEO plugin v27.4 - https:\/\/yoast.com\/product\/yoast-seo-wordpress\/ -->\n<title>Future Film Festival a Bologna - Fullo<\/title>\n<meta name=\"robots\" content=\"index, follow, max-snippet:-1, max-image-preview:large, max-video-preview:-1\" \/>\n<link rel=\"canonical\" href=\"https:\/\/www.fullo.net\/blog\/2007\/01\/10\/future-film-festival-a-bologna\/\" \/>\n<meta property=\"og:locale\" content=\"en_US\" \/>\n<meta property=\"og:type\" content=\"article\" \/>\n<meta property=\"og:title\" content=\"Future Film Festival a Bologna - Fullo\" \/>\n<meta property=\"og:description\" content=\"Dal 17 al 21 di gennaio a Bologna ci sar\u00e0 il nuovo Future Film Festival, quest&#8217;anno dando un occhio al programma penso che l&#8217;evento dovrebbe chiamarsi pi\u00f9 Essai Film Festival&#8230; ma va bene lo stesso. Penso comunque che una scappata infrasettimanale a vedere qualcosa di alternativo come Gin-iro no kami no Agito il 18 si [&hellip;]\" \/>\n<meta property=\"og:url\" content=\"https:\/\/www.fullo.net\/blog\/2007\/01\/10\/future-film-festival-a-bologna\/\" \/>\n<meta property=\"og:site_name\" content=\"Fullo\" \/>\n<meta property=\"article:published_time\" content=\"2007-01-10T13:52:52+00:00\" \/>\n<meta name=\"author\" content=\"Francesco Fullone\" \/>\n<meta name=\"twitter:card\" content=\"summary_large_image\" \/>\n<meta name=\"twitter:creator\" content=\"@fullo\" \/>\n<meta name=\"twitter:site\" content=\"@fullo\" \/>\n<meta name=\"twitter:label1\" content=\"Written by\" \/>\n\t<meta name=\"twitter:data1\" content=\"Francesco Fullone\" \/>\n<script type=\"application\/ld+json\" class=\"yoast-schema-graph\">{\"@context\":\"https:\\\/\\\/schema.org\",\"@graph\":[{\"@type\":\"Article\",\"@id\":\"https:\\\/\\\/www.fullo.net\\\/blog\\\/2007\\\/01\\\/10\\\/future-film-festival-a-bologna\\\/#article\",\"isPartOf\":{\"@id\":\"https:\\\/\\\/www.fullo.net\\\/blog\\\/2007\\\/01\\\/10\\\/future-film-festival-a-bologna\\\/\"},\"author\":{\"name\":\"Francesco Fullone\",\"@id\":\"https:\\\/\\\/www.fullo.net\\\/blog\\\/#\\\/schema\\\/person\\\/24e91bc6caea6c411a8668df5639428c\"},\"headline\":\"Future Film Festival a Bologna\",\"datePublished\":\"2007-01-10T13:52:52+00:00\",\"mainEntityOfPage\":{\"@id\":\"https:\\\/\\\/www.fullo.net\\\/blog\\\/2007\\\/01\\\/10\\\/future-film-festival-a-bologna\\\/\"},\"wordCount\":63,\"commentCount\":3,\"publisher\":{\"@id\":\"https:\\\/\\\/www.fullo.net\\\/blog\\\/#\\\/schema\\\/person\\\/24e91bc6caea6c411a8668df5639428c\"},\"keywords\":[\"anime\",\"bologna\",\"cinema\",\"festival\"],\"articleSection\":[\"di tutto un po'\",\"eventi\"],\"inLanguage\":\"en-US\",\"potentialAction\":[{\"@type\":\"CommentAction\",\"name\":\"Comment\",\"target\":[\"https:\\\/\\\/www.fullo.net\\\/blog\\\/2007\\\/01\\\/10\\\/future-film-festival-a-bologna\\\/#respond\"]}]},{\"@type\":\"WebPage\",\"@id\":\"https:\\\/\\\/www.fullo.net\\\/blog\\\/2007\\\/01\\\/10\\\/future-film-festival-a-bologna\\\/\",\"url\":\"https:\\\/\\\/www.fullo.net\\\/blog\\\/2007\\\/01\\\/10\\\/future-film-festival-a-bologna\\\/\",\"name\":\"Future Film Festival a Bologna - Fullo\",\"isPartOf\":{\"@id\":\"https:\\\/\\\/www.fullo.net\\\/blog\\\/#website\"},\"datePublished\":\"2007-01-10T13:52:52+00:00\",\"breadcrumb\":{\"@id\":\"https:\\\/\\\/www.fullo.net\\\/blog\\\/2007\\\/01\\\/10\\\/future-film-festival-a-bologna\\\/#breadcrumb\"},\"inLanguage\":\"en-US\",\"potentialAction\":[{\"@type\":\"ReadAction\",\"target\":[\"https:\\\/\\\/www.fullo.net\\\/blog\\\/2007\\\/01\\\/10\\\/future-film-festival-a-bologna\\\/\"]}]},{\"@type\":\"BreadcrumbList\",\"@id\":\"https:\\\/\\\/www.fullo.net\\\/blog\\\/2007\\\/01\\\/10\\\/future-film-festival-a-bologna\\\/#breadcrumb\",\"itemListElement\":[{\"@type\":\"ListItem\",\"position\":1,\"name\":\"Home\",\"item\":\"https:\\\/\\\/www.fullo.net\\\/blog\\\/\"},{\"@type\":\"ListItem\",\"position\":2,\"name\":\"Future Film Festival a Bologna\"}]},{\"@type\":\"WebSite\",\"@id\":\"https:\\\/\\\/www.fullo.net\\\/blog\\\/#website\",\"url\":\"https:\\\/\\\/www.fullo.net\\\/blog\\\/\",\"name\":\"Fullo\",\"description\":\"nulla e&#039; impossibile per chi non lo deve fare!\",\"publisher\":{\"@id\":\"https:\\\/\\\/www.fullo.net\\\/blog\\\/#\\\/schema\\\/person\\\/24e91bc6caea6c411a8668df5639428c\"},\"potentialAction\":[{\"@type\":\"SearchAction\",\"target\":{\"@type\":\"EntryPoint\",\"urlTemplate\":\"https:\\\/\\\/www.fullo.net\\\/blog\\\/?s={search_term_string}\"},\"query-input\":{\"@type\":\"PropertyValueSpecification\",\"valueRequired\":true,\"valueName\":\"search_term_string\"}}],\"inLanguage\":\"en-US\"},{\"@type\":[\"Person\",\"Organization\"],\"@id\":\"https:\\\/\\\/www.fullo.net\\\/blog\\\/#\\\/schema\\\/person\\\/24e91bc6caea6c411a8668df5639428c\",\"name\":\"Francesco Fullone\",\"image\":{\"@type\":\"ImageObject\",\"inLanguage\":\"en-US\",\"@id\":\"https:\\\/\\\/i0.wp.com\\\/www.fullo.net\\\/blog\\\/wp-content\\\/uploads\\\/2024\\\/10\\\/hawiaina-gold-circled-white.png?fit=622%2C622&ssl=1\",\"url\":\"https:\\\/\\\/i0.wp.com\\\/www.fullo.net\\\/blog\\\/wp-content\\\/uploads\\\/2024\\\/10\\\/hawiaina-gold-circled-white.png?fit=622%2C622&ssl=1\",\"contentUrl\":\"https:\\\/\\\/i0.wp.com\\\/www.fullo.net\\\/blog\\\/wp-content\\\/uploads\\\/2024\\\/10\\\/hawiaina-gold-circled-white.png?fit=622%2C622&ssl=1\",\"width\":622,\"height\":622,\"caption\":\"Francesco Fullone\"},\"logo\":{\"@id\":\"https:\\\/\\\/i0.wp.com\\\/www.fullo.net\\\/blog\\\/wp-content\\\/uploads\\\/2024\\\/10\\\/hawiaina-gold-circled-white.png?fit=622%2C622&ssl=1\"},\"sameAs\":[\"http:\\\/\\\/www.fullo.net\",\"https:\\\/\\\/www.linkedin.com\\\/in\\\/fullo\",\"https:\\\/\\\/x.com\\\/fullo\"],\"url\":\"https:\\\/\\\/www.fullo.net\\\/blog\\\/author\\\/fullo\\\/\"}]}<\/script>\n<!-- \/ Yoast SEO plugin. -->","yoast_head_json":{"title":"Future Film Festival a Bologna - Fullo","robots":{"index":"index","follow":"follow","max-snippet":"max-snippet:-1","max-image-preview":"max-image-preview:large","max-video-preview":"max-video-preview:-1"},"canonical":"https:\/\/www.fullo.net\/blog\/2007\/01\/10\/future-film-festival-a-bologna\/","og_locale":"en_US","og_type":"article","og_title":"Future Film Festival a Bologna - Fullo","og_description":"Dal 17 al 21 di gennaio a Bologna ci sar\u00e0 il nuovo Future Film Festival, quest&#8217;anno dando un occhio al programma penso che l&#8217;evento dovrebbe chiamarsi pi\u00f9 Essai Film Festival&#8230; ma va bene lo stesso. Penso comunque che una scappata infrasettimanale a vedere qualcosa di alternativo come Gin-iro no kami no Agito il 18 si [&hellip;]","og_url":"https:\/\/www.fullo.net\/blog\/2007\/01\/10\/future-film-festival-a-bologna\/","og_site_name":"Fullo","article_published_time":"2007-01-10T13:52:52+00:00","author":"Francesco Fullone","twitter_card":"summary_large_image","twitter_creator":"@fullo","twitter_site":"@fullo","twitter_misc":{"Written by":"Francesco Fullone"},"schema":{"@context":"https:\/\/schema.org","@graph":[{"@type":"Article","@id":"https:\/\/www.fullo.net\/blog\/2007\/01\/10\/future-film-festival-a-bologna\/#article","isPartOf":{"@id":"https:\/\/www.fullo.net\/blog\/2007\/01\/10\/future-film-festival-a-bologna\/"},"author":{"name":"Francesco Fullone","@id":"https:\/\/www.fullo.net\/blog\/#\/schema\/person\/24e91bc6caea6c411a8668df5639428c"},"headline":"Future Film Festival a Bologna","datePublished":"2007-01-10T13:52:52+00:00","mainEntityOfPage":{"@id":"https:\/\/www.fullo.net\/blog\/2007\/01\/10\/future-film-festival-a-bologna\/"},"wordCount":63,"commentCount":3,"publisher":{"@id":"https:\/\/www.fullo.net\/blog\/#\/schema\/person\/24e91bc6caea6c411a8668df5639428c"},"keywords":["anime","bologna","cinema","festival"],"articleSection":["di tutto un po'","eventi"],"inLanguage":"en-US","potentialAction":[{"@type":"CommentAction","name":"Comment","target":["https:\/\/www.fullo.net\/blog\/2007\/01\/10\/future-film-festival-a-bologna\/#respond"]}]},{"@type":"WebPage","@id":"https:\/\/www.fullo.net\/blog\/2007\/01\/10\/future-film-festival-a-bologna\/","url":"https:\/\/www.fullo.net\/blog\/2007\/01\/10\/future-film-festival-a-bologna\/","name":"Future Film Festival a Bologna - Fullo","isPartOf":{"@id":"https:\/\/www.fullo.net\/blog\/#website"},"datePublished":"2007-01-10T13:52:52+00:00","breadcrumb":{"@id":"https:\/\/www.fullo.net\/blog\/2007\/01\/10\/future-film-festival-a-bologna\/#breadcrumb"},"inLanguage":"en-US","potentialAction":[{"@type":"ReadAction","target":["https:\/\/www.fullo.net\/blog\/2007\/01\/10\/future-film-festival-a-bologna\/"]}]},{"@type":"BreadcrumbList","@id":"https:\/\/www.fullo.net\/blog\/2007\/01\/10\/future-film-festival-a-bologna\/#breadcrumb","itemListElement":[{"@type":"ListItem","position":1,"name":"Home","item":"https:\/\/www.fullo.net\/blog\/"},{"@type":"ListItem","position":2,"name":"Future Film Festival a Bologna"}]},{"@type":"WebSite","@id":"https:\/\/www.fullo.net\/blog\/#website","url":"https:\/\/www.fullo.net\/blog\/","name":"Fullo","description":"nulla e&#039; impossibile per chi non lo deve fare!","publisher":{"@id":"https:\/\/www.fullo.net\/blog\/#\/schema\/person\/24e91bc6caea6c411a8668df5639428c"},"potentialAction":[{"@type":"SearchAction","target":{"@type":"EntryPoint","urlTemplate":"https:\/\/www.fullo.net\/blog\/?s={search_term_string}"},"query-input":{"@type":"PropertyValueSpecification","valueRequired":true,"valueName":"search_term_string"}}],"inLanguage":"en-US"},{"@type":["Person","Organization"],"@id":"https:\/\/www.fullo.net\/blog\/#\/schema\/person\/24e91bc6caea6c411a8668df5639428c","name":"Francesco Fullone","image":{"@type":"ImageObject","inLanguage":"en-US","@id":"https:\/\/i0.wp.com\/www.fullo.net\/blog\/wp-content\/uploads\/2024\/10\/hawiaina-gold-circled-white.png?fit=622%2C622&ssl=1","url":"https:\/\/i0.wp.com\/www.fullo.net\/blog\/wp-content\/uploads\/2024\/10\/hawiaina-gold-circled-white.png?fit=622%2C622&ssl=1","contentUrl":"https:\/\/i0.wp.com\/www.fullo.net\/blog\/wp-content\/uploads\/2024\/10\/hawiaina-gold-circled-white.png?fit=622%2C622&ssl=1","width":622,"height":622,"caption":"Francesco Fullone"},"logo":{"@id":"https:\/\/i0.wp.com\/www.fullo.net\/blog\/wp-content\/uploads\/2024\/10\/hawiaina-gold-circled-white.png?fit=622%2C622&ssl=1"},"sameAs":["http:\/\/www.fullo.net","https:\/\/www.linkedin.com\/in\/fullo","https:\/\/x.com\/fullo"],"url":"https:\/\/www.fullo.net\/blog\/author\/fullo\/"}]}},"jetpack_publicize_connections":[],"jetpack_featured_media_url":"","jetpack_sharing_enabled":true,"jetpack_shortlink":"https:\/\/wp.me\/p3OSc1-zf","jetpack_likes_enabled":true,"jetpack-related-posts":[{"id":278,"url":"https:\/\/www.fullo.net\/blog\/2003\/06\/02\/smettere-di-bere\/","url_meta":{"origin":2185,"position":0},"title":"smettere di bere&#8230;","author":"Francesco Fullone","date":"02\/06\/2003","format":false,"excerpt":"da oggi per un mese ho deciso che non toccher\u00f2 pi\u00f9 alcool, nelle ultime 3 settimane ne ho decisamente abusato, e siccome venerd\u00ec sono arrivato a dire di no ad una birra ghiacciata penso che la scelta pi\u00f9 giusta sia questa. Vorr\u00e0 dire che mi dar\u00f2 al Moka Drink... finch\u00e8\u2026","rel":"","context":"In &quot;pensieri&quot;","block_context":{"text":"pensieri","link":"https:\/\/www.fullo.net\/blog\/category\/pensieri\/"},"img":{"alt_text":"","src":"","width":0,"height":0},"classes":[]},{"id":1423,"url":"https:\/\/www.fullo.net\/blog\/2005\/05\/30\/i-concerti-che-voglio-vedere-questestate\/","url_meta":{"origin":2185,"position":1},"title":"i concerti che voglio vedere quest&#8217;estate","author":"Francesco Fullone","date":"30\/05\/2005","format":false,"excerpt":"vista la delusione pistoia blues i concerti papabili per l'estate sono: 12-06 Gods of Metal (solo il secondo giorno) a Bologna 09-07 Jethro Tull all'Estivaljazz di Lugano oppure in alternativa al concerto di Cattolica 11-08 Uriah Heep al Venice Rock Festival ciuaz","rel":"","context":"In &quot;pensieri&quot;","block_context":{"text":"pensieri","link":"https:\/\/www.fullo.net\/blog\/category\/pensieri\/"},"img":{"alt_text":"","src":"","width":0,"height":0},"classes":[]},{"id":2361,"url":"https:\/\/www.fullo.net\/blog\/2007\/10\/30\/novembre-girovago\/","url_meta":{"origin":2185,"position":2},"title":"Novembre girovago","author":"Francesco Fullone","date":"30\/10\/2007","format":false,"excerpt":"Devo dire che il prossimo Novembre si preannuncia come un mese da girovago. Scrivo questo post giusto per ricordarmi di non prendere ulteriori impegni quando parlo con qualcuno... Il primo sar\u00f2 a Lucca alla fiera del fumetto, dal 3 al 6 andr\u00f2 a Francoforte alla International phpConference per poi andare\u2026","rel":"","context":"In &quot;di tutto un po'&quot;","block_context":{"text":"di tutto un po'","link":"https:\/\/www.fullo.net\/blog\/category\/di-tutto-un-po\/"},"img":{"alt_text":"","src":"","width":0,"height":0},"classes":[]},{"id":1128,"url":"https:\/\/www.fullo.net\/blog\/2004\/12\/01\/no-ai-brevetti-software-2\/","url_meta":{"origin":2185,"position":3},"title":"no ai brevetti software (2)","author":"Francesco Fullone","date":"01\/12\/2004","format":false,"excerpt":"anche la facolt\u00e0 di SdI di Bologna ha pubblicato una mozione contro i brevetti software! Ieri il Consiglio Dipartimento di Scienze dell'Informazione dell'Universit\u00e0 di Bologna, con voto unanime ha approvato una mozione in cui chiede ai ministeri del governo italiano di esprimersi contro la proposta di direttiva che vorrebbe introdurre\u2026","rel":"","context":"In &quot;SdI&quot;","block_context":{"text":"SdI","link":"https:\/\/www.fullo.net\/blog\/category\/di-tutto-un-po\/sdi\/"},"img":{"alt_text":"","src":"","width":0,"height":0},"classes":[]},{"id":3448,"url":"https:\/\/www.fullo.net\/blog\/2020\/04\/07\/resilienza-e-sostenibilita\/","url_meta":{"origin":2185,"position":4},"title":"Resilienza e Sostenibilit\u00e0","author":"Francesco Fullone","date":"07\/04\/2020","format":false,"excerpt":"Sono ormai 3 anni che collaboro come mentor per il Contamination Lab organizzato dalla Fondazione di Banca del Monte di Faenza. La collaborazione, svolta senza fine di lucro, verte interamente nell'aiutare la nascita di startup sociali ed ad impatto sul territorio fondate da giovani e futuri imprenditori. Lo faccio perch\u00e9\u2026","rel":"","context":"In &quot;mentorship&quot;","block_context":{"text":"mentorship","link":"https:\/\/www.fullo.net\/blog\/category\/entrepreneurship\/mentorship\/"},"img":{"alt_text":"Sustainable Business Model Canvas","src":"https:\/\/i0.wp.com\/www.fullo.net\/blog\/wp-content\/uploads\/2020\/04\/SustainableBusinessModelCanvas_highresolution-scaled.jpg?fit=1200%2C849&ssl=1&resize=350%2C200","width":350,"height":200,"srcset":"https:\/\/i0.wp.com\/www.fullo.net\/blog\/wp-content\/uploads\/2020\/04\/SustainableBusinessModelCanvas_highresolution-scaled.jpg?fit=1200%2C849&ssl=1&resize=350%2C200 1x, https:\/\/i0.wp.com\/www.fullo.net\/blog\/wp-content\/uploads\/2020\/04\/SustainableBusinessModelCanvas_highresolution-scaled.jpg?fit=1200%2C849&ssl=1&resize=525%2C300 1.5x, https:\/\/i0.wp.com\/www.fullo.net\/blog\/wp-content\/uploads\/2020\/04\/SustainableBusinessModelCanvas_highresolution-scaled.jpg?fit=1200%2C849&ssl=1&resize=700%2C400 2x, https:\/\/i0.wp.com\/www.fullo.net\/blog\/wp-content\/uploads\/2020\/04\/SustainableBusinessModelCanvas_highresolution-scaled.jpg?fit=1200%2C849&ssl=1&resize=1050%2C600 3x"},"classes":[]},{"id":2677,"url":"https:\/\/www.fullo.net\/blog\/2009\/11\/09\/itdevcon-ipc-e-agileday\/","url_meta":{"origin":2185,"position":5},"title":"ITDEVCon, IPC e AgileDay","author":"Francesco Fullone","date":"09\/11\/2009","format":false,"excerpt":"Finalmente torno a girare un po' per conferenze, e che conferenze. Questa settimana sar\u00f2 impegnato come relatore all'ITDevCon, conferenza dedicata al mondo Delphi e PHP che mi vedr\u00e0 nella duplice veste di php-ista ed agilista con due talk leggeri sul TDD e i maggiori misunderstand riguardanti lo sviluppo agile. La\u2026","rel":"","context":"In &quot;eventi&quot;","block_context":{"text":"eventi","link":"https:\/\/www.fullo.net\/blog\/category\/eventi\/"},"img":{"alt_text":"","src":"","width":0,"height":0},"classes":[]}],"_links":{"self":[{"href":"https:\/\/www.fullo.net\/blog\/wp-json\/wp\/v2\/posts\/2185","targetHints":{"allow":["GET"]}}],"collection":[{"href":"https:\/\/www.fullo.net\/blog\/wp-json\/wp\/v2\/posts"}],"about":[{"href":"https:\/\/www.fullo.net\/blog\/wp-json\/wp\/v2\/types\/post"}],"author":[{"embeddable":true,"href":"https:\/\/www.fullo.net\/blog\/wp-json\/wp\/v2\/users\/1"}],"replies":[{"embeddable":true,"href":"https:\/\/www.fullo.net\/blog\/wp-json\/wp\/v2\/comments?post=2185"}],"version-history":[{"count":0,"href":"https:\/\/www.fullo.net\/blog\/wp-json\/wp\/v2\/posts\/2185\/revisions"}],"wp:attachment":[{"href":"https:\/\/www.fullo.net\/blog\/wp-json\/wp\/v2\/media?parent=2185"}],"wp:term":[{"taxonomy":"category","embeddable":true,"href":"https:\/\/www.fullo.net\/blog\/wp-json\/wp\/v2\/categories?post=2185"},{"taxonomy":"post_tag","embeddable":true,"href":"https:\/\/www.fullo.net\/blog\/wp-json\/wp\/v2\/tags?post=2185"}],"curies":[{"name":"wp","href":"https:\/\/api.w.org\/{rel}","templated":true}]}}