{"id":2191,"date":"2007-01-15T15:54:39","date_gmt":"2007-01-15T14:54:39","guid":{"rendered":"https:\/\/www.fullo.net\/blog\/archives\/2007\/01\/15\/18-maggio-2007-4-phpday-a-verona\/"},"modified":"2007-01-15T15:54:39","modified_gmt":"2007-01-15T14:54:39","slug":"18-maggio-2007-4-phpday-a-verona","status":"publish","type":"post","link":"https:\/\/www.fullo.net\/blog\/2007\/01\/15\/18-maggio-2007-4-phpday-a-verona\/","title":{"rendered":"18 Maggio 2007: 4\u00b0 phpDay a Verona"},"content":{"rendered":"<p><a href=\"http:\/\/www.phpday.it\"><img data-recalc-dims=\"1\" decoding=\"async\" src=\"https:\/\/i0.wp.com\/www.phpday.it\/site\/wp-content\/uploads\/2007\/01\/phpday-banner-125x125-07.gif?w=580\" alt=\"phpday - 18\/05\/2007 a verona\" class=\"immagine\" align=\"left\" border=\"0\" \/><\/a> Mancano 4 mesi al prossimo <a href=\"http:\/\/www.phpday.it\">phpDay<\/a> italiano. Quest&#8217;anno si terr\u00e0 a Verona e coinvolger\u00e0, come nella precedente edizione, sviluppatori (ma non solo) italiani e stranieri. <\/p>\n<p>Siccome lo scorso anno \u00e8 piaciuta molto l&#8217;idea di creare una serie di talk dedicati al mondo dell&#8217;enterprise, da affiancare al classico percorso per sviluppatori, dove le aziende possono mostrare non solo i nuovi prodotti di punta ma anche spiegare i propri case studies, abbiamo deciso di lasciare invariata la formula, invitando per\u00f2 aziende europee leader del settore e non solo quelle italiane.<\/p>\n<p>Abbiamo anche ri-aperto i <a href=\"http:\/\/www.phpday.it\/site\/call-for-paper\/\">call for paper<\/a>, se quindi siete interessati a tenere un talk fatevi avanti!<\/p>\n<p>Maggiori informazioni le troverete man mano sul <a href=\"http:\/\/www.phpday.it\">blog dell&#8217;evento<\/a>. <\/p>\n<p>Inoltre, se possibile vi chiedo di spargere la voce applicando sul vostro sito\/blog\/forum uno dei <a href=\"http:\/\/www.phpday.it\/site\/informazioni-utili\/press-kit\/\">banner relativi all&#8217;evento<\/a> o semplicemente parlandone.<\/p>\n<p>ciuaz<\/p>\n","protected":false},"excerpt":{"rendered":"<p>Mancano 4 mesi al prossimo phpDay italiano. Quest&#8217;anno si terr\u00e0 a Verona e coinvolger\u00e0, come nella precedente edizione, sviluppatori (ma non solo) italiani e stranieri. Siccome lo scorso anno \u00e8 piaciuta molto l&#8217;idea di creare una serie di talk dedicati al mondo dell&#8217;enterprise, da affiancare al classico percorso per sviluppatori, dove le aziende possono mostrare [&hellip;]<\/p>\n","protected":false},"author":1,"featured_media":0,"comment_status":"open","ping_status":"open","sticky":false,"template":"","format":"standard","meta":{"jetpack_post_was_ever_published":false,"_jetpack_newsletter_access":"","_jetpack_dont_email_post_to_subs":false,"_jetpack_newsletter_tier_id":0,"_jetpack_memberships_contains_paywalled_content":false,"_jetpack_memberships_contains_paid_content":false,"footnotes":"","jetpack_publicize_message":"","jetpack_publicize_feature_enabled":true,"jetpack_social_post_already_shared":false,"jetpack_social_options":{"image_generator_settings":{"template":"highway","default_image_id":0,"font":"","enabled":false},"version":2}},"categories":[17,9],"tags":[2254,181,2248,1036],"class_list":["post-2191","post","type-post","status-publish","format-standard","hentry","category-eventi","category-php","tag-eventi","tag-grusp","tag-php","tag-phpday"],"yoast_head":"<!-- This site is optimized with the Yoast SEO plugin v27.5 - https:\/\/yoast.com\/product\/yoast-seo-wordpress\/ -->\n<title>18 Maggio 2007: 4\u00b0 phpDay a Verona - Fullo<\/title>\n<meta name=\"robots\" content=\"index, follow, max-snippet:-1, max-image-preview:large, max-video-preview:-1\" \/>\n<link rel=\"canonical\" href=\"https:\/\/www.fullo.net\/blog\/2007\/01\/15\/18-maggio-2007-4-phpday-a-verona\/\" \/>\n<meta property=\"og:locale\" content=\"en_US\" \/>\n<meta property=\"og:type\" content=\"article\" \/>\n<meta property=\"og:title\" content=\"18 Maggio 2007: 4\u00b0 phpDay a Verona - Fullo\" \/>\n<meta property=\"og:description\" content=\"Mancano 4 mesi al prossimo phpDay italiano. Quest&#8217;anno si terr\u00e0 a Verona e coinvolger\u00e0, come nella precedente edizione, sviluppatori (ma non solo) italiani e stranieri. Siccome lo scorso anno \u00e8 piaciuta molto l&#8217;idea di creare una serie di talk dedicati al mondo dell&#8217;enterprise, da affiancare al classico percorso per sviluppatori, dove le aziende possono mostrare [&hellip;]\" \/>\n<meta property=\"og:url\" content=\"https:\/\/www.fullo.net\/blog\/2007\/01\/15\/18-maggio-2007-4-phpday-a-verona\/\" \/>\n<meta property=\"og:site_name\" content=\"Fullo\" \/>\n<meta property=\"article:published_time\" content=\"2007-01-15T14:54:39+00:00\" \/>\n<meta property=\"og:image\" content=\"http:\/\/www.phpday.it\/site\/wp-content\/uploads\/2007\/01\/phpday-banner-125x125-07.gif\" \/>\n<meta name=\"author\" content=\"Francesco Fullone\" \/>\n<meta name=\"twitter:card\" content=\"summary_large_image\" \/>\n<meta name=\"twitter:creator\" content=\"@fullo\" \/>\n<meta name=\"twitter:site\" content=\"@fullo\" \/>\n<meta name=\"twitter:label1\" content=\"Written by\" \/>\n\t<meta name=\"twitter:data1\" content=\"Francesco Fullone\" \/>\n\t<meta name=\"twitter:label2\" content=\"Est. reading time\" \/>\n\t<meta name=\"twitter:data2\" content=\"1 minute\" \/>\n<script type=\"application\/ld+json\" class=\"yoast-schema-graph\">{\"@context\":\"https:\\\/\\\/schema.org\",\"@graph\":[{\"@type\":\"Article\",\"@id\":\"https:\\\/\\\/www.fullo.net\\\/blog\\\/2007\\\/01\\\/15\\\/18-maggio-2007-4-phpday-a-verona\\\/#article\",\"isPartOf\":{\"@id\":\"https:\\\/\\\/www.fullo.net\\\/blog\\\/2007\\\/01\\\/15\\\/18-maggio-2007-4-phpday-a-verona\\\/\"},\"author\":{\"name\":\"Francesco Fullone\",\"@id\":\"https:\\\/\\\/www.fullo.net\\\/blog\\\/#\\\/schema\\\/person\\\/24e91bc6caea6c411a8668df5639428c\"},\"headline\":\"18 Maggio 2007: 4\u00b0 phpDay a Verona\",\"datePublished\":\"2007-01-15T14:54:39+00:00\",\"mainEntityOfPage\":{\"@id\":\"https:\\\/\\\/www.fullo.net\\\/blog\\\/2007\\\/01\\\/15\\\/18-maggio-2007-4-phpday-a-verona\\\/\"},\"wordCount\":145,\"commentCount\":1,\"publisher\":{\"@id\":\"https:\\\/\\\/www.fullo.net\\\/blog\\\/#\\\/schema\\\/person\\\/24e91bc6caea6c411a8668df5639428c\"},\"image\":{\"@id\":\"https:\\\/\\\/www.fullo.net\\\/blog\\\/2007\\\/01\\\/15\\\/18-maggio-2007-4-phpday-a-verona\\\/#primaryimage\"},\"thumbnailUrl\":\"http:\\\/\\\/www.phpday.it\\\/site\\\/wp-content\\\/uploads\\\/2007\\\/01\\\/phpday-banner-125x125-07.gif\",\"keywords\":[\"eventi\",\"grusp\",\"php\",\"phpday\"],\"articleSection\":[\"eventi\",\"php\"],\"inLanguage\":\"en-US\",\"potentialAction\":[{\"@type\":\"CommentAction\",\"name\":\"Comment\",\"target\":[\"https:\\\/\\\/www.fullo.net\\\/blog\\\/2007\\\/01\\\/15\\\/18-maggio-2007-4-phpday-a-verona\\\/#respond\"]}]},{\"@type\":\"WebPage\",\"@id\":\"https:\\\/\\\/www.fullo.net\\\/blog\\\/2007\\\/01\\\/15\\\/18-maggio-2007-4-phpday-a-verona\\\/\",\"url\":\"https:\\\/\\\/www.fullo.net\\\/blog\\\/2007\\\/01\\\/15\\\/18-maggio-2007-4-phpday-a-verona\\\/\",\"name\":\"18 Maggio 2007: 4\u00b0 phpDay a Verona - Fullo\",\"isPartOf\":{\"@id\":\"https:\\\/\\\/www.fullo.net\\\/blog\\\/#website\"},\"primaryImageOfPage\":{\"@id\":\"https:\\\/\\\/www.fullo.net\\\/blog\\\/2007\\\/01\\\/15\\\/18-maggio-2007-4-phpday-a-verona\\\/#primaryimage\"},\"image\":{\"@id\":\"https:\\\/\\\/www.fullo.net\\\/blog\\\/2007\\\/01\\\/15\\\/18-maggio-2007-4-phpday-a-verona\\\/#primaryimage\"},\"thumbnailUrl\":\"http:\\\/\\\/www.phpday.it\\\/site\\\/wp-content\\\/uploads\\\/2007\\\/01\\\/phpday-banner-125x125-07.gif\",\"datePublished\":\"2007-01-15T14:54:39+00:00\",\"breadcrumb\":{\"@id\":\"https:\\\/\\\/www.fullo.net\\\/blog\\\/2007\\\/01\\\/15\\\/18-maggio-2007-4-phpday-a-verona\\\/#breadcrumb\"},\"inLanguage\":\"en-US\",\"potentialAction\":[{\"@type\":\"ReadAction\",\"target\":[\"https:\\\/\\\/www.fullo.net\\\/blog\\\/2007\\\/01\\\/15\\\/18-maggio-2007-4-phpday-a-verona\\\/\"]}]},{\"@type\":\"ImageObject\",\"inLanguage\":\"en-US\",\"@id\":\"https:\\\/\\\/www.fullo.net\\\/blog\\\/2007\\\/01\\\/15\\\/18-maggio-2007-4-phpday-a-verona\\\/#primaryimage\",\"url\":\"http:\\\/\\\/www.phpday.it\\\/site\\\/wp-content\\\/uploads\\\/2007\\\/01\\\/phpday-banner-125x125-07.gif\",\"contentUrl\":\"http:\\\/\\\/www.phpday.it\\\/site\\\/wp-content\\\/uploads\\\/2007\\\/01\\\/phpday-banner-125x125-07.gif\"},{\"@type\":\"BreadcrumbList\",\"@id\":\"https:\\\/\\\/www.fullo.net\\\/blog\\\/2007\\\/01\\\/15\\\/18-maggio-2007-4-phpday-a-verona\\\/#breadcrumb\",\"itemListElement\":[{\"@type\":\"ListItem\",\"position\":1,\"name\":\"Home\",\"item\":\"https:\\\/\\\/www.fullo.net\\\/blog\\\/\"},{\"@type\":\"ListItem\",\"position\":2,\"name\":\"18 Maggio 2007: 4\u00b0 phpDay a Verona\"}]},{\"@type\":\"WebSite\",\"@id\":\"https:\\\/\\\/www.fullo.net\\\/blog\\\/#website\",\"url\":\"https:\\\/\\\/www.fullo.net\\\/blog\\\/\",\"name\":\"Fullo\",\"description\":\"nulla e&#039; impossibile per chi non lo deve fare!\",\"publisher\":{\"@id\":\"https:\\\/\\\/www.fullo.net\\\/blog\\\/#\\\/schema\\\/person\\\/24e91bc6caea6c411a8668df5639428c\"},\"potentialAction\":[{\"@type\":\"SearchAction\",\"target\":{\"@type\":\"EntryPoint\",\"urlTemplate\":\"https:\\\/\\\/www.fullo.net\\\/blog\\\/?s={search_term_string}\"},\"query-input\":{\"@type\":\"PropertyValueSpecification\",\"valueRequired\":true,\"valueName\":\"search_term_string\"}}],\"inLanguage\":\"en-US\"},{\"@type\":[\"Person\",\"Organization\"],\"@id\":\"https:\\\/\\\/www.fullo.net\\\/blog\\\/#\\\/schema\\\/person\\\/24e91bc6caea6c411a8668df5639428c\",\"name\":\"Francesco Fullone\",\"image\":{\"@type\":\"ImageObject\",\"inLanguage\":\"en-US\",\"@id\":\"https:\\\/\\\/i0.wp.com\\\/www.fullo.net\\\/blog\\\/wp-content\\\/uploads\\\/2024\\\/10\\\/hawiaina-gold-circled-white.png?fit=622%2C622&ssl=1\",\"url\":\"https:\\\/\\\/i0.wp.com\\\/www.fullo.net\\\/blog\\\/wp-content\\\/uploads\\\/2024\\\/10\\\/hawiaina-gold-circled-white.png?fit=622%2C622&ssl=1\",\"contentUrl\":\"https:\\\/\\\/i0.wp.com\\\/www.fullo.net\\\/blog\\\/wp-content\\\/uploads\\\/2024\\\/10\\\/hawiaina-gold-circled-white.png?fit=622%2C622&ssl=1\",\"width\":622,\"height\":622,\"caption\":\"Francesco Fullone\"},\"logo\":{\"@id\":\"https:\\\/\\\/i0.wp.com\\\/www.fullo.net\\\/blog\\\/wp-content\\\/uploads\\\/2024\\\/10\\\/hawiaina-gold-circled-white.png?fit=622%2C622&ssl=1\"},\"sameAs\":[\"http:\\\/\\\/www.fullo.net\",\"https:\\\/\\\/www.linkedin.com\\\/in\\\/fullo\",\"https:\\\/\\\/x.com\\\/fullo\"],\"url\":\"https:\\\/\\\/www.fullo.net\\\/blog\\\/author\\\/fullo\\\/\"}]}<\/script>\n<!-- \/ Yoast SEO plugin. -->","yoast_head_json":{"title":"18 Maggio 2007: 4\u00b0 phpDay a Verona - Fullo","robots":{"index":"index","follow":"follow","max-snippet":"max-snippet:-1","max-image-preview":"max-image-preview:large","max-video-preview":"max-video-preview:-1"},"canonical":"https:\/\/www.fullo.net\/blog\/2007\/01\/15\/18-maggio-2007-4-phpday-a-verona\/","og_locale":"en_US","og_type":"article","og_title":"18 Maggio 2007: 4\u00b0 phpDay a Verona - Fullo","og_description":"Mancano 4 mesi al prossimo phpDay italiano. Quest&#8217;anno si terr\u00e0 a Verona e coinvolger\u00e0, come nella precedente edizione, sviluppatori (ma non solo) italiani e stranieri. Siccome lo scorso anno \u00e8 piaciuta molto l&#8217;idea di creare una serie di talk dedicati al mondo dell&#8217;enterprise, da affiancare al classico percorso per sviluppatori, dove le aziende possono mostrare [&hellip;]","og_url":"https:\/\/www.fullo.net\/blog\/2007\/01\/15\/18-maggio-2007-4-phpday-a-verona\/","og_site_name":"Fullo","article_published_time":"2007-01-15T14:54:39+00:00","og_image":[{"url":"http:\/\/www.phpday.it\/site\/wp-content\/uploads\/2007\/01\/phpday-banner-125x125-07.gif","type":"","width":"","height":""}],"author":"Francesco Fullone","twitter_card":"summary_large_image","twitter_creator":"@fullo","twitter_site":"@fullo","twitter_misc":{"Written by":"Francesco Fullone","Est. reading time":"1 minute"},"schema":{"@context":"https:\/\/schema.org","@graph":[{"@type":"Article","@id":"https:\/\/www.fullo.net\/blog\/2007\/01\/15\/18-maggio-2007-4-phpday-a-verona\/#article","isPartOf":{"@id":"https:\/\/www.fullo.net\/blog\/2007\/01\/15\/18-maggio-2007-4-phpday-a-verona\/"},"author":{"name":"Francesco Fullone","@id":"https:\/\/www.fullo.net\/blog\/#\/schema\/person\/24e91bc6caea6c411a8668df5639428c"},"headline":"18 Maggio 2007: 4\u00b0 phpDay a Verona","datePublished":"2007-01-15T14:54:39+00:00","mainEntityOfPage":{"@id":"https:\/\/www.fullo.net\/blog\/2007\/01\/15\/18-maggio-2007-4-phpday-a-verona\/"},"wordCount":145,"commentCount":1,"publisher":{"@id":"https:\/\/www.fullo.net\/blog\/#\/schema\/person\/24e91bc6caea6c411a8668df5639428c"},"image":{"@id":"https:\/\/www.fullo.net\/blog\/2007\/01\/15\/18-maggio-2007-4-phpday-a-verona\/#primaryimage"},"thumbnailUrl":"http:\/\/www.phpday.it\/site\/wp-content\/uploads\/2007\/01\/phpday-banner-125x125-07.gif","keywords":["eventi","grusp","php","phpday"],"articleSection":["eventi","php"],"inLanguage":"en-US","potentialAction":[{"@type":"CommentAction","name":"Comment","target":["https:\/\/www.fullo.net\/blog\/2007\/01\/15\/18-maggio-2007-4-phpday-a-verona\/#respond"]}]},{"@type":"WebPage","@id":"https:\/\/www.fullo.net\/blog\/2007\/01\/15\/18-maggio-2007-4-phpday-a-verona\/","url":"https:\/\/www.fullo.net\/blog\/2007\/01\/15\/18-maggio-2007-4-phpday-a-verona\/","name":"18 Maggio 2007: 4\u00b0 phpDay a Verona - Fullo","isPartOf":{"@id":"https:\/\/www.fullo.net\/blog\/#website"},"primaryImageOfPage":{"@id":"https:\/\/www.fullo.net\/blog\/2007\/01\/15\/18-maggio-2007-4-phpday-a-verona\/#primaryimage"},"image":{"@id":"https:\/\/www.fullo.net\/blog\/2007\/01\/15\/18-maggio-2007-4-phpday-a-verona\/#primaryimage"},"thumbnailUrl":"http:\/\/www.phpday.it\/site\/wp-content\/uploads\/2007\/01\/phpday-banner-125x125-07.gif","datePublished":"2007-01-15T14:54:39+00:00","breadcrumb":{"@id":"https:\/\/www.fullo.net\/blog\/2007\/01\/15\/18-maggio-2007-4-phpday-a-verona\/#breadcrumb"},"inLanguage":"en-US","potentialAction":[{"@type":"ReadAction","target":["https:\/\/www.fullo.net\/blog\/2007\/01\/15\/18-maggio-2007-4-phpday-a-verona\/"]}]},{"@type":"ImageObject","inLanguage":"en-US","@id":"https:\/\/www.fullo.net\/blog\/2007\/01\/15\/18-maggio-2007-4-phpday-a-verona\/#primaryimage","url":"http:\/\/www.phpday.it\/site\/wp-content\/uploads\/2007\/01\/phpday-banner-125x125-07.gif","contentUrl":"http:\/\/www.phpday.it\/site\/wp-content\/uploads\/2007\/01\/phpday-banner-125x125-07.gif"},{"@type":"BreadcrumbList","@id":"https:\/\/www.fullo.net\/blog\/2007\/01\/15\/18-maggio-2007-4-phpday-a-verona\/#breadcrumb","itemListElement":[{"@type":"ListItem","position":1,"name":"Home","item":"https:\/\/www.fullo.net\/blog\/"},{"@type":"ListItem","position":2,"name":"18 Maggio 2007: 4\u00b0 phpDay a Verona"}]},{"@type":"WebSite","@id":"https:\/\/www.fullo.net\/blog\/#website","url":"https:\/\/www.fullo.net\/blog\/","name":"Fullo","description":"nulla e&#039; impossibile per chi non lo deve fare!","publisher":{"@id":"https:\/\/www.fullo.net\/blog\/#\/schema\/person\/24e91bc6caea6c411a8668df5639428c"},"potentialAction":[{"@type":"SearchAction","target":{"@type":"EntryPoint","urlTemplate":"https:\/\/www.fullo.net\/blog\/?s={search_term_string}"},"query-input":{"@type":"PropertyValueSpecification","valueRequired":true,"valueName":"search_term_string"}}],"inLanguage":"en-US"},{"@type":["Person","Organization"],"@id":"https:\/\/www.fullo.net\/blog\/#\/schema\/person\/24e91bc6caea6c411a8668df5639428c","name":"Francesco Fullone","image":{"@type":"ImageObject","inLanguage":"en-US","@id":"https:\/\/i0.wp.com\/www.fullo.net\/blog\/wp-content\/uploads\/2024\/10\/hawiaina-gold-circled-white.png?fit=622%2C622&ssl=1","url":"https:\/\/i0.wp.com\/www.fullo.net\/blog\/wp-content\/uploads\/2024\/10\/hawiaina-gold-circled-white.png?fit=622%2C622&ssl=1","contentUrl":"https:\/\/i0.wp.com\/www.fullo.net\/blog\/wp-content\/uploads\/2024\/10\/hawiaina-gold-circled-white.png?fit=622%2C622&ssl=1","width":622,"height":622,"caption":"Francesco Fullone"},"logo":{"@id":"https:\/\/i0.wp.com\/www.fullo.net\/blog\/wp-content\/uploads\/2024\/10\/hawiaina-gold-circled-white.png?fit=622%2C622&ssl=1"},"sameAs":["http:\/\/www.fullo.net","https:\/\/www.linkedin.com\/in\/fullo","https:\/\/x.com\/fullo"],"url":"https:\/\/www.fullo.net\/blog\/author\/fullo\/"}]}},"jetpack_publicize_connections":[],"jetpack_featured_media_url":"","jetpack_sharing_enabled":true,"jetpack_shortlink":"https:\/\/wp.me\/p3OSc1-zl","jetpack_likes_enabled":true,"jetpack-related-posts":[{"id":3083,"url":"https:\/\/www.fullo.net\/blog\/2013\/05\/27\/creare-un-ecosistema-sano-e-possibile\/","url_meta":{"origin":2191,"position":0},"title":"Creare un ecosistema sano, \u00e8 possibile.","author":"Francesco Fullone","date":"27\/05\/2013","format":false,"excerpt":"Qualche tempo fa, durante una riunione dell'xpug romagnolo (che ora ha anche una pagina su G+), emerse il discorso sul rimanere a combattere piuttosto che emigrare. La serata, piuttosto che vergere sul classico auto compatimento \u00e8 stata interessante ed ha portato a diversi punti chiave su cui lavorare. Il pi\u00f9\u2026","rel":"","context":"In &quot;eventi&quot;","block_context":{"text":"eventi","link":"https:\/\/www.fullo.net\/blog\/category\/eventi\/"},"img":{"alt_text":"","src":"","width":0,"height":0},"classes":[]},{"id":2271,"url":"https:\/\/www.fullo.net\/blog\/2007\/05\/21\/phpday-2007-qualche-considerazione-sullevento\/","url_meta":{"origin":2191,"position":1},"title":"phpDay 2007, qualche considerazione sull&#8217;evento","author":"Francesco Fullone","date":"21\/05\/2007","format":false,"excerpt":"Ed anche questa \u00e8 finita! Venerd\u00ec scorso si \u00e8 concluso il ciclo lavorativo che mi ha visto (insieme ai ragazzi del GrUSP) perdere il sonno nell'ultimo mese e mezzo. Premetto che quest'anno il phpDay si \u00e8 svolto in maniera \"differente\" rispetto alle scorse edizioni, abbiamo deciso di staccarci dall'ambito universitario\u2026","rel":"","context":"In &quot;eventi&quot;","block_context":{"text":"eventi","link":"https:\/\/www.fullo.net\/blog\/category\/eventi\/"},"img":{"alt_text":"P5180095.JPG","src":"https:\/\/i0.wp.com\/farm1.static.flickr.com\/228\/504937952_fa346123e1_m.jpg?resize=350%2C200","width":350,"height":200},"classes":[]},{"id":2362,"url":"https:\/\/www.fullo.net\/blog\/2007\/11\/09\/ipc-international-php-conference\/","url_meta":{"origin":2191,"position":2},"title":"IPC, International PHP Conference","author":"Francesco Fullone","date":"09\/11\/2007","format":false,"excerpt":"Ormai sono tornato da un paio di giorni dall'IPC, devo dire che ne sono stato realmente entusiasta e che mi \u00e8 dispiaciuto veramente molto perdere l'ultima giornata di talk. La qualit\u00e0 dei talk, almeno per quelli a cui ho partecipato, \u00e8 stata decisamente alta. Inoltre ho apprezzato particolarmente i workshop\u2026","rel":"","context":"In &quot;eventi&quot;","block_context":{"text":"eventi","link":"https:\/\/www.fullo.net\/blog\/category\/eventi\/"},"img":{"alt_text":"","src":"","width":0,"height":0},"classes":[]},{"id":1961,"url":"https:\/\/www.fullo.net\/blog\/2006\/05\/15\/phpday-ormai-in-arrivo\/","url_meta":{"origin":2191,"position":3},"title":"phpDay, ormai in arrivo!","author":"Francesco Fullone","date":"15\/05\/2006","format":false,"excerpt":"Il calendario dei talks \u00e8 online! Ci manca solo la conferma di un talk per il percorso Developer e abbiamo finito. Intanto anche Zend ci ha ufficializzato le modalit\u00e0 di acquisto del bundle Zend Studio+maglietta+certificazione. Sar\u00e0 possibile farlo online e solo con carta di credito, ci dispiace a tutti i\u2026","rel":"","context":"In &quot;eventi&quot;","block_context":{"text":"eventi","link":"https:\/\/www.fullo.net\/blog\/category\/eventi\/"},"img":{"alt_text":"","src":"","width":0,"height":0},"classes":[]},{"id":2254,"url":"https:\/\/www.fullo.net\/blog\/2007\/05\/07\/phpday-e-alle-porte\/","url_meta":{"origin":2191,"position":4},"title":"PHPDay \u00e8 alle porte&#8230;","author":"Francesco Fullone","date":"07\/05\/2007","format":false,"excerpt":"Finalmente sta per arrivare il phpday, negli ultimi due mesi l'evento ha eroso tutto il tempo libero che dedicavo al blog impedendomi di postare con i normali ritmi. Questo fine settimana salir\u00f2 a Verona per fare gli ultimi controlli con l'albergo scelto (quest'anno niente universit\u00e0 o associazioni) e per fare\u2026","rel":"","context":"In &quot;eventi&quot;","block_context":{"text":"eventi","link":"https:\/\/www.fullo.net\/blog\/category\/eventi\/"},"img":{"alt_text":"","src":"","width":0,"height":0},"classes":[]},{"id":2269,"url":"https:\/\/www.fullo.net\/blog\/2007\/05\/17\/parto-per-il-phpday-ci-si-vede-a-verona\/","url_meta":{"origin":2191,"position":5},"title":"Parto per il phpDay, ci si vede a Verona","author":"Francesco Fullone","date":"17\/05\/2007","format":false,"excerpt":"Siccome Twitter \u00e8 di nuovo \"rotto\" vi avviso da qui che oggi partir\u00f2 per Verona per allestire le sale e fare gli ultimi test, ci vediamo li domani per il phpDay!! cuiaz","rel":"","context":"In &quot;di tutto un po'&quot;","block_context":{"text":"di tutto un po'","link":"https:\/\/www.fullo.net\/blog\/category\/di-tutto-un-po\/"},"img":{"alt_text":"","src":"","width":0,"height":0},"classes":[]}],"_links":{"self":[{"href":"https:\/\/www.fullo.net\/blog\/wp-json\/wp\/v2\/posts\/2191","targetHints":{"allow":["GET"]}}],"collection":[{"href":"https:\/\/www.fullo.net\/blog\/wp-json\/wp\/v2\/posts"}],"about":[{"href":"https:\/\/www.fullo.net\/blog\/wp-json\/wp\/v2\/types\/post"}],"author":[{"embeddable":true,"href":"https:\/\/www.fullo.net\/blog\/wp-json\/wp\/v2\/users\/1"}],"replies":[{"embeddable":true,"href":"https:\/\/www.fullo.net\/blog\/wp-json\/wp\/v2\/comments?post=2191"}],"version-history":[{"count":0,"href":"https:\/\/www.fullo.net\/blog\/wp-json\/wp\/v2\/posts\/2191\/revisions"}],"wp:attachment":[{"href":"https:\/\/www.fullo.net\/blog\/wp-json\/wp\/v2\/media?parent=2191"}],"wp:term":[{"taxonomy":"category","embeddable":true,"href":"https:\/\/www.fullo.net\/blog\/wp-json\/wp\/v2\/categories?post=2191"},{"taxonomy":"post_tag","embeddable":true,"href":"https:\/\/www.fullo.net\/blog\/wp-json\/wp\/v2\/tags?post=2191"}],"curies":[{"name":"wp","href":"https:\/\/api.w.org\/{rel}","templated":true}]}}