{"id":2219,"date":"2007-02-21T09:56:10","date_gmt":"2007-02-21T08:56:10","guid":{"rendered":"https:\/\/www.fullo.net\/blog\/archives\/2007\/02\/21\/sabato-marcamp\/"},"modified":"2007-02-21T12:44:24","modified_gmt":"2007-02-21T11:44:24","slug":"sabato-marcamp","status":"publish","type":"post","link":"https:\/\/www.fullo.net\/blog\/2007\/02\/21\/sabato-marcamp\/","title":{"rendered":"Sabato MarCamp"},"content":{"rendered":"<p>Ma \u00e8 una mia impressione o l&#8217;<a href=\"http:\/\/it.blogbabel.com\/search\/entries\/marcamp\/\">hype intorno al MarCamp<\/a> \u00e8 decisamente inferiore rispetto a quello di <a href=\"https:\/\/barcamp.org\/BarcampTurin\">Torino<\/a> e <a href=\"https:\/\/barcamp.org\/RomeCamp\">Roma<\/a>? <\/p>\n<p>Comunque sia&#8230; parliamo di cose importanti&#8230; <del datetime=\"2007-02-21T11:43:45+00:00\">dove si fa la cena?<\/del> <a href=\"http:\/\/marcamp.pbwiki.com\/FrontPage\">si fa la cena<\/a>!<\/p>\n<p>ciuaz<\/p>\n","protected":false},"excerpt":{"rendered":"<p>Ma \u00e8 una mia impressione o l&#8217;hype intorno al MarCamp \u00e8 decisamente inferiore rispetto a quello di Torino e Roma? Comunque sia&#8230; parliamo di cose importanti&#8230; dove si fa la cena? si fa la cena! ciuaz<\/p>\n","protected":false},"author":1,"featured_media":0,"comment_status":"open","ping_status":"open","sticky":false,"template":"","format":"standard","meta":{"jetpack_post_was_ever_published":false,"_jetpack_newsletter_access":"","_jetpack_dont_email_post_to_subs":false,"_jetpack_newsletter_tier_id":0,"_jetpack_memberships_contains_paywalled_content":false,"_jetpack_memberships_contains_paid_content":false,"footnotes":"","jetpack_publicize_message":"","jetpack_publicize_feature_enabled":true,"jetpack_social_post_already_shared":false,"jetpack_social_options":{"image_generator_settings":{"template":"highway","default_image_id":0,"font":"","enabled":false},"version":2}},"categories":[4],"tags":[1474,1675],"class_list":["post-2219","post","type-post","status-publish","format-standard","hentry","category-pensieri","tag-barcamp","tag-marcamp"],"yoast_head":"<!-- This site is optimized with the Yoast SEO plugin v27.5 - https:\/\/yoast.com\/product\/yoast-seo-wordpress\/ -->\n<title>Sabato MarCamp - Fullo<\/title>\n<meta name=\"robots\" content=\"index, follow, max-snippet:-1, max-image-preview:large, max-video-preview:-1\" \/>\n<link rel=\"canonical\" href=\"https:\/\/www.fullo.net\/blog\/2007\/02\/21\/sabato-marcamp\/\" \/>\n<meta property=\"og:locale\" content=\"en_US\" \/>\n<meta property=\"og:type\" content=\"article\" \/>\n<meta property=\"og:title\" content=\"Sabato MarCamp - Fullo\" \/>\n<meta property=\"og:description\" content=\"Ma \u00e8 una mia impressione o l&#8217;hype intorno al MarCamp \u00e8 decisamente inferiore rispetto a quello di Torino e Roma? Comunque sia&#8230; parliamo di cose importanti&#8230; dove si fa la cena? si fa la cena! ciuaz\" \/>\n<meta property=\"og:url\" content=\"https:\/\/www.fullo.net\/blog\/2007\/02\/21\/sabato-marcamp\/\" \/>\n<meta property=\"og:site_name\" content=\"Fullo\" \/>\n<meta property=\"article:published_time\" content=\"2007-02-21T08:56:10+00:00\" \/>\n<meta property=\"article:modified_time\" content=\"2007-02-21T11:44:24+00:00\" \/>\n<meta name=\"author\" content=\"Francesco Fullone\" \/>\n<meta name=\"twitter:card\" content=\"summary_large_image\" \/>\n<meta name=\"twitter:creator\" content=\"@fullo\" \/>\n<meta name=\"twitter:site\" content=\"@fullo\" \/>\n<meta name=\"twitter:label1\" content=\"Written by\" \/>\n\t<meta name=\"twitter:data1\" content=\"Francesco Fullone\" \/>\n<script type=\"application\/ld+json\" class=\"yoast-schema-graph\">{\"@context\":\"https:\\\/\\\/schema.org\",\"@graph\":[{\"@type\":\"Article\",\"@id\":\"https:\\\/\\\/www.fullo.net\\\/blog\\\/2007\\\/02\\\/21\\\/sabato-marcamp\\\/#article\",\"isPartOf\":{\"@id\":\"https:\\\/\\\/www.fullo.net\\\/blog\\\/2007\\\/02\\\/21\\\/sabato-marcamp\\\/\"},\"author\":{\"name\":\"Francesco Fullone\",\"@id\":\"https:\\\/\\\/www.fullo.net\\\/blog\\\/#\\\/schema\\\/person\\\/24e91bc6caea6c411a8668df5639428c\"},\"headline\":\"Sabato MarCamp\",\"datePublished\":\"2007-02-21T08:56:10+00:00\",\"dateModified\":\"2007-02-21T11:44:24+00:00\",\"mainEntityOfPage\":{\"@id\":\"https:\\\/\\\/www.fullo.net\\\/blog\\\/2007\\\/02\\\/21\\\/sabato-marcamp\\\/\"},\"wordCount\":37,\"commentCount\":7,\"publisher\":{\"@id\":\"https:\\\/\\\/www.fullo.net\\\/blog\\\/#\\\/schema\\\/person\\\/24e91bc6caea6c411a8668df5639428c\"},\"keywords\":[\"barcamp\",\"marcamp\"],\"articleSection\":[\"pensieri\"],\"inLanguage\":\"en-US\",\"potentialAction\":[{\"@type\":\"CommentAction\",\"name\":\"Comment\",\"target\":[\"https:\\\/\\\/www.fullo.net\\\/blog\\\/2007\\\/02\\\/21\\\/sabato-marcamp\\\/#respond\"]}]},{\"@type\":\"WebPage\",\"@id\":\"https:\\\/\\\/www.fullo.net\\\/blog\\\/2007\\\/02\\\/21\\\/sabato-marcamp\\\/\",\"url\":\"https:\\\/\\\/www.fullo.net\\\/blog\\\/2007\\\/02\\\/21\\\/sabato-marcamp\\\/\",\"name\":\"Sabato MarCamp - Fullo\",\"isPartOf\":{\"@id\":\"https:\\\/\\\/www.fullo.net\\\/blog\\\/#website\"},\"datePublished\":\"2007-02-21T08:56:10+00:00\",\"dateModified\":\"2007-02-21T11:44:24+00:00\",\"breadcrumb\":{\"@id\":\"https:\\\/\\\/www.fullo.net\\\/blog\\\/2007\\\/02\\\/21\\\/sabato-marcamp\\\/#breadcrumb\"},\"inLanguage\":\"en-US\",\"potentialAction\":[{\"@type\":\"ReadAction\",\"target\":[\"https:\\\/\\\/www.fullo.net\\\/blog\\\/2007\\\/02\\\/21\\\/sabato-marcamp\\\/\"]}]},{\"@type\":\"BreadcrumbList\",\"@id\":\"https:\\\/\\\/www.fullo.net\\\/blog\\\/2007\\\/02\\\/21\\\/sabato-marcamp\\\/#breadcrumb\",\"itemListElement\":[{\"@type\":\"ListItem\",\"position\":1,\"name\":\"Home\",\"item\":\"https:\\\/\\\/www.fullo.net\\\/blog\\\/\"},{\"@type\":\"ListItem\",\"position\":2,\"name\":\"Sabato MarCamp\"}]},{\"@type\":\"WebSite\",\"@id\":\"https:\\\/\\\/www.fullo.net\\\/blog\\\/#website\",\"url\":\"https:\\\/\\\/www.fullo.net\\\/blog\\\/\",\"name\":\"Fullo\",\"description\":\"nulla e&#039; impossibile per chi non lo deve fare!\",\"publisher\":{\"@id\":\"https:\\\/\\\/www.fullo.net\\\/blog\\\/#\\\/schema\\\/person\\\/24e91bc6caea6c411a8668df5639428c\"},\"potentialAction\":[{\"@type\":\"SearchAction\",\"target\":{\"@type\":\"EntryPoint\",\"urlTemplate\":\"https:\\\/\\\/www.fullo.net\\\/blog\\\/?s={search_term_string}\"},\"query-input\":{\"@type\":\"PropertyValueSpecification\",\"valueRequired\":true,\"valueName\":\"search_term_string\"}}],\"inLanguage\":\"en-US\"},{\"@type\":[\"Person\",\"Organization\"],\"@id\":\"https:\\\/\\\/www.fullo.net\\\/blog\\\/#\\\/schema\\\/person\\\/24e91bc6caea6c411a8668df5639428c\",\"name\":\"Francesco Fullone\",\"image\":{\"@type\":\"ImageObject\",\"inLanguage\":\"en-US\",\"@id\":\"https:\\\/\\\/i0.wp.com\\\/www.fullo.net\\\/blog\\\/wp-content\\\/uploads\\\/2024\\\/10\\\/hawiaina-gold-circled-white.png?fit=622%2C622&ssl=1\",\"url\":\"https:\\\/\\\/i0.wp.com\\\/www.fullo.net\\\/blog\\\/wp-content\\\/uploads\\\/2024\\\/10\\\/hawiaina-gold-circled-white.png?fit=622%2C622&ssl=1\",\"contentUrl\":\"https:\\\/\\\/i0.wp.com\\\/www.fullo.net\\\/blog\\\/wp-content\\\/uploads\\\/2024\\\/10\\\/hawiaina-gold-circled-white.png?fit=622%2C622&ssl=1\",\"width\":622,\"height\":622,\"caption\":\"Francesco Fullone\"},\"logo\":{\"@id\":\"https:\\\/\\\/i0.wp.com\\\/www.fullo.net\\\/blog\\\/wp-content\\\/uploads\\\/2024\\\/10\\\/hawiaina-gold-circled-white.png?fit=622%2C622&ssl=1\"},\"sameAs\":[\"http:\\\/\\\/www.fullo.net\",\"https:\\\/\\\/www.linkedin.com\\\/in\\\/fullo\",\"https:\\\/\\\/x.com\\\/fullo\"],\"url\":\"https:\\\/\\\/www.fullo.net\\\/blog\\\/author\\\/fullo\\\/\"}]}<\/script>\n<!-- \/ Yoast SEO plugin. -->","yoast_head_json":{"title":"Sabato MarCamp - Fullo","robots":{"index":"index","follow":"follow","max-snippet":"max-snippet:-1","max-image-preview":"max-image-preview:large","max-video-preview":"max-video-preview:-1"},"canonical":"https:\/\/www.fullo.net\/blog\/2007\/02\/21\/sabato-marcamp\/","og_locale":"en_US","og_type":"article","og_title":"Sabato MarCamp - Fullo","og_description":"Ma \u00e8 una mia impressione o l&#8217;hype intorno al MarCamp \u00e8 decisamente inferiore rispetto a quello di Torino e Roma? Comunque sia&#8230; parliamo di cose importanti&#8230; dove si fa la cena? si fa la cena! ciuaz","og_url":"https:\/\/www.fullo.net\/blog\/2007\/02\/21\/sabato-marcamp\/","og_site_name":"Fullo","article_published_time":"2007-02-21T08:56:10+00:00","article_modified_time":"2007-02-21T11:44:24+00:00","author":"Francesco Fullone","twitter_card":"summary_large_image","twitter_creator":"@fullo","twitter_site":"@fullo","twitter_misc":{"Written by":"Francesco Fullone"},"schema":{"@context":"https:\/\/schema.org","@graph":[{"@type":"Article","@id":"https:\/\/www.fullo.net\/blog\/2007\/02\/21\/sabato-marcamp\/#article","isPartOf":{"@id":"https:\/\/www.fullo.net\/blog\/2007\/02\/21\/sabato-marcamp\/"},"author":{"name":"Francesco Fullone","@id":"https:\/\/www.fullo.net\/blog\/#\/schema\/person\/24e91bc6caea6c411a8668df5639428c"},"headline":"Sabato MarCamp","datePublished":"2007-02-21T08:56:10+00:00","dateModified":"2007-02-21T11:44:24+00:00","mainEntityOfPage":{"@id":"https:\/\/www.fullo.net\/blog\/2007\/02\/21\/sabato-marcamp\/"},"wordCount":37,"commentCount":7,"publisher":{"@id":"https:\/\/www.fullo.net\/blog\/#\/schema\/person\/24e91bc6caea6c411a8668df5639428c"},"keywords":["barcamp","marcamp"],"articleSection":["pensieri"],"inLanguage":"en-US","potentialAction":[{"@type":"CommentAction","name":"Comment","target":["https:\/\/www.fullo.net\/blog\/2007\/02\/21\/sabato-marcamp\/#respond"]}]},{"@type":"WebPage","@id":"https:\/\/www.fullo.net\/blog\/2007\/02\/21\/sabato-marcamp\/","url":"https:\/\/www.fullo.net\/blog\/2007\/02\/21\/sabato-marcamp\/","name":"Sabato MarCamp - Fullo","isPartOf":{"@id":"https:\/\/www.fullo.net\/blog\/#website"},"datePublished":"2007-02-21T08:56:10+00:00","dateModified":"2007-02-21T11:44:24+00:00","breadcrumb":{"@id":"https:\/\/www.fullo.net\/blog\/2007\/02\/21\/sabato-marcamp\/#breadcrumb"},"inLanguage":"en-US","potentialAction":[{"@type":"ReadAction","target":["https:\/\/www.fullo.net\/blog\/2007\/02\/21\/sabato-marcamp\/"]}]},{"@type":"BreadcrumbList","@id":"https:\/\/www.fullo.net\/blog\/2007\/02\/21\/sabato-marcamp\/#breadcrumb","itemListElement":[{"@type":"ListItem","position":1,"name":"Home","item":"https:\/\/www.fullo.net\/blog\/"},{"@type":"ListItem","position":2,"name":"Sabato MarCamp"}]},{"@type":"WebSite","@id":"https:\/\/www.fullo.net\/blog\/#website","url":"https:\/\/www.fullo.net\/blog\/","name":"Fullo","description":"nulla e&#039; impossibile per chi non lo deve fare!","publisher":{"@id":"https:\/\/www.fullo.net\/blog\/#\/schema\/person\/24e91bc6caea6c411a8668df5639428c"},"potentialAction":[{"@type":"SearchAction","target":{"@type":"EntryPoint","urlTemplate":"https:\/\/www.fullo.net\/blog\/?s={search_term_string}"},"query-input":{"@type":"PropertyValueSpecification","valueRequired":true,"valueName":"search_term_string"}}],"inLanguage":"en-US"},{"@type":["Person","Organization"],"@id":"https:\/\/www.fullo.net\/blog\/#\/schema\/person\/24e91bc6caea6c411a8668df5639428c","name":"Francesco Fullone","image":{"@type":"ImageObject","inLanguage":"en-US","@id":"https:\/\/i0.wp.com\/www.fullo.net\/blog\/wp-content\/uploads\/2024\/10\/hawiaina-gold-circled-white.png?fit=622%2C622&ssl=1","url":"https:\/\/i0.wp.com\/www.fullo.net\/blog\/wp-content\/uploads\/2024\/10\/hawiaina-gold-circled-white.png?fit=622%2C622&ssl=1","contentUrl":"https:\/\/i0.wp.com\/www.fullo.net\/blog\/wp-content\/uploads\/2024\/10\/hawiaina-gold-circled-white.png?fit=622%2C622&ssl=1","width":622,"height":622,"caption":"Francesco Fullone"},"logo":{"@id":"https:\/\/i0.wp.com\/www.fullo.net\/blog\/wp-content\/uploads\/2024\/10\/hawiaina-gold-circled-white.png?fit=622%2C622&ssl=1"},"sameAs":["http:\/\/www.fullo.net","https:\/\/www.linkedin.com\/in\/fullo","https:\/\/x.com\/fullo"],"url":"https:\/\/www.fullo.net\/blog\/author\/fullo\/"}]}},"jetpack_publicize_connections":[],"jetpack_featured_media_url":"","jetpack_sharing_enabled":true,"jetpack_shortlink":"https:\/\/wp.me\/p3OSc1-zN","jetpack_likes_enabled":true,"jetpack-related-posts":[{"id":2245,"url":"https:\/\/www.fullo.net\/blog\/2007\/04\/10\/la-blogdinner-romagna-di-fa-il-20-aprile\/","url_meta":{"origin":2219,"position":0},"title":"La BlogDinner roMagna di fa il 20 Aprile!","author":"Francesco Fullone","date":"10\/04\/2007","format":false,"excerpt":"Ultimi giorni per prenotarsi alla blogDinner roMagnola, la data direi che \u00e8 quella del 20 di Aprile (venerd\u00ec), il luogo (vista la mia spiccata passione per gli spostamenti e le novit\u00e0) rimane Faenza. Fatevi vivi, il 18 chiudo le prenotazioni ;) tag della cena: \"blogdinner romagna\" ciuaz","rel":"","context":"In &quot;eventi&quot;","block_context":{"text":"eventi","link":"https:\/\/www.fullo.net\/blog\/category\/eventi\/"},"img":{"alt_text":"","src":"","width":0,"height":0},"classes":[]},{"id":2209,"url":"https:\/\/www.fullo.net\/blog\/2007\/02\/10\/cena-sicura\/","url_meta":{"origin":2219,"position":1},"title":"Cena sicura","author":"Francesco Fullone","date":"10\/02\/2007","format":false,"excerpt":"Anche se con un poco di ritardo (mi sono \"appena ripreso\" dalla scorsa giornata e dall'attuale) ringrazio i ragazzi (Giovy, Jtheo, Necosi, Napolux, Alberto, Giorgio, Giorgio, Federico e gli altri) per la cena, la compagnia e l'ottimo gelato al limone. Fa sempre piacere fare delle chiacchere geek... ;) Peccato solo\u2026","rel":"","context":"In &quot;di tutto un po'&quot;","block_context":{"text":"di tutto un po'","link":"https:\/\/www.fullo.net\/blog\/category\/di-tutto-un-po\/"},"img":{"alt_text":"","src":"","width":0,"height":0},"classes":[]},{"id":2288,"url":"https:\/\/www.fullo.net\/blog\/2007\/06\/18\/blogdinner-romagna-5\/","url_meta":{"origin":2219,"position":2},"title":"BlogDinner roMagna","author":"Francesco Fullone","date":"18\/06\/2007","format":false,"excerpt":"Me ne aveva riparlato Daniele, poi per\u00f2, come al solito, ce ne siamo dimenticati bellamente ed \u00e8 passato qualche mese... beh.. Siccome a Luglio non si pu\u00f2 non andare a cesenatico a mangiare il pesce (o le alghe se si \u00e8 vegetariani) direi che la prossima blogDinner roMagnola (la quarta\u2026","rel":"","context":"In &quot;di tutto un po'&quot;","block_context":{"text":"di tutto un po'","link":"https:\/\/www.fullo.net\/blog\/category\/di-tutto-un-po\/"},"img":{"alt_text":"","src":"","width":0,"height":0},"classes":[]},{"id":2344,"url":"https:\/\/www.fullo.net\/blog\/2007\/10\/11\/mozilla-cena\/","url_meta":{"origin":2219,"position":3},"title":"Mozilla cena","author":"Francesco Fullone","date":"11\/10\/2007","format":false,"excerpt":"Marted\u00ec sono tornato a Milano per la seconda volta in 2 settimane per partecipare ad un evento sociale un po' particolare. Una cena organizzata per presentare ad alcuni fortunati ed elitari bloggers il presidente della Mozilla Foundation Europe, Tristan Nitot. La cena, di per se gustosa, \u00e8 stata resa piacevole\u2026","rel":"","context":"In &quot;eventi&quot;","block_context":{"text":"eventi","link":"https:\/\/www.fullo.net\/blog\/category\/eventi\/"},"img":{"alt_text":"","src":"","width":0,"height":0},"classes":[]},{"id":2127,"url":"https:\/\/www.fullo.net\/blog\/2006\/11\/27\/cena-al-barcamp\/","url_meta":{"origin":2219,"position":4},"title":"Cena al BarCamp&#8230;","author":"Francesco Fullone","date":"27\/11\/2006","format":false,"excerpt":"Avevo iniziato a scrivere una mail ai vari blog-amici-di-penna.. poi ho deciso che cos\u00ec \u00e8 pi\u00f9 veloce: Chi \u00e8 che di voi sar\u00e0 a Torino venerd\u00ec sera? Ci si vede per una cena pre-evento? Sapete se viene organizzato un qualcosa? ciuaz","rel":"","context":"In &quot;di tutto un po'&quot;","block_context":{"text":"di tutto un po'","link":"https:\/\/www.fullo.net\/blog\/category\/di-tutto-un-po\/"},"img":{"alt_text":"","src":"","width":0,"height":0},"classes":[]},{"id":2406,"url":"https:\/\/www.fullo.net\/blog\/2008\/02\/13\/di-blogdinner-socialita-e-maiali\/","url_meta":{"origin":2219,"position":5},"title":"Di BlogDinner, socialit\u00e0 e maiali.","author":"Francesco Fullone","date":"13\/02\/2008","format":false,"excerpt":"Che la blogdinner roMagnola si trasformi, sempre, in un guazzabuglio di discussioni poco o per niente serie ormai \u00e8 una certezza. Non so se sia dovuto al vinello, la grappa o solo agli stomaci pieni (nella migliore tradizione di panza ch\u00ecna fa c\u00e0ntari) resta il fatto che le 3 ore\u2026","rel":"","context":"In &quot;di tutto un po'&quot;","block_context":{"text":"di tutto un po'","link":"https:\/\/www.fullo.net\/blog\/category\/di-tutto-un-po\/"},"img":{"alt_text":"","src":"","width":0,"height":0},"classes":[]}],"_links":{"self":[{"href":"https:\/\/www.fullo.net\/blog\/wp-json\/wp\/v2\/posts\/2219","targetHints":{"allow":["GET"]}}],"collection":[{"href":"https:\/\/www.fullo.net\/blog\/wp-json\/wp\/v2\/posts"}],"about":[{"href":"https:\/\/www.fullo.net\/blog\/wp-json\/wp\/v2\/types\/post"}],"author":[{"embeddable":true,"href":"https:\/\/www.fullo.net\/blog\/wp-json\/wp\/v2\/users\/1"}],"replies":[{"embeddable":true,"href":"https:\/\/www.fullo.net\/blog\/wp-json\/wp\/v2\/comments?post=2219"}],"version-history":[{"count":0,"href":"https:\/\/www.fullo.net\/blog\/wp-json\/wp\/v2\/posts\/2219\/revisions"}],"wp:attachment":[{"href":"https:\/\/www.fullo.net\/blog\/wp-json\/wp\/v2\/media?parent=2219"}],"wp:term":[{"taxonomy":"category","embeddable":true,"href":"https:\/\/www.fullo.net\/blog\/wp-json\/wp\/v2\/categories?post=2219"},{"taxonomy":"post_tag","embeddable":true,"href":"https:\/\/www.fullo.net\/blog\/wp-json\/wp\/v2\/tags?post=2219"}],"curies":[{"name":"wp","href":"https:\/\/api.w.org\/{rel}","templated":true}]}}