{"id":2233,"date":"2007-03-18T21:39:44","date_gmt":"2007-03-18T20:39:44","guid":{"rendered":"https:\/\/www.fullo.net\/blog\/archives\/2007\/03\/18\/citizencamp-e-ritaliacamp\/"},"modified":"2007-03-18T21:40:45","modified_gmt":"2007-03-18T20:40:45","slug":"citizencamp-e-ritaliacamp","status":"publish","type":"post","link":"https:\/\/www.fullo.net\/blog\/2007\/03\/18\/citizencamp-e-ritaliacamp\/","title":{"rendered":"CitizenCamp e RItaliaCamp"},"content":{"rendered":"<p>Dovrei essere presente ad entrambi i BarCamp in questione, sicuramente al <a href=\"http:\/\/barcamp.org\/CitizenCamp\">primo<\/a>. Per il <a href=\"http:\/\/wiki.bzaar.net\/RItaliaCamp\/Idee\">secondo<\/a> pensavo di fare un p\u00f2 di car sharing&#8230; l&#8217;idea sarebbe quella di partire la mattina (presto) e tornare in serata(=nottata) dopo cena. Chi ci sarebbe? Ah, gi\u00e0&#8230; Io <a href=\"http:\/\/maps.google.it\/maps?f=d&#038;hl=it&#038;saddr=faenza,+ravenna&#038;daddr=Piazza+dell%27Ateneo+Nuovo+1,+milano&#038;sll=44.286181,11.883516&#038;sspn=0.341132,0.86792&#038;layer=&#038;ie=UTF8&#038;z=8&#038;om=1\">parto da Faenza<\/a>&#8230;<\/p>\n<p>ciuaz<\/p>\n","protected":false},"excerpt":{"rendered":"<p>Dovrei essere presente ad entrambi i BarCamp in questione, sicuramente al primo. Per il secondo pensavo di fare un p\u00f2 di car sharing&#8230; l&#8217;idea sarebbe quella di partire la mattina (presto) e tornare in serata(=nottata) dopo cena. Chi ci sarebbe? Ah, gi\u00e0&#8230; Io parto da Faenza&#8230; ciuaz<\/p>\n","protected":false},"author":1,"featured_media":0,"comment_status":"open","ping_status":"open","sticky":false,"template":"","format":"standard","meta":{"jetpack_post_was_ever_published":false,"_jetpack_newsletter_access":"","_jetpack_dont_email_post_to_subs":false,"_jetpack_newsletter_tier_id":0,"_jetpack_memberships_contains_paywalled_content":false,"_jetpack_memberships_contains_paid_content":false,"footnotes":"","jetpack_publicize_message":"","jetpack_publicize_feature_enabled":true,"jetpack_social_post_already_shared":false,"jetpack_social_options":{"image_generator_settings":{"template":"highway","default_image_id":0,"font":"","enabled":false},"version":2}},"categories":[1,17],"tags":[1474,1705,1706,2254,1707],"class_list":["post-2233","post","type-post","status-publish","format-standard","hentry","category-di-tutto-un-po","category-eventi","tag-barcamp","tag-carsharing","tag-citizencamp","tag-eventi","tag-ritaliacamp"],"yoast_head":"<!-- This site is optimized with the Yoast SEO plugin v27.5 - https:\/\/yoast.com\/product\/yoast-seo-wordpress\/ -->\n<title>CitizenCamp e RItaliaCamp - Fullo<\/title>\n<meta name=\"robots\" content=\"index, follow, max-snippet:-1, max-image-preview:large, max-video-preview:-1\" \/>\n<link rel=\"canonical\" href=\"https:\/\/www.fullo.net\/blog\/2007\/03\/18\/citizencamp-e-ritaliacamp\/\" \/>\n<meta property=\"og:locale\" content=\"en_US\" \/>\n<meta property=\"og:type\" content=\"article\" \/>\n<meta property=\"og:title\" content=\"CitizenCamp e RItaliaCamp - Fullo\" \/>\n<meta property=\"og:description\" content=\"Dovrei essere presente ad entrambi i BarCamp in questione, sicuramente al primo. Per il secondo pensavo di fare un p\u00f2 di car sharing&#8230; l&#8217;idea sarebbe quella di partire la mattina (presto) e tornare in serata(=nottata) dopo cena. Chi ci sarebbe? Ah, gi\u00e0&#8230; Io parto da Faenza&#8230; ciuaz\" \/>\n<meta property=\"og:url\" content=\"https:\/\/www.fullo.net\/blog\/2007\/03\/18\/citizencamp-e-ritaliacamp\/\" \/>\n<meta property=\"og:site_name\" content=\"Fullo\" \/>\n<meta property=\"article:published_time\" content=\"2007-03-18T20:39:44+00:00\" \/>\n<meta property=\"article:modified_time\" content=\"2007-03-18T20:40:45+00:00\" \/>\n<meta name=\"author\" content=\"Francesco Fullone\" \/>\n<meta name=\"twitter:card\" content=\"summary_large_image\" \/>\n<meta name=\"twitter:creator\" content=\"@fullo\" \/>\n<meta name=\"twitter:site\" content=\"@fullo\" \/>\n<meta name=\"twitter:label1\" content=\"Written by\" \/>\n\t<meta name=\"twitter:data1\" content=\"Francesco Fullone\" \/>\n<script type=\"application\/ld+json\" class=\"yoast-schema-graph\">{\"@context\":\"https:\\\/\\\/schema.org\",\"@graph\":[{\"@type\":\"Article\",\"@id\":\"https:\\\/\\\/www.fullo.net\\\/blog\\\/2007\\\/03\\\/18\\\/citizencamp-e-ritaliacamp\\\/#article\",\"isPartOf\":{\"@id\":\"https:\\\/\\\/www.fullo.net\\\/blog\\\/2007\\\/03\\\/18\\\/citizencamp-e-ritaliacamp\\\/\"},\"author\":{\"name\":\"Francesco Fullone\",\"@id\":\"https:\\\/\\\/www.fullo.net\\\/blog\\\/#\\\/schema\\\/person\\\/24e91bc6caea6c411a8668df5639428c\"},\"headline\":\"CitizenCamp e RItaliaCamp\",\"datePublished\":\"2007-03-18T20:39:44+00:00\",\"dateModified\":\"2007-03-18T20:40:45+00:00\",\"mainEntityOfPage\":{\"@id\":\"https:\\\/\\\/www.fullo.net\\\/blog\\\/2007\\\/03\\\/18\\\/citizencamp-e-ritaliacamp\\\/\"},\"wordCount\":52,\"commentCount\":6,\"publisher\":{\"@id\":\"https:\\\/\\\/www.fullo.net\\\/blog\\\/#\\\/schema\\\/person\\\/24e91bc6caea6c411a8668df5639428c\"},\"keywords\":[\"barcamp\",\"carsharing\",\"citizencamp\",\"eventi\",\"ritaliacamp\"],\"articleSection\":[\"di tutto un po'\",\"eventi\"],\"inLanguage\":\"en-US\",\"potentialAction\":[{\"@type\":\"CommentAction\",\"name\":\"Comment\",\"target\":[\"https:\\\/\\\/www.fullo.net\\\/blog\\\/2007\\\/03\\\/18\\\/citizencamp-e-ritaliacamp\\\/#respond\"]}]},{\"@type\":\"WebPage\",\"@id\":\"https:\\\/\\\/www.fullo.net\\\/blog\\\/2007\\\/03\\\/18\\\/citizencamp-e-ritaliacamp\\\/\",\"url\":\"https:\\\/\\\/www.fullo.net\\\/blog\\\/2007\\\/03\\\/18\\\/citizencamp-e-ritaliacamp\\\/\",\"name\":\"CitizenCamp e RItaliaCamp - Fullo\",\"isPartOf\":{\"@id\":\"https:\\\/\\\/www.fullo.net\\\/blog\\\/#website\"},\"datePublished\":\"2007-03-18T20:39:44+00:00\",\"dateModified\":\"2007-03-18T20:40:45+00:00\",\"breadcrumb\":{\"@id\":\"https:\\\/\\\/www.fullo.net\\\/blog\\\/2007\\\/03\\\/18\\\/citizencamp-e-ritaliacamp\\\/#breadcrumb\"},\"inLanguage\":\"en-US\",\"potentialAction\":[{\"@type\":\"ReadAction\",\"target\":[\"https:\\\/\\\/www.fullo.net\\\/blog\\\/2007\\\/03\\\/18\\\/citizencamp-e-ritaliacamp\\\/\"]}]},{\"@type\":\"BreadcrumbList\",\"@id\":\"https:\\\/\\\/www.fullo.net\\\/blog\\\/2007\\\/03\\\/18\\\/citizencamp-e-ritaliacamp\\\/#breadcrumb\",\"itemListElement\":[{\"@type\":\"ListItem\",\"position\":1,\"name\":\"Home\",\"item\":\"https:\\\/\\\/www.fullo.net\\\/blog\\\/\"},{\"@type\":\"ListItem\",\"position\":2,\"name\":\"CitizenCamp e RItaliaCamp\"}]},{\"@type\":\"WebSite\",\"@id\":\"https:\\\/\\\/www.fullo.net\\\/blog\\\/#website\",\"url\":\"https:\\\/\\\/www.fullo.net\\\/blog\\\/\",\"name\":\"Fullo\",\"description\":\"nulla e&#039; impossibile per chi non lo deve fare!\",\"publisher\":{\"@id\":\"https:\\\/\\\/www.fullo.net\\\/blog\\\/#\\\/schema\\\/person\\\/24e91bc6caea6c411a8668df5639428c\"},\"potentialAction\":[{\"@type\":\"SearchAction\",\"target\":{\"@type\":\"EntryPoint\",\"urlTemplate\":\"https:\\\/\\\/www.fullo.net\\\/blog\\\/?s={search_term_string}\"},\"query-input\":{\"@type\":\"PropertyValueSpecification\",\"valueRequired\":true,\"valueName\":\"search_term_string\"}}],\"inLanguage\":\"en-US\"},{\"@type\":[\"Person\",\"Organization\"],\"@id\":\"https:\\\/\\\/www.fullo.net\\\/blog\\\/#\\\/schema\\\/person\\\/24e91bc6caea6c411a8668df5639428c\",\"name\":\"Francesco Fullone\",\"image\":{\"@type\":\"ImageObject\",\"inLanguage\":\"en-US\",\"@id\":\"https:\\\/\\\/i0.wp.com\\\/www.fullo.net\\\/blog\\\/wp-content\\\/uploads\\\/2024\\\/10\\\/hawiaina-gold-circled-white.png?fit=622%2C622&ssl=1\",\"url\":\"https:\\\/\\\/i0.wp.com\\\/www.fullo.net\\\/blog\\\/wp-content\\\/uploads\\\/2024\\\/10\\\/hawiaina-gold-circled-white.png?fit=622%2C622&ssl=1\",\"contentUrl\":\"https:\\\/\\\/i0.wp.com\\\/www.fullo.net\\\/blog\\\/wp-content\\\/uploads\\\/2024\\\/10\\\/hawiaina-gold-circled-white.png?fit=622%2C622&ssl=1\",\"width\":622,\"height\":622,\"caption\":\"Francesco Fullone\"},\"logo\":{\"@id\":\"https:\\\/\\\/i0.wp.com\\\/www.fullo.net\\\/blog\\\/wp-content\\\/uploads\\\/2024\\\/10\\\/hawiaina-gold-circled-white.png?fit=622%2C622&ssl=1\"},\"sameAs\":[\"http:\\\/\\\/www.fullo.net\",\"https:\\\/\\\/www.linkedin.com\\\/in\\\/fullo\",\"https:\\\/\\\/x.com\\\/fullo\"],\"url\":\"https:\\\/\\\/www.fullo.net\\\/blog\\\/author\\\/fullo\\\/\"}]}<\/script>\n<!-- \/ Yoast SEO plugin. -->","yoast_head_json":{"title":"CitizenCamp e RItaliaCamp - Fullo","robots":{"index":"index","follow":"follow","max-snippet":"max-snippet:-1","max-image-preview":"max-image-preview:large","max-video-preview":"max-video-preview:-1"},"canonical":"https:\/\/www.fullo.net\/blog\/2007\/03\/18\/citizencamp-e-ritaliacamp\/","og_locale":"en_US","og_type":"article","og_title":"CitizenCamp e RItaliaCamp - Fullo","og_description":"Dovrei essere presente ad entrambi i BarCamp in questione, sicuramente al primo. Per il secondo pensavo di fare un p\u00f2 di car sharing&#8230; l&#8217;idea sarebbe quella di partire la mattina (presto) e tornare in serata(=nottata) dopo cena. Chi ci sarebbe? Ah, gi\u00e0&#8230; Io parto da Faenza&#8230; ciuaz","og_url":"https:\/\/www.fullo.net\/blog\/2007\/03\/18\/citizencamp-e-ritaliacamp\/","og_site_name":"Fullo","article_published_time":"2007-03-18T20:39:44+00:00","article_modified_time":"2007-03-18T20:40:45+00:00","author":"Francesco Fullone","twitter_card":"summary_large_image","twitter_creator":"@fullo","twitter_site":"@fullo","twitter_misc":{"Written by":"Francesco Fullone"},"schema":{"@context":"https:\/\/schema.org","@graph":[{"@type":"Article","@id":"https:\/\/www.fullo.net\/blog\/2007\/03\/18\/citizencamp-e-ritaliacamp\/#article","isPartOf":{"@id":"https:\/\/www.fullo.net\/blog\/2007\/03\/18\/citizencamp-e-ritaliacamp\/"},"author":{"name":"Francesco Fullone","@id":"https:\/\/www.fullo.net\/blog\/#\/schema\/person\/24e91bc6caea6c411a8668df5639428c"},"headline":"CitizenCamp e RItaliaCamp","datePublished":"2007-03-18T20:39:44+00:00","dateModified":"2007-03-18T20:40:45+00:00","mainEntityOfPage":{"@id":"https:\/\/www.fullo.net\/blog\/2007\/03\/18\/citizencamp-e-ritaliacamp\/"},"wordCount":52,"commentCount":6,"publisher":{"@id":"https:\/\/www.fullo.net\/blog\/#\/schema\/person\/24e91bc6caea6c411a8668df5639428c"},"keywords":["barcamp","carsharing","citizencamp","eventi","ritaliacamp"],"articleSection":["di tutto un po'","eventi"],"inLanguage":"en-US","potentialAction":[{"@type":"CommentAction","name":"Comment","target":["https:\/\/www.fullo.net\/blog\/2007\/03\/18\/citizencamp-e-ritaliacamp\/#respond"]}]},{"@type":"WebPage","@id":"https:\/\/www.fullo.net\/blog\/2007\/03\/18\/citizencamp-e-ritaliacamp\/","url":"https:\/\/www.fullo.net\/blog\/2007\/03\/18\/citizencamp-e-ritaliacamp\/","name":"CitizenCamp e RItaliaCamp - Fullo","isPartOf":{"@id":"https:\/\/www.fullo.net\/blog\/#website"},"datePublished":"2007-03-18T20:39:44+00:00","dateModified":"2007-03-18T20:40:45+00:00","breadcrumb":{"@id":"https:\/\/www.fullo.net\/blog\/2007\/03\/18\/citizencamp-e-ritaliacamp\/#breadcrumb"},"inLanguage":"en-US","potentialAction":[{"@type":"ReadAction","target":["https:\/\/www.fullo.net\/blog\/2007\/03\/18\/citizencamp-e-ritaliacamp\/"]}]},{"@type":"BreadcrumbList","@id":"https:\/\/www.fullo.net\/blog\/2007\/03\/18\/citizencamp-e-ritaliacamp\/#breadcrumb","itemListElement":[{"@type":"ListItem","position":1,"name":"Home","item":"https:\/\/www.fullo.net\/blog\/"},{"@type":"ListItem","position":2,"name":"CitizenCamp e RItaliaCamp"}]},{"@type":"WebSite","@id":"https:\/\/www.fullo.net\/blog\/#website","url":"https:\/\/www.fullo.net\/blog\/","name":"Fullo","description":"nulla e&#039; impossibile per chi non lo deve fare!","publisher":{"@id":"https:\/\/www.fullo.net\/blog\/#\/schema\/person\/24e91bc6caea6c411a8668df5639428c"},"potentialAction":[{"@type":"SearchAction","target":{"@type":"EntryPoint","urlTemplate":"https:\/\/www.fullo.net\/blog\/?s={search_term_string}"},"query-input":{"@type":"PropertyValueSpecification","valueRequired":true,"valueName":"search_term_string"}}],"inLanguage":"en-US"},{"@type":["Person","Organization"],"@id":"https:\/\/www.fullo.net\/blog\/#\/schema\/person\/24e91bc6caea6c411a8668df5639428c","name":"Francesco Fullone","image":{"@type":"ImageObject","inLanguage":"en-US","@id":"https:\/\/i0.wp.com\/www.fullo.net\/blog\/wp-content\/uploads\/2024\/10\/hawiaina-gold-circled-white.png?fit=622%2C622&ssl=1","url":"https:\/\/i0.wp.com\/www.fullo.net\/blog\/wp-content\/uploads\/2024\/10\/hawiaina-gold-circled-white.png?fit=622%2C622&ssl=1","contentUrl":"https:\/\/i0.wp.com\/www.fullo.net\/blog\/wp-content\/uploads\/2024\/10\/hawiaina-gold-circled-white.png?fit=622%2C622&ssl=1","width":622,"height":622,"caption":"Francesco Fullone"},"logo":{"@id":"https:\/\/i0.wp.com\/www.fullo.net\/blog\/wp-content\/uploads\/2024\/10\/hawiaina-gold-circled-white.png?fit=622%2C622&ssl=1"},"sameAs":["http:\/\/www.fullo.net","https:\/\/www.linkedin.com\/in\/fullo","https:\/\/x.com\/fullo"],"url":"https:\/\/www.fullo.net\/blog\/author\/fullo\/"}]}},"jetpack_publicize_connections":[],"jetpack_featured_media_url":"","jetpack_sharing_enabled":true,"jetpack_shortlink":"https:\/\/wp.me\/p3OSc1-A1","jetpack_likes_enabled":true,"jetpack-related-posts":[{"id":2112,"url":"https:\/\/www.fullo.net\/blog\/2006\/11\/10\/mycontags\/","url_meta":{"origin":2233,"position":0},"title":"MyCONTags","author":"Francesco Fullone","date":"10\/11\/2006","format":false,"excerpt":"Di MyConTags ne ho parlato oggi su downloadblog, si tratta essenzialmente di un social software dove \u00e8 possibile inserire le date e le descrizioni di manifestazioni, fiere e convegni dedicati all'IT. Per ora ho aggiunto il (futuro) phpDay ed il (passato) OpenEXP, stavo pensando anche di inserire i vari barCamp\u2026","rel":"","context":"In &quot;di tutto un po'&quot;","block_context":{"text":"di tutto un po'","link":"https:\/\/www.fullo.net\/blog\/category\/di-tutto-un-po\/"},"img":{"alt_text":"","src":"","width":0,"height":0},"classes":[]},{"id":2236,"url":"https:\/\/www.fullo.net\/blog\/2007\/03\/22\/il-mio-barcamp\/","url_meta":{"origin":2233,"position":1},"title":"Il *mio* BarCamp ideale","author":"Francesco Fullone","date":"22\/03\/2007","format":false,"excerpt":"Ho deciso! Voglio un BarCamp diverso! Basta web 2.0, basta cultura digitale e digital divide, basta essere i manager di se stessi... parliamo di cose \"serie\".. magari il primo maggio (se c'\u00e8 bel tempo), in un qualche parco pubblico bello grande (tipo il parco urbano di Forl\u00ec). Gli argomenti dovranno\u2026","rel":"","context":"In &quot;cazzate&quot;","block_context":{"text":"cazzate","link":"https:\/\/www.fullo.net\/blog\/category\/cazzate\/"},"img":{"alt_text":"","src":"","width":0,"height":0},"classes":[]},{"id":2127,"url":"https:\/\/www.fullo.net\/blog\/2006\/11\/27\/cena-al-barcamp\/","url_meta":{"origin":2233,"position":2},"title":"Cena al BarCamp&#8230;","author":"Francesco Fullone","date":"27\/11\/2006","format":false,"excerpt":"Avevo iniziato a scrivere una mail ai vari blog-amici-di-penna.. poi ho deciso che cos\u00ec \u00e8 pi\u00f9 veloce: Chi \u00e8 che di voi sar\u00e0 a Torino venerd\u00ec sera? Ci si vede per una cena pre-evento? Sapete se viene organizzato un qualcosa? ciuaz","rel":"","context":"In &quot;di tutto un po'&quot;","block_context":{"text":"di tutto un po'","link":"https:\/\/www.fullo.net\/blog\/category\/di-tutto-un-po\/"},"img":{"alt_text":"","src":"","width":0,"height":0},"classes":[]},{"id":2074,"url":"https:\/\/www.fullo.net\/blog\/2006\/10\/09\/barcamp-a-torino\/","url_meta":{"origin":2233,"position":3},"title":"BarCamp a Torino","author":"Francesco Fullone","date":"09\/10\/2006","format":false,"excerpt":"Dopo essermi perso quello di Milano non potevo perdermi anche quest'altro il 2 Dicembre a Torino. Pare che alla comunit\u00e0 dei bloggers tecnici bastasse il via, dato da Bru, per far innescare un processo di \"organizzazione-talk-a-raffica\" in giro per l'Italia. Non so se avr\u00f2 voglia di tenere un talk durante\u2026","rel":"","context":"In &quot;eventi&quot;","block_context":{"text":"eventi","link":"https:\/\/www.fullo.net\/blog\/category\/eventi\/"},"img":{"alt_text":"","src":"","width":0,"height":0},"classes":[]},{"id":2292,"url":"https:\/\/www.fullo.net\/blog\/2007\/06\/22\/pubcamp-e-beachcamp\/","url_meta":{"origin":2233,"position":4},"title":"PubCamp e BeachCamp","author":"Francesco Fullone","date":"22\/06\/2007","format":false,"excerpt":"Purtroppo, causa motivi che non sto a spiegare, me li perder\u00f2 entrambi. Sono rattristato perch\u00e8 entrambi i barCamp rappresentano quello che avrei sempre voluto vedere in una conferenza geek. Birra e Cazzeggio! Se quindi avete il weekend libero andate ad entrambi i *Camp e fatevi una bevuta anche per me...\u2026","rel":"","context":"In &quot;di tutto un po'&quot;","block_context":{"text":"di tutto un po'","link":"https:\/\/www.fullo.net\/blog\/category\/di-tutto-un-po\/"},"img":{"alt_text":"","src":"","width":0,"height":0},"classes":[]},{"id":2059,"url":"https:\/\/www.fullo.net\/blog\/2006\/09\/20\/openexp-e-barcamp\/","url_meta":{"origin":2233,"position":5},"title":"OpenEXP e BarCamp","author":"Francesco Fullone","date":"20\/09\/2006","format":false,"excerpt":"VS Purtroppo il 30 Settembre a Milano ci sar\u00e0 il primo BarCamp italiano (almeno da una piccola ricerca fatta). L'evento l'ha organizzato Bru ed \u00e8 subito stato accolto con grande entusiasmo. Perch\u00e8 purtroppo? Semplice perch\u00e8 non potr\u00f2 andarci in quanto gi\u00e0 impegnato all'OpenEXP di Cerea (VR) come relatore. Porkapaletta come\u2026","rel":"","context":"In &quot;eventi&quot;","block_context":{"text":"eventi","link":"https:\/\/www.fullo.net\/blog\/category\/eventi\/"},"img":{"alt_text":"barcamp a milano ","src":"https:\/\/i0.wp.com\/codewitch.org\/it\/wp-content\/uploads\/2006\/09\/BzaarCamp-3.gif?resize=350%2C200","width":350,"height":200},"classes":[]}],"_links":{"self":[{"href":"https:\/\/www.fullo.net\/blog\/wp-json\/wp\/v2\/posts\/2233","targetHints":{"allow":["GET"]}}],"collection":[{"href":"https:\/\/www.fullo.net\/blog\/wp-json\/wp\/v2\/posts"}],"about":[{"href":"https:\/\/www.fullo.net\/blog\/wp-json\/wp\/v2\/types\/post"}],"author":[{"embeddable":true,"href":"https:\/\/www.fullo.net\/blog\/wp-json\/wp\/v2\/users\/1"}],"replies":[{"embeddable":true,"href":"https:\/\/www.fullo.net\/blog\/wp-json\/wp\/v2\/comments?post=2233"}],"version-history":[{"count":0,"href":"https:\/\/www.fullo.net\/blog\/wp-json\/wp\/v2\/posts\/2233\/revisions"}],"wp:attachment":[{"href":"https:\/\/www.fullo.net\/blog\/wp-json\/wp\/v2\/media?parent=2233"}],"wp:term":[{"taxonomy":"category","embeddable":true,"href":"https:\/\/www.fullo.net\/blog\/wp-json\/wp\/v2\/categories?post=2233"},{"taxonomy":"post_tag","embeddable":true,"href":"https:\/\/www.fullo.net\/blog\/wp-json\/wp\/v2\/tags?post=2233"}],"curies":[{"name":"wp","href":"https:\/\/api.w.org\/{rel}","templated":true}]}}