{"id":2269,"date":"2007-05-17T08:51:52","date_gmt":"2007-05-17T07:51:52","guid":{"rendered":"https:\/\/www.fullo.net\/blog\/archives\/2007\/05\/17\/parto-per-il-phpday-ci-si-vede-a-verona\/"},"modified":"2007-05-17T08:51:52","modified_gmt":"2007-05-17T07:51:52","slug":"parto-per-il-phpday-ci-si-vede-a-verona","status":"publish","type":"post","link":"https:\/\/www.fullo.net\/blog\/2007\/05\/17\/parto-per-il-phpday-ci-si-vede-a-verona\/","title":{"rendered":"Parto per il phpDay, ci si vede a Verona"},"content":{"rendered":"<p>Siccome <a href=\"http:\/\/fullo.net\/blog\/search\/twitter\">Twitter<\/a> \u00e8 di nuovo &#8220;<em>rotto<\/em>&#8221; vi avviso da qui che oggi partir\u00f2 per Verona per allestire le sale e fare gli ultimi test, ci vediamo li domani per il <a href=\"http:\/\/www.phpday.it\">phpDay<\/a>!!<\/p>\n<p>cuiaz<\/p>\n","protected":false},"excerpt":{"rendered":"<p>Siccome Twitter \u00e8 di nuovo &#8220;rotto&#8221; vi avviso da qui che oggi partir\u00f2 per Verona per allestire le sale e fare gli ultimi test, ci vediamo li domani per il phpDay!! cuiaz<\/p>\n","protected":false},"author":1,"featured_media":0,"comment_status":"open","ping_status":"open","sticky":false,"template":"","format":"standard","meta":{"jetpack_post_was_ever_published":false,"_jetpack_newsletter_access":"","_jetpack_dont_email_post_to_subs":false,"_jetpack_newsletter_tier_id":0,"_jetpack_memberships_contains_paywalled_content":false,"_jetpack_memberships_contains_paid_content":false,"footnotes":"","jetpack_publicize_message":"","jetpack_publicize_feature_enabled":true,"jetpack_social_post_already_shared":false,"jetpack_social_options":{"image_generator_settings":{"template":"highway","default_image_id":0,"font":"","enabled":false},"version":2}},"categories":[1,17],"tags":[2254,2248,1036,1387],"class_list":["post-2269","post","type-post","status-publish","format-standard","hentry","category-di-tutto-un-po","category-eventi","tag-eventi","tag-php","tag-phpday","tag-verona"],"yoast_head":"<!-- This site is optimized with the Yoast SEO plugin v27.5 - https:\/\/yoast.com\/product\/yoast-seo-wordpress\/ -->\n<title>Parto per il phpDay, ci si vede a Verona - Fullo<\/title>\n<meta name=\"robots\" content=\"index, follow, max-snippet:-1, max-image-preview:large, max-video-preview:-1\" \/>\n<link rel=\"canonical\" href=\"https:\/\/www.fullo.net\/blog\/2007\/05\/17\/parto-per-il-phpday-ci-si-vede-a-verona\/\" \/>\n<meta property=\"og:locale\" content=\"en_US\" \/>\n<meta property=\"og:type\" content=\"article\" \/>\n<meta property=\"og:title\" content=\"Parto per il phpDay, ci si vede a Verona - Fullo\" \/>\n<meta property=\"og:description\" content=\"Siccome Twitter \u00e8 di nuovo &#8220;rotto&#8221; vi avviso da qui che oggi partir\u00f2 per Verona per allestire le sale e fare gli ultimi test, ci vediamo li domani per il phpDay!! cuiaz\" \/>\n<meta property=\"og:url\" content=\"https:\/\/www.fullo.net\/blog\/2007\/05\/17\/parto-per-il-phpday-ci-si-vede-a-verona\/\" \/>\n<meta property=\"og:site_name\" content=\"Fullo\" \/>\n<meta property=\"article:published_time\" content=\"2007-05-17T07:51:52+00:00\" \/>\n<meta name=\"author\" content=\"Francesco Fullone\" \/>\n<meta name=\"twitter:card\" content=\"summary_large_image\" \/>\n<meta name=\"twitter:creator\" content=\"@fullo\" \/>\n<meta name=\"twitter:site\" content=\"@fullo\" \/>\n<meta name=\"twitter:label1\" content=\"Written by\" \/>\n\t<meta name=\"twitter:data1\" content=\"Francesco Fullone\" \/>\n<script type=\"application\/ld+json\" class=\"yoast-schema-graph\">{\"@context\":\"https:\\\/\\\/schema.org\",\"@graph\":[{\"@type\":\"Article\",\"@id\":\"https:\\\/\\\/www.fullo.net\\\/blog\\\/2007\\\/05\\\/17\\\/parto-per-il-phpday-ci-si-vede-a-verona\\\/#article\",\"isPartOf\":{\"@id\":\"https:\\\/\\\/www.fullo.net\\\/blog\\\/2007\\\/05\\\/17\\\/parto-per-il-phpday-ci-si-vede-a-verona\\\/\"},\"author\":{\"name\":\"Francesco Fullone\",\"@id\":\"https:\\\/\\\/www.fullo.net\\\/blog\\\/#\\\/schema\\\/person\\\/24e91bc6caea6c411a8668df5639428c\"},\"headline\":\"Parto per il phpDay, ci si vede a Verona\",\"datePublished\":\"2007-05-17T07:51:52+00:00\",\"mainEntityOfPage\":{\"@id\":\"https:\\\/\\\/www.fullo.net\\\/blog\\\/2007\\\/05\\\/17\\\/parto-per-il-phpday-ci-si-vede-a-verona\\\/\"},\"wordCount\":40,\"commentCount\":1,\"publisher\":{\"@id\":\"https:\\\/\\\/www.fullo.net\\\/blog\\\/#\\\/schema\\\/person\\\/24e91bc6caea6c411a8668df5639428c\"},\"keywords\":[\"eventi\",\"php\",\"phpday\",\"verona\"],\"articleSection\":[\"di tutto un po'\",\"eventi\"],\"inLanguage\":\"en-US\",\"potentialAction\":[{\"@type\":\"CommentAction\",\"name\":\"Comment\",\"target\":[\"https:\\\/\\\/www.fullo.net\\\/blog\\\/2007\\\/05\\\/17\\\/parto-per-il-phpday-ci-si-vede-a-verona\\\/#respond\"]}]},{\"@type\":\"WebPage\",\"@id\":\"https:\\\/\\\/www.fullo.net\\\/blog\\\/2007\\\/05\\\/17\\\/parto-per-il-phpday-ci-si-vede-a-verona\\\/\",\"url\":\"https:\\\/\\\/www.fullo.net\\\/blog\\\/2007\\\/05\\\/17\\\/parto-per-il-phpday-ci-si-vede-a-verona\\\/\",\"name\":\"Parto per il phpDay, ci si vede a Verona - Fullo\",\"isPartOf\":{\"@id\":\"https:\\\/\\\/www.fullo.net\\\/blog\\\/#website\"},\"datePublished\":\"2007-05-17T07:51:52+00:00\",\"breadcrumb\":{\"@id\":\"https:\\\/\\\/www.fullo.net\\\/blog\\\/2007\\\/05\\\/17\\\/parto-per-il-phpday-ci-si-vede-a-verona\\\/#breadcrumb\"},\"inLanguage\":\"en-US\",\"potentialAction\":[{\"@type\":\"ReadAction\",\"target\":[\"https:\\\/\\\/www.fullo.net\\\/blog\\\/2007\\\/05\\\/17\\\/parto-per-il-phpday-ci-si-vede-a-verona\\\/\"]}]},{\"@type\":\"BreadcrumbList\",\"@id\":\"https:\\\/\\\/www.fullo.net\\\/blog\\\/2007\\\/05\\\/17\\\/parto-per-il-phpday-ci-si-vede-a-verona\\\/#breadcrumb\",\"itemListElement\":[{\"@type\":\"ListItem\",\"position\":1,\"name\":\"Home\",\"item\":\"https:\\\/\\\/www.fullo.net\\\/blog\\\/\"},{\"@type\":\"ListItem\",\"position\":2,\"name\":\"Parto per il phpDay, ci si vede a Verona\"}]},{\"@type\":\"WebSite\",\"@id\":\"https:\\\/\\\/www.fullo.net\\\/blog\\\/#website\",\"url\":\"https:\\\/\\\/www.fullo.net\\\/blog\\\/\",\"name\":\"Fullo\",\"description\":\"nulla e&#039; impossibile per chi non lo deve fare!\",\"publisher\":{\"@id\":\"https:\\\/\\\/www.fullo.net\\\/blog\\\/#\\\/schema\\\/person\\\/24e91bc6caea6c411a8668df5639428c\"},\"potentialAction\":[{\"@type\":\"SearchAction\",\"target\":{\"@type\":\"EntryPoint\",\"urlTemplate\":\"https:\\\/\\\/www.fullo.net\\\/blog\\\/?s={search_term_string}\"},\"query-input\":{\"@type\":\"PropertyValueSpecification\",\"valueRequired\":true,\"valueName\":\"search_term_string\"}}],\"inLanguage\":\"en-US\"},{\"@type\":[\"Person\",\"Organization\"],\"@id\":\"https:\\\/\\\/www.fullo.net\\\/blog\\\/#\\\/schema\\\/person\\\/24e91bc6caea6c411a8668df5639428c\",\"name\":\"Francesco Fullone\",\"image\":{\"@type\":\"ImageObject\",\"inLanguage\":\"en-US\",\"@id\":\"https:\\\/\\\/i0.wp.com\\\/www.fullo.net\\\/blog\\\/wp-content\\\/uploads\\\/2024\\\/10\\\/hawiaina-gold-circled-white.png?fit=622%2C622&ssl=1\",\"url\":\"https:\\\/\\\/i0.wp.com\\\/www.fullo.net\\\/blog\\\/wp-content\\\/uploads\\\/2024\\\/10\\\/hawiaina-gold-circled-white.png?fit=622%2C622&ssl=1\",\"contentUrl\":\"https:\\\/\\\/i0.wp.com\\\/www.fullo.net\\\/blog\\\/wp-content\\\/uploads\\\/2024\\\/10\\\/hawiaina-gold-circled-white.png?fit=622%2C622&ssl=1\",\"width\":622,\"height\":622,\"caption\":\"Francesco Fullone\"},\"logo\":{\"@id\":\"https:\\\/\\\/i0.wp.com\\\/www.fullo.net\\\/blog\\\/wp-content\\\/uploads\\\/2024\\\/10\\\/hawiaina-gold-circled-white.png?fit=622%2C622&ssl=1\"},\"sameAs\":[\"http:\\\/\\\/www.fullo.net\",\"https:\\\/\\\/www.linkedin.com\\\/in\\\/fullo\",\"https:\\\/\\\/x.com\\\/fullo\"],\"url\":\"https:\\\/\\\/www.fullo.net\\\/blog\\\/author\\\/fullo\\\/\"}]}<\/script>\n<!-- \/ Yoast SEO plugin. -->","yoast_head_json":{"title":"Parto per il phpDay, ci si vede a Verona - Fullo","robots":{"index":"index","follow":"follow","max-snippet":"max-snippet:-1","max-image-preview":"max-image-preview:large","max-video-preview":"max-video-preview:-1"},"canonical":"https:\/\/www.fullo.net\/blog\/2007\/05\/17\/parto-per-il-phpday-ci-si-vede-a-verona\/","og_locale":"en_US","og_type":"article","og_title":"Parto per il phpDay, ci si vede a Verona - Fullo","og_description":"Siccome Twitter \u00e8 di nuovo &#8220;rotto&#8221; vi avviso da qui che oggi partir\u00f2 per Verona per allestire le sale e fare gli ultimi test, ci vediamo li domani per il phpDay!! cuiaz","og_url":"https:\/\/www.fullo.net\/blog\/2007\/05\/17\/parto-per-il-phpday-ci-si-vede-a-verona\/","og_site_name":"Fullo","article_published_time":"2007-05-17T07:51:52+00:00","author":"Francesco Fullone","twitter_card":"summary_large_image","twitter_creator":"@fullo","twitter_site":"@fullo","twitter_misc":{"Written by":"Francesco Fullone"},"schema":{"@context":"https:\/\/schema.org","@graph":[{"@type":"Article","@id":"https:\/\/www.fullo.net\/blog\/2007\/05\/17\/parto-per-il-phpday-ci-si-vede-a-verona\/#article","isPartOf":{"@id":"https:\/\/www.fullo.net\/blog\/2007\/05\/17\/parto-per-il-phpday-ci-si-vede-a-verona\/"},"author":{"name":"Francesco Fullone","@id":"https:\/\/www.fullo.net\/blog\/#\/schema\/person\/24e91bc6caea6c411a8668df5639428c"},"headline":"Parto per il phpDay, ci si vede a Verona","datePublished":"2007-05-17T07:51:52+00:00","mainEntityOfPage":{"@id":"https:\/\/www.fullo.net\/blog\/2007\/05\/17\/parto-per-il-phpday-ci-si-vede-a-verona\/"},"wordCount":40,"commentCount":1,"publisher":{"@id":"https:\/\/www.fullo.net\/blog\/#\/schema\/person\/24e91bc6caea6c411a8668df5639428c"},"keywords":["eventi","php","phpday","verona"],"articleSection":["di tutto un po'","eventi"],"inLanguage":"en-US","potentialAction":[{"@type":"CommentAction","name":"Comment","target":["https:\/\/www.fullo.net\/blog\/2007\/05\/17\/parto-per-il-phpday-ci-si-vede-a-verona\/#respond"]}]},{"@type":"WebPage","@id":"https:\/\/www.fullo.net\/blog\/2007\/05\/17\/parto-per-il-phpday-ci-si-vede-a-verona\/","url":"https:\/\/www.fullo.net\/blog\/2007\/05\/17\/parto-per-il-phpday-ci-si-vede-a-verona\/","name":"Parto per il phpDay, ci si vede a Verona - Fullo","isPartOf":{"@id":"https:\/\/www.fullo.net\/blog\/#website"},"datePublished":"2007-05-17T07:51:52+00:00","breadcrumb":{"@id":"https:\/\/www.fullo.net\/blog\/2007\/05\/17\/parto-per-il-phpday-ci-si-vede-a-verona\/#breadcrumb"},"inLanguage":"en-US","potentialAction":[{"@type":"ReadAction","target":["https:\/\/www.fullo.net\/blog\/2007\/05\/17\/parto-per-il-phpday-ci-si-vede-a-verona\/"]}]},{"@type":"BreadcrumbList","@id":"https:\/\/www.fullo.net\/blog\/2007\/05\/17\/parto-per-il-phpday-ci-si-vede-a-verona\/#breadcrumb","itemListElement":[{"@type":"ListItem","position":1,"name":"Home","item":"https:\/\/www.fullo.net\/blog\/"},{"@type":"ListItem","position":2,"name":"Parto per il phpDay, ci si vede a Verona"}]},{"@type":"WebSite","@id":"https:\/\/www.fullo.net\/blog\/#website","url":"https:\/\/www.fullo.net\/blog\/","name":"Fullo","description":"nulla e&#039; impossibile per chi non lo deve fare!","publisher":{"@id":"https:\/\/www.fullo.net\/blog\/#\/schema\/person\/24e91bc6caea6c411a8668df5639428c"},"potentialAction":[{"@type":"SearchAction","target":{"@type":"EntryPoint","urlTemplate":"https:\/\/www.fullo.net\/blog\/?s={search_term_string}"},"query-input":{"@type":"PropertyValueSpecification","valueRequired":true,"valueName":"search_term_string"}}],"inLanguage":"en-US"},{"@type":["Person","Organization"],"@id":"https:\/\/www.fullo.net\/blog\/#\/schema\/person\/24e91bc6caea6c411a8668df5639428c","name":"Francesco Fullone","image":{"@type":"ImageObject","inLanguage":"en-US","@id":"https:\/\/i0.wp.com\/www.fullo.net\/blog\/wp-content\/uploads\/2024\/10\/hawiaina-gold-circled-white.png?fit=622%2C622&ssl=1","url":"https:\/\/i0.wp.com\/www.fullo.net\/blog\/wp-content\/uploads\/2024\/10\/hawiaina-gold-circled-white.png?fit=622%2C622&ssl=1","contentUrl":"https:\/\/i0.wp.com\/www.fullo.net\/blog\/wp-content\/uploads\/2024\/10\/hawiaina-gold-circled-white.png?fit=622%2C622&ssl=1","width":622,"height":622,"caption":"Francesco Fullone"},"logo":{"@id":"https:\/\/i0.wp.com\/www.fullo.net\/blog\/wp-content\/uploads\/2024\/10\/hawiaina-gold-circled-white.png?fit=622%2C622&ssl=1"},"sameAs":["http:\/\/www.fullo.net","https:\/\/www.linkedin.com\/in\/fullo","https:\/\/x.com\/fullo"],"url":"https:\/\/www.fullo.net\/blog\/author\/fullo\/"}]}},"jetpack_publicize_connections":[],"jetpack_featured_media_url":"","jetpack_sharing_enabled":true,"jetpack_shortlink":"https:\/\/wp.me\/p3OSc1-AB","jetpack_likes_enabled":true,"jetpack-related-posts":[{"id":2254,"url":"https:\/\/www.fullo.net\/blog\/2007\/05\/07\/phpday-e-alle-porte\/","url_meta":{"origin":2269,"position":0},"title":"PHPDay \u00e8 alle porte&#8230;","author":"Francesco Fullone","date":"07\/05\/2007","format":false,"excerpt":"Finalmente sta per arrivare il phpday, negli ultimi due mesi l'evento ha eroso tutto il tempo libero che dedicavo al blog impedendomi di postare con i normali ritmi. Questo fine settimana salir\u00f2 a Verona per fare gli ultimi controlli con l'albergo scelto (quest'anno niente universit\u00e0 o associazioni) e per fare\u2026","rel":"","context":"In &quot;eventi&quot;","block_context":{"text":"eventi","link":"https:\/\/www.fullo.net\/blog\/category\/eventi\/"},"img":{"alt_text":"","src":"","width":0,"height":0},"classes":[]},{"id":2191,"url":"https:\/\/www.fullo.net\/blog\/2007\/01\/15\/18-maggio-2007-4-phpday-a-verona\/","url_meta":{"origin":2269,"position":1},"title":"18 Maggio 2007: 4\u00b0 phpDay a Verona","author":"Francesco Fullone","date":"15\/01\/2007","format":false,"excerpt":"Mancano 4 mesi al prossimo phpDay italiano. Quest'anno si terr\u00e0 a Verona e coinvolger\u00e0, come nella precedente edizione, sviluppatori (ma non solo) italiani e stranieri. Siccome lo scorso anno \u00e8 piaciuta molto l'idea di creare una serie di talk dedicati al mondo dell'enterprise, da affiancare al classico percorso per sviluppatori,\u2026","rel":"","context":"In &quot;eventi&quot;","block_context":{"text":"eventi","link":"https:\/\/www.fullo.net\/blog\/category\/eventi\/"},"img":{"alt_text":"","src":"","width":0,"height":0},"classes":[]},{"id":2261,"url":"https:\/\/www.fullo.net\/blog\/2007\/05\/10\/blogdinner-a-mestre\/","url_meta":{"origin":2269,"position":2},"title":"BlogDinner a Mestre","author":"Francesco Fullone","date":"10\/05\/2007","format":false,"excerpt":"Stasera parteciper\u00f2 (insieme ad un mio amico designer e non-blogger.. ma non ditelo a nessuno) alla BlogDinner di Mestre. Questo grazie anche al valido intervento di supergiov... ehm.. MiCampe che ci ha gentilmente offerto il pavimento della sua nuovissima casa. Domani invece sar\u00f2 a Verona tutto il giorno per finire\u2026","rel":"","context":"In &quot;eventi&quot;","block_context":{"text":"eventi","link":"https:\/\/www.fullo.net\/blog\/category\/eventi\/"},"img":{"alt_text":"","src":"","width":0,"height":0},"classes":[]},{"id":2505,"url":"https:\/\/www.fullo.net\/blog\/2008\/11\/25\/prossimi-php-eventi\/","url_meta":{"origin":2269,"position":3},"title":"Prossimi PHP eventi","author":"Francesco Fullone","date":"25\/11\/2008","format":false,"excerpt":"Qualcosa si muove, quest'anno il numero di conferenze dedicate a PHP (e prodotti correlati) \u00e8 decisamente aumentato. A partire dal prossimo venerd\u00ec a Milano dove si terr\u00e0 il primo Drupal Day, passando per Roma dove a Marzo si terr\u00e0 la prima phpCon Italiana, fino a Maggio quando ci saranno il\u2026","rel":"","context":"In &quot;eventi&quot;","block_context":{"text":"eventi","link":"https:\/\/www.fullo.net\/blog\/category\/eventi\/"},"img":{"alt_text":"","src":"","width":0,"height":0},"classes":[]},{"id":2270,"url":"https:\/\/www.fullo.net\/blog\/2007\/05\/17\/diretta-dal-phpday\/","url_meta":{"origin":2269,"position":4},"title":"Diretta dal phpDay","author":"Francesco Fullone","date":"17\/05\/2007","format":false,"excerpt":"Durante il phpday di domani cercheremo di offrire (grazie a UStream) la diretta dal canale Developers. Chi non potr\u00e0 venire potr\u00e0 tranquillamente gustarsi gli interventi direttamente da qui! Il phpDay \u00e8 finito.. potete trovare tutti i video dell'evento qui: http:\/\/ustream.tv\/recorded\/search\/title\/phpday ciuaz","rel":"","context":"In &quot;eventi&quot;","block_context":{"text":"eventi","link":"https:\/\/www.fullo.net\/blog\/category\/eventi\/"},"img":{"alt_text":"","src":"","width":0,"height":0},"classes":[]},{"id":2564,"url":"https:\/\/www.fullo.net\/blog\/2009\/01\/20\/iasummit-phpcon-e-phpday\/","url_meta":{"origin":2269,"position":5},"title":"IASummit, phpCon e phpDay","author":"Francesco Fullone","date":"20\/01\/2009","format":false,"excerpt":"Nei prossimi mesi si svolgeranno alcune conferenze a cui non si potr\u00e0 mancare. La prima, in ordine temporale, sar\u00e0 l'IASummit. Quest'anno la conferenza dedicata all'architettura dell'informazione si svolger\u00e0 a Forl\u00ec tra il 20 ed il 21 di Febbraio. E' gi\u00e0 stato reso disponibile il programma e vi consiglio di registrarvi\u2026","rel":"","context":"In &quot;eventi&quot;","block_context":{"text":"eventi","link":"https:\/\/www.fullo.net\/blog\/category\/eventi\/"},"img":{"alt_text":"","src":"","width":0,"height":0},"classes":[]}],"_links":{"self":[{"href":"https:\/\/www.fullo.net\/blog\/wp-json\/wp\/v2\/posts\/2269","targetHints":{"allow":["GET"]}}],"collection":[{"href":"https:\/\/www.fullo.net\/blog\/wp-json\/wp\/v2\/posts"}],"about":[{"href":"https:\/\/www.fullo.net\/blog\/wp-json\/wp\/v2\/types\/post"}],"author":[{"embeddable":true,"href":"https:\/\/www.fullo.net\/blog\/wp-json\/wp\/v2\/users\/1"}],"replies":[{"embeddable":true,"href":"https:\/\/www.fullo.net\/blog\/wp-json\/wp\/v2\/comments?post=2269"}],"version-history":[{"count":0,"href":"https:\/\/www.fullo.net\/blog\/wp-json\/wp\/v2\/posts\/2269\/revisions"}],"wp:attachment":[{"href":"https:\/\/www.fullo.net\/blog\/wp-json\/wp\/v2\/media?parent=2269"}],"wp:term":[{"taxonomy":"category","embeddable":true,"href":"https:\/\/www.fullo.net\/blog\/wp-json\/wp\/v2\/categories?post=2269"},{"taxonomy":"post_tag","embeddable":true,"href":"https:\/\/www.fullo.net\/blog\/wp-json\/wp\/v2\/tags?post=2269"}],"curies":[{"name":"wp","href":"https:\/\/api.w.org\/{rel}","templated":true}]}}