{"id":2375,"date":"2007-12-03T23:18:01","date_gmt":"2007-12-03T22:18:01","guid":{"rendered":"https:\/\/www.fullo.net\/blog\/archives\/2007\/12\/03\/la-nuova-enciclica-del-papa\/"},"modified":"2007-12-03T23:18:01","modified_gmt":"2007-12-03T22:18:01","slug":"la-nuova-enciclica-del-papa","status":"publish","type":"post","link":"https:\/\/www.fullo.net\/blog\/2007\/12\/03\/la-nuova-enciclica-del-papa\/","title":{"rendered":"La nuova enciclica del papa&#8230;"},"content":{"rendered":"<p>a me, pare &#8216;n\u00e0 str\u00f9nzata pazzesca!<\/p>\n<p>e per chiudere il pensiero quoto, appoggio e sottoscrivo il pensiero dello <a href=\"http:\/\/www.uaar.it\/news\/2007\/11\/30\/enciclica-papale-risposta-degli-atei\/\">UAAR<\/a>:<\/p>\n<blockquote><p>\u00abMa come si fa a parlare di fallimento dell\u2019Illuminismo? \u00c8 all\u2019Illuminismo che dobbiamo la democrazia, la libert\u00e0, l\u2019uguaglianza. E poi, sentire parlare di libert\u00e0 il sovrano di uno stato illiberale, francamente, sembra una contraddizione\u00bb.<\/p><\/blockquote>\n<p>ciuaz<\/p>\n","protected":false},"excerpt":{"rendered":"<p>a me, pare &#8216;n\u00e0 str\u00f9nzata pazzesca! e per chiudere il pensiero quoto, appoggio e sottoscrivo il pensiero dello UAAR: \u00abMa come si fa a parlare di fallimento dell\u2019Illuminismo? \u00c8 all\u2019Illuminismo che dobbiamo la democrazia, la libert\u00e0, l\u2019uguaglianza. E poi, sentire parlare di libert\u00e0 il sovrano di uno stato illiberale, francamente, sembra una contraddizione\u00bb. ciuaz<\/p>\n","protected":false},"author":1,"featured_media":0,"comment_status":"open","ping_status":"open","sticky":false,"template":"","format":"standard","meta":{"jetpack_post_was_ever_published":false,"_jetpack_newsletter_access":"","_jetpack_dont_email_post_to_subs":false,"_jetpack_newsletter_tier_id":0,"_jetpack_memberships_contains_paywalled_content":false,"_jetpack_memberships_contains_paid_content":false,"footnotes":"","jetpack_publicize_message":"","jetpack_publicize_feature_enabled":true,"jetpack_social_post_already_shared":false,"jetpack_social_options":{"image_generator_settings":{"template":"highway","default_image_id":0,"font":"","enabled":false},"version":2}},"categories":[4],"tags":[294,1923,1922,297],"class_list":["post-2375","post","type-post","status-publish","format-standard","hentry","category-pensieri","tag-ateismo","tag-illuminismo","tag-papa","tag-religione"],"yoast_head":"<!-- This site is optimized with the Yoast SEO plugin v27.5 - https:\/\/yoast.com\/product\/yoast-seo-wordpress\/ -->\n<title>La nuova enciclica del papa... - Fullo<\/title>\n<meta name=\"robots\" content=\"index, follow, max-snippet:-1, max-image-preview:large, max-video-preview:-1\" \/>\n<link rel=\"canonical\" href=\"https:\/\/www.fullo.net\/blog\/2007\/12\/03\/la-nuova-enciclica-del-papa\/\" \/>\n<meta property=\"og:locale\" content=\"en_US\" \/>\n<meta property=\"og:type\" content=\"article\" \/>\n<meta property=\"og:title\" content=\"La nuova enciclica del papa... - Fullo\" \/>\n<meta property=\"og:description\" content=\"a me, pare &#8216;n\u00e0 str\u00f9nzata pazzesca! e per chiudere il pensiero quoto, appoggio e sottoscrivo il pensiero dello UAAR: \u00abMa come si fa a parlare di fallimento dell\u2019Illuminismo? \u00c8 all\u2019Illuminismo che dobbiamo la democrazia, la libert\u00e0, l\u2019uguaglianza. E poi, sentire parlare di libert\u00e0 il sovrano di uno stato illiberale, francamente, sembra una contraddizione\u00bb. ciuaz\" \/>\n<meta property=\"og:url\" content=\"https:\/\/www.fullo.net\/blog\/2007\/12\/03\/la-nuova-enciclica-del-papa\/\" \/>\n<meta property=\"og:site_name\" content=\"Fullo\" \/>\n<meta property=\"article:published_time\" content=\"2007-12-03T22:18:01+00:00\" \/>\n<meta name=\"author\" content=\"Francesco Fullone\" \/>\n<meta name=\"twitter:card\" content=\"summary_large_image\" \/>\n<meta name=\"twitter:creator\" content=\"@fullo\" \/>\n<meta name=\"twitter:site\" content=\"@fullo\" \/>\n<meta name=\"twitter:label1\" content=\"Written by\" \/>\n\t<meta name=\"twitter:data1\" content=\"Francesco Fullone\" \/>\n<script type=\"application\/ld+json\" class=\"yoast-schema-graph\">{\"@context\":\"https:\\\/\\\/schema.org\",\"@graph\":[{\"@type\":\"Article\",\"@id\":\"https:\\\/\\\/www.fullo.net\\\/blog\\\/2007\\\/12\\\/03\\\/la-nuova-enciclica-del-papa\\\/#article\",\"isPartOf\":{\"@id\":\"https:\\\/\\\/www.fullo.net\\\/blog\\\/2007\\\/12\\\/03\\\/la-nuova-enciclica-del-papa\\\/\"},\"author\":{\"name\":\"Francesco Fullone\",\"@id\":\"https:\\\/\\\/www.fullo.net\\\/blog\\\/#\\\/schema\\\/person\\\/24e91bc6caea6c411a8668df5639428c\"},\"headline\":\"La nuova enciclica del papa&#8230;\",\"datePublished\":\"2007-12-03T22:18:01+00:00\",\"mainEntityOfPage\":{\"@id\":\"https:\\\/\\\/www.fullo.net\\\/blog\\\/2007\\\/12\\\/03\\\/la-nuova-enciclica-del-papa\\\/\"},\"wordCount\":62,\"commentCount\":11,\"publisher\":{\"@id\":\"https:\\\/\\\/www.fullo.net\\\/blog\\\/#\\\/schema\\\/person\\\/24e91bc6caea6c411a8668df5639428c\"},\"keywords\":[\"ateismo\",\"illuminismo\",\"papa\",\"religione\"],\"articleSection\":[\"pensieri\"],\"inLanguage\":\"en-US\",\"potentialAction\":[{\"@type\":\"CommentAction\",\"name\":\"Comment\",\"target\":[\"https:\\\/\\\/www.fullo.net\\\/blog\\\/2007\\\/12\\\/03\\\/la-nuova-enciclica-del-papa\\\/#respond\"]}]},{\"@type\":\"WebPage\",\"@id\":\"https:\\\/\\\/www.fullo.net\\\/blog\\\/2007\\\/12\\\/03\\\/la-nuova-enciclica-del-papa\\\/\",\"url\":\"https:\\\/\\\/www.fullo.net\\\/blog\\\/2007\\\/12\\\/03\\\/la-nuova-enciclica-del-papa\\\/\",\"name\":\"La nuova enciclica del papa... - Fullo\",\"isPartOf\":{\"@id\":\"https:\\\/\\\/www.fullo.net\\\/blog\\\/#website\"},\"datePublished\":\"2007-12-03T22:18:01+00:00\",\"breadcrumb\":{\"@id\":\"https:\\\/\\\/www.fullo.net\\\/blog\\\/2007\\\/12\\\/03\\\/la-nuova-enciclica-del-papa\\\/#breadcrumb\"},\"inLanguage\":\"en-US\",\"potentialAction\":[{\"@type\":\"ReadAction\",\"target\":[\"https:\\\/\\\/www.fullo.net\\\/blog\\\/2007\\\/12\\\/03\\\/la-nuova-enciclica-del-papa\\\/\"]}]},{\"@type\":\"BreadcrumbList\",\"@id\":\"https:\\\/\\\/www.fullo.net\\\/blog\\\/2007\\\/12\\\/03\\\/la-nuova-enciclica-del-papa\\\/#breadcrumb\",\"itemListElement\":[{\"@type\":\"ListItem\",\"position\":1,\"name\":\"Home\",\"item\":\"https:\\\/\\\/www.fullo.net\\\/blog\\\/\"},{\"@type\":\"ListItem\",\"position\":2,\"name\":\"La nuova enciclica del papa&#8230;\"}]},{\"@type\":\"WebSite\",\"@id\":\"https:\\\/\\\/www.fullo.net\\\/blog\\\/#website\",\"url\":\"https:\\\/\\\/www.fullo.net\\\/blog\\\/\",\"name\":\"Fullo\",\"description\":\"nulla e&#039; impossibile per chi non lo deve fare!\",\"publisher\":{\"@id\":\"https:\\\/\\\/www.fullo.net\\\/blog\\\/#\\\/schema\\\/person\\\/24e91bc6caea6c411a8668df5639428c\"},\"potentialAction\":[{\"@type\":\"SearchAction\",\"target\":{\"@type\":\"EntryPoint\",\"urlTemplate\":\"https:\\\/\\\/www.fullo.net\\\/blog\\\/?s={search_term_string}\"},\"query-input\":{\"@type\":\"PropertyValueSpecification\",\"valueRequired\":true,\"valueName\":\"search_term_string\"}}],\"inLanguage\":\"en-US\"},{\"@type\":[\"Person\",\"Organization\"],\"@id\":\"https:\\\/\\\/www.fullo.net\\\/blog\\\/#\\\/schema\\\/person\\\/24e91bc6caea6c411a8668df5639428c\",\"name\":\"Francesco Fullone\",\"image\":{\"@type\":\"ImageObject\",\"inLanguage\":\"en-US\",\"@id\":\"https:\\\/\\\/i0.wp.com\\\/www.fullo.net\\\/blog\\\/wp-content\\\/uploads\\\/2024\\\/10\\\/hawiaina-gold-circled-white.png?fit=622%2C622&ssl=1\",\"url\":\"https:\\\/\\\/i0.wp.com\\\/www.fullo.net\\\/blog\\\/wp-content\\\/uploads\\\/2024\\\/10\\\/hawiaina-gold-circled-white.png?fit=622%2C622&ssl=1\",\"contentUrl\":\"https:\\\/\\\/i0.wp.com\\\/www.fullo.net\\\/blog\\\/wp-content\\\/uploads\\\/2024\\\/10\\\/hawiaina-gold-circled-white.png?fit=622%2C622&ssl=1\",\"width\":622,\"height\":622,\"caption\":\"Francesco Fullone\"},\"logo\":{\"@id\":\"https:\\\/\\\/i0.wp.com\\\/www.fullo.net\\\/blog\\\/wp-content\\\/uploads\\\/2024\\\/10\\\/hawiaina-gold-circled-white.png?fit=622%2C622&ssl=1\"},\"sameAs\":[\"http:\\\/\\\/www.fullo.net\",\"https:\\\/\\\/www.linkedin.com\\\/in\\\/fullo\",\"https:\\\/\\\/x.com\\\/fullo\"],\"url\":\"https:\\\/\\\/www.fullo.net\\\/blog\\\/author\\\/fullo\\\/\"}]}<\/script>\n<!-- \/ Yoast SEO plugin. -->","yoast_head_json":{"title":"La nuova enciclica del papa... - Fullo","robots":{"index":"index","follow":"follow","max-snippet":"max-snippet:-1","max-image-preview":"max-image-preview:large","max-video-preview":"max-video-preview:-1"},"canonical":"https:\/\/www.fullo.net\/blog\/2007\/12\/03\/la-nuova-enciclica-del-papa\/","og_locale":"en_US","og_type":"article","og_title":"La nuova enciclica del papa... - Fullo","og_description":"a me, pare &#8216;n\u00e0 str\u00f9nzata pazzesca! e per chiudere il pensiero quoto, appoggio e sottoscrivo il pensiero dello UAAR: \u00abMa come si fa a parlare di fallimento dell\u2019Illuminismo? \u00c8 all\u2019Illuminismo che dobbiamo la democrazia, la libert\u00e0, l\u2019uguaglianza. E poi, sentire parlare di libert\u00e0 il sovrano di uno stato illiberale, francamente, sembra una contraddizione\u00bb. ciuaz","og_url":"https:\/\/www.fullo.net\/blog\/2007\/12\/03\/la-nuova-enciclica-del-papa\/","og_site_name":"Fullo","article_published_time":"2007-12-03T22:18:01+00:00","author":"Francesco Fullone","twitter_card":"summary_large_image","twitter_creator":"@fullo","twitter_site":"@fullo","twitter_misc":{"Written by":"Francesco Fullone"},"schema":{"@context":"https:\/\/schema.org","@graph":[{"@type":"Article","@id":"https:\/\/www.fullo.net\/blog\/2007\/12\/03\/la-nuova-enciclica-del-papa\/#article","isPartOf":{"@id":"https:\/\/www.fullo.net\/blog\/2007\/12\/03\/la-nuova-enciclica-del-papa\/"},"author":{"name":"Francesco Fullone","@id":"https:\/\/www.fullo.net\/blog\/#\/schema\/person\/24e91bc6caea6c411a8668df5639428c"},"headline":"La nuova enciclica del papa&#8230;","datePublished":"2007-12-03T22:18:01+00:00","mainEntityOfPage":{"@id":"https:\/\/www.fullo.net\/blog\/2007\/12\/03\/la-nuova-enciclica-del-papa\/"},"wordCount":62,"commentCount":11,"publisher":{"@id":"https:\/\/www.fullo.net\/blog\/#\/schema\/person\/24e91bc6caea6c411a8668df5639428c"},"keywords":["ateismo","illuminismo","papa","religione"],"articleSection":["pensieri"],"inLanguage":"en-US","potentialAction":[{"@type":"CommentAction","name":"Comment","target":["https:\/\/www.fullo.net\/blog\/2007\/12\/03\/la-nuova-enciclica-del-papa\/#respond"]}]},{"@type":"WebPage","@id":"https:\/\/www.fullo.net\/blog\/2007\/12\/03\/la-nuova-enciclica-del-papa\/","url":"https:\/\/www.fullo.net\/blog\/2007\/12\/03\/la-nuova-enciclica-del-papa\/","name":"La nuova enciclica del papa... - Fullo","isPartOf":{"@id":"https:\/\/www.fullo.net\/blog\/#website"},"datePublished":"2007-12-03T22:18:01+00:00","breadcrumb":{"@id":"https:\/\/www.fullo.net\/blog\/2007\/12\/03\/la-nuova-enciclica-del-papa\/#breadcrumb"},"inLanguage":"en-US","potentialAction":[{"@type":"ReadAction","target":["https:\/\/www.fullo.net\/blog\/2007\/12\/03\/la-nuova-enciclica-del-papa\/"]}]},{"@type":"BreadcrumbList","@id":"https:\/\/www.fullo.net\/blog\/2007\/12\/03\/la-nuova-enciclica-del-papa\/#breadcrumb","itemListElement":[{"@type":"ListItem","position":1,"name":"Home","item":"https:\/\/www.fullo.net\/blog\/"},{"@type":"ListItem","position":2,"name":"La nuova enciclica del papa&#8230;"}]},{"@type":"WebSite","@id":"https:\/\/www.fullo.net\/blog\/#website","url":"https:\/\/www.fullo.net\/blog\/","name":"Fullo","description":"nulla e&#039; impossibile per chi non lo deve fare!","publisher":{"@id":"https:\/\/www.fullo.net\/blog\/#\/schema\/person\/24e91bc6caea6c411a8668df5639428c"},"potentialAction":[{"@type":"SearchAction","target":{"@type":"EntryPoint","urlTemplate":"https:\/\/www.fullo.net\/blog\/?s={search_term_string}"},"query-input":{"@type":"PropertyValueSpecification","valueRequired":true,"valueName":"search_term_string"}}],"inLanguage":"en-US"},{"@type":["Person","Organization"],"@id":"https:\/\/www.fullo.net\/blog\/#\/schema\/person\/24e91bc6caea6c411a8668df5639428c","name":"Francesco Fullone","image":{"@type":"ImageObject","inLanguage":"en-US","@id":"https:\/\/i0.wp.com\/www.fullo.net\/blog\/wp-content\/uploads\/2024\/10\/hawiaina-gold-circled-white.png?fit=622%2C622&ssl=1","url":"https:\/\/i0.wp.com\/www.fullo.net\/blog\/wp-content\/uploads\/2024\/10\/hawiaina-gold-circled-white.png?fit=622%2C622&ssl=1","contentUrl":"https:\/\/i0.wp.com\/www.fullo.net\/blog\/wp-content\/uploads\/2024\/10\/hawiaina-gold-circled-white.png?fit=622%2C622&ssl=1","width":622,"height":622,"caption":"Francesco Fullone"},"logo":{"@id":"https:\/\/i0.wp.com\/www.fullo.net\/blog\/wp-content\/uploads\/2024\/10\/hawiaina-gold-circled-white.png?fit=622%2C622&ssl=1"},"sameAs":["http:\/\/www.fullo.net","https:\/\/www.linkedin.com\/in\/fullo","https:\/\/x.com\/fullo"],"url":"https:\/\/www.fullo.net\/blog\/author\/fullo\/"}]}},"jetpack_publicize_connections":[],"jetpack_featured_media_url":"","jetpack_sharing_enabled":true,"jetpack_shortlink":"https:\/\/wp.me\/p3OSc1-Cj","jetpack_likes_enabled":true,"jetpack-related-posts":[{"id":364,"url":"https:\/\/www.fullo.net\/blog\/2003\/07\/28\/42\/","url_meta":{"origin":2375,"position":0},"title":"42","author":"Francesco Fullone","date":"28\/07\/2003","format":false,"excerpt":"LA RISPOSTA SU LA VITA L'UNIVERSO E TUTTO QUANTOUna razza molto curiosa un giorno volle conoscere la madre di tutte le risposte, la risposta sulla vita l'universo e tutto quanto. Per ottenerla costru\u00ec Pensiero Profondo, il computer pi\u00f9 grande e pi\u00f9 potente dell'Universo. Gli pose la domanda e poi attese\u2026","rel":"","context":"In &quot;di tutto un po'&quot;","block_context":{"text":"di tutto un po'","link":"https:\/\/www.fullo.net\/blog\/category\/di-tutto-un-po\/"},"img":{"alt_text":"","src":"","width":0,"height":0},"classes":[]},{"id":2171,"url":"https:\/\/www.fullo.net\/blog\/2007\/01\/03\/america-terra-di-liberta-non-penso\/","url_meta":{"origin":2375,"position":1},"title":"America terra di libert\u00e0? Non penso.","author":"Francesco Fullone","date":"03\/01\/2007","format":false,"excerpt":"Quoto pienamente il post di Cristian sulla nuova politica aggressiva americana verso gli stranieri. Pare che se volete viaggiare verso gli USA oltre ad analizzarvi notebook ed attrezzatura tecnologica adesso vi richiedano (e controllino) i numeri delle carte di credito e le email con le quali avete comprato i biglietti\u2026","rel":"","context":"In &quot;pensieri&quot;","block_context":{"text":"pensieri","link":"https:\/\/www.fullo.net\/blog\/category\/pensieri\/"},"img":{"alt_text":"","src":"","width":0,"height":0},"classes":[]},{"id":4617,"url":"https:\/\/www.fullo.net\/blog\/2026\/04\/09\/pensieri-specchio\/","url_meta":{"origin":2375,"position":2},"title":"Pensieri specchio","author":"Francesco Fullone","date":"09\/04\/2026","format":false,"excerpt":"Ho costruito strumenti per aiutare gli altri a pensare meglio con un LLM. A met\u00e0 strada ho realizzato che li stavo costruendo per me. Il progetto \u00e8 live, sono la cavia principale, e se volete contribuire al chaos controllato potete farlo da qui.","rel":"","context":"In &quot;lifehack&quot;","block_context":{"text":"lifehack","link":"https:\/\/www.fullo.net\/blog\/category\/di-tutto-un-po\/lifehack\/"},"img":{"alt_text":"","src":"https:\/\/i0.wp.com\/www.fullo.net\/blog\/wp-content\/uploads\/2026\/04\/Gemini_Generated_Image_rp7eugrp7eugrp7e-scaled.png?fit=1200%2C654&ssl=1&resize=350%2C200","width":350,"height":200,"srcset":"https:\/\/i0.wp.com\/www.fullo.net\/blog\/wp-content\/uploads\/2026\/04\/Gemini_Generated_Image_rp7eugrp7eugrp7e-scaled.png?fit=1200%2C654&ssl=1&resize=350%2C200 1x, https:\/\/i0.wp.com\/www.fullo.net\/blog\/wp-content\/uploads\/2026\/04\/Gemini_Generated_Image_rp7eugrp7eugrp7e-scaled.png?fit=1200%2C654&ssl=1&resize=525%2C300 1.5x, https:\/\/i0.wp.com\/www.fullo.net\/blog\/wp-content\/uploads\/2026\/04\/Gemini_Generated_Image_rp7eugrp7eugrp7e-scaled.png?fit=1200%2C654&ssl=1&resize=700%2C400 2x, https:\/\/i0.wp.com\/www.fullo.net\/blog\/wp-content\/uploads\/2026\/04\/Gemini_Generated_Image_rp7eugrp7eugrp7e-scaled.png?fit=1200%2C654&ssl=1&resize=1050%2C600 3x"},"classes":[]},{"id":4636,"url":"https:\/\/www.fullo.net\/blog\/2026\/04\/16\/il-cappello-non-fa-il-monaco-ne-lo-scrum-master\/","url_meta":{"origin":2375,"position":3},"title":"Il cappello non fa il monaco, n\u00e9 lo Scrum Master","author":"Francesco Fullone","date":"16\/04\/2026","format":false,"excerpt":"De Bono nel 1985 aveva gi\u00e0 risolto un problema che Scrum non ha mai affrontato davvero: le persone difendono la propria identit\u00e0 di ruolo invece di esplorare prospettive diverse. I sei cappelli separano le modalit\u00e0 cognitive nel tempo \u2014 prima i dati, poi le emozioni, poi i rischi \u2014 invece\u2026","rel":"","context":"In &quot;advisoring&quot;","block_context":{"text":"advisoring","link":"https:\/\/www.fullo.net\/blog\/category\/entrepreneurship\/advisoring\/"},"img":{"alt_text":"","src":"https:\/\/i0.wp.com\/www.fullo.net\/blog\/wp-content\/uploads\/2026\/04\/image-2.png?fit=1024%2C559&ssl=1&resize=350%2C200","width":350,"height":200,"srcset":"https:\/\/i0.wp.com\/www.fullo.net\/blog\/wp-content\/uploads\/2026\/04\/image-2.png?fit=1024%2C559&ssl=1&resize=350%2C200 1x, https:\/\/i0.wp.com\/www.fullo.net\/blog\/wp-content\/uploads\/2026\/04\/image-2.png?fit=1024%2C559&ssl=1&resize=525%2C300 1.5x, https:\/\/i0.wp.com\/www.fullo.net\/blog\/wp-content\/uploads\/2026\/04\/image-2.png?fit=1024%2C559&ssl=1&resize=700%2C400 2x"},"classes":[]},{"id":4019,"url":"https:\/\/www.fullo.net\/blog\/2023\/06\/08\/life-cycle-thinking-e-pensiero-critico\/","url_meta":{"origin":2375,"position":4},"title":"Life Cycle Thinking e Pensiero Critico","author":"Francesco Fullone","date":"08\/06\/2023","format":false,"excerpt":"Per fare LCA ed indentificare le giuste metriche di impatto, serve saper fare framing dei problemi ed avere pensiero critico. Gli OKR mi hanno aiutato su questo tema perch\u00e9 aiutano a definire, analizzare, valutare e selezionare ci\u00f2 che conta. .","rel":"","context":"In &quot;business design&quot;","block_context":{"text":"business design","link":"https:\/\/www.fullo.net\/blog\/category\/entrepreneurship\/business-design\/"},"img":{"alt_text":"photo of pen beside ink","src":"https:\/\/i0.wp.com\/www.fullo.net\/blog\/wp-content\/uploads\/2023\/06\/pexels-photo-4668356.jpeg?fit=1200%2C800&ssl=1&resize=350%2C200","width":350,"height":200,"srcset":"https:\/\/i0.wp.com\/www.fullo.net\/blog\/wp-content\/uploads\/2023\/06\/pexels-photo-4668356.jpeg?fit=1200%2C800&ssl=1&resize=350%2C200 1x, https:\/\/i0.wp.com\/www.fullo.net\/blog\/wp-content\/uploads\/2023\/06\/pexels-photo-4668356.jpeg?fit=1200%2C800&ssl=1&resize=525%2C300 1.5x, https:\/\/i0.wp.com\/www.fullo.net\/blog\/wp-content\/uploads\/2023\/06\/pexels-photo-4668356.jpeg?fit=1200%2C800&ssl=1&resize=700%2C400 2x, https:\/\/i0.wp.com\/www.fullo.net\/blog\/wp-content\/uploads\/2023\/06\/pexels-photo-4668356.jpeg?fit=1200%2C800&ssl=1&resize=1050%2C600 3x"},"classes":[]},{"id":1692,"url":"https:\/\/www.fullo.net\/blog\/2005\/10\/12\/viva-zapatero\/","url_meta":{"origin":2375,"position":5},"title":"Viva Zapatero!","author":"Francesco Fullone","date":"12\/10\/2005","format":false,"excerpt":"Ieri ho visto il film\/documentario della Guzzanti intitolato \"Viva Zapatero\". Devo dire che effettivamente negli ultimi 2 anni (cio\u00e8 nel tempo intercorso da quando \u00e8 successo il fattaccio a oggi) la situazione \u00e8 peggiorata ulteriormente, bisognerebbe quasi fare un Viva Zapatero 2.0.... L'Italia ormai \u00e8 lo zimbello di tutta Europa,\u2026","rel":"","context":"In &quot;pensieri&quot;","block_context":{"text":"pensieri","link":"https:\/\/www.fullo.net\/blog\/category\/pensieri\/"},"img":{"alt_text":"","src":"","width":0,"height":0},"classes":[]}],"_links":{"self":[{"href":"https:\/\/www.fullo.net\/blog\/wp-json\/wp\/v2\/posts\/2375","targetHints":{"allow":["GET"]}}],"collection":[{"href":"https:\/\/www.fullo.net\/blog\/wp-json\/wp\/v2\/posts"}],"about":[{"href":"https:\/\/www.fullo.net\/blog\/wp-json\/wp\/v2\/types\/post"}],"author":[{"embeddable":true,"href":"https:\/\/www.fullo.net\/blog\/wp-json\/wp\/v2\/users\/1"}],"replies":[{"embeddable":true,"href":"https:\/\/www.fullo.net\/blog\/wp-json\/wp\/v2\/comments?post=2375"}],"version-history":[{"count":0,"href":"https:\/\/www.fullo.net\/blog\/wp-json\/wp\/v2\/posts\/2375\/revisions"}],"wp:attachment":[{"href":"https:\/\/www.fullo.net\/blog\/wp-json\/wp\/v2\/media?parent=2375"}],"wp:term":[{"taxonomy":"category","embeddable":true,"href":"https:\/\/www.fullo.net\/blog\/wp-json\/wp\/v2\/categories?post=2375"},{"taxonomy":"post_tag","embeddable":true,"href":"https:\/\/www.fullo.net\/blog\/wp-json\/wp\/v2\/tags?post=2375"}],"curies":[{"name":"wp","href":"https:\/\/api.w.org\/{rel}","templated":true}]}}