{"id":2381,"date":"2007-12-17T09:49:47","date_gmt":"2007-12-17T08:49:47","guid":{"rendered":"https:\/\/www.fullo.net\/blog\/archives\/2007\/12\/17\/stacktrace-un-aperiodico-di-resistenza-informatica\/"},"modified":"2007-12-17T09:52:21","modified_gmt":"2007-12-17T08:52:21","slug":"stacktrace-un-aperiodico-di-resistenza-informatica","status":"publish","type":"post","link":"https:\/\/www.fullo.net\/blog\/2007\/12\/17\/stacktrace-un-aperiodico-di-resistenza-informatica\/","title":{"rendered":"Stacktrace, un aperiodico di resistenza informatica"},"content":{"rendered":"<p><a href=\"http:\/\/stacktrace.it\/\"><img data-recalc-dims=\"1\" decoding=\"async\" src=\"https:\/\/i0.wp.com\/stacktrace.it\/site_media\/banner\/medium-rectangle-1.gif?w=580\" alt=\"stacktrace, un aperiodico di resistenza informatica\" border=\"0\" align=\"left\" class=\"immagine\"  \/><\/a> Parte ufficialmente <a href=\"http:\/\/stacktrace.it\">Stacktrace<\/a>, un &#8220;<em>aperiodico di resistenza informatica<\/em>&#8220;, ed \u00e8 portato avanti da alcune <a href=\"http:\/\/stacktrace.it\/chi-siamo\/\">menti illuminate<\/a> della scena &#8220;geek&#8221; italiana.<\/p>\n<p>Finalmente anche in italia compariranno contenuti nuovi riguardo allo sviluppo ed alle tecnologie in generale, e non le solite news trite e ritrite!<\/p>\n<p>Chiss\u00e0 se parleranno anche (bene) di PHP&#8230; ;P<\/p>\n<p>Ps Stacktrace \u00e8 <em>powered by <a href=\"http:\/\/qix.it\/categoria\/luambo\/\">Luambo<\/a><\/em> :)<\/p>\n<p>ciuaz<\/p>\n","protected":false},"excerpt":{"rendered":"<p>Parte ufficialmente Stacktrace, un &#8220;aperiodico di resistenza informatica&#8220;, ed \u00e8 portato avanti da alcune menti illuminate della scena &#8220;geek&#8221; italiana. Finalmente anche in italia compariranno contenuti nuovi riguardo allo sviluppo ed alle tecnologie in generale, e non le solite news trite e ritrite! Chiss\u00e0 se parleranno anche (bene) di PHP&#8230; ;P Ps Stacktrace \u00e8 powered [&hellip;]<\/p>\n","protected":false},"author":1,"featured_media":0,"comment_status":"open","ping_status":"open","sticky":false,"template":"","format":"standard","meta":{"jetpack_post_was_ever_published":false,"_jetpack_newsletter_access":"","_jetpack_dont_email_post_to_subs":false,"_jetpack_newsletter_tier_id":0,"_jetpack_memberships_contains_paywalled_content":false,"_jetpack_memberships_contains_paid_content":false,"footnotes":"","jetpack_publicize_message":"","jetpack_publicize_feature_enabled":true,"jetpack_social_post_already_shared":false,"jetpack_social_options":{"image_generator_settings":{"template":"highway","default_image_id":0,"font":"","enabled":false},"version":2}},"categories":[1,5],"tags":[1931,63,475,541,1930],"class_list":["post-2381","post","type-post","status-publish","format-standard","hentry","category-di-tutto-un-po","category-tecnologia","tag-aperiodico","tag-blog","tag-geek","tag-news","tag-stacktrace"],"yoast_head":"<!-- This site is optimized with the Yoast SEO plugin v27.5 - https:\/\/yoast.com\/product\/yoast-seo-wordpress\/ -->\n<title>Stacktrace, un aperiodico di resistenza informatica - Fullo<\/title>\n<meta name=\"robots\" content=\"index, follow, max-snippet:-1, max-image-preview:large, max-video-preview:-1\" \/>\n<link rel=\"canonical\" href=\"https:\/\/www.fullo.net\/blog\/2007\/12\/17\/stacktrace-un-aperiodico-di-resistenza-informatica\/\" \/>\n<meta property=\"og:locale\" content=\"en_US\" \/>\n<meta property=\"og:type\" content=\"article\" \/>\n<meta property=\"og:title\" content=\"Stacktrace, un aperiodico di resistenza informatica - Fullo\" \/>\n<meta property=\"og:description\" content=\"Parte ufficialmente Stacktrace, un &#8220;aperiodico di resistenza informatica&#8220;, ed \u00e8 portato avanti da alcune menti illuminate della scena &#8220;geek&#8221; italiana. Finalmente anche in italia compariranno contenuti nuovi riguardo allo sviluppo ed alle tecnologie in generale, e non le solite news trite e ritrite! Chiss\u00e0 se parleranno anche (bene) di PHP&#8230; ;P Ps Stacktrace \u00e8 powered [&hellip;]\" \/>\n<meta property=\"og:url\" content=\"https:\/\/www.fullo.net\/blog\/2007\/12\/17\/stacktrace-un-aperiodico-di-resistenza-informatica\/\" \/>\n<meta property=\"og:site_name\" content=\"Fullo\" \/>\n<meta property=\"article:published_time\" content=\"2007-12-17T08:49:47+00:00\" \/>\n<meta property=\"article:modified_time\" content=\"2007-12-17T08:52:21+00:00\" \/>\n<meta property=\"og:image\" content=\"http:\/\/stacktrace.it\/site_media\/banner\/medium-rectangle-1.gif\" \/>\n<meta name=\"author\" content=\"Francesco Fullone\" \/>\n<meta name=\"twitter:card\" content=\"summary_large_image\" \/>\n<meta name=\"twitter:creator\" content=\"@fullo\" \/>\n<meta name=\"twitter:site\" content=\"@fullo\" \/>\n<meta name=\"twitter:label1\" content=\"Written by\" \/>\n\t<meta name=\"twitter:data1\" content=\"Francesco Fullone\" \/>\n<script type=\"application\/ld+json\" class=\"yoast-schema-graph\">{\"@context\":\"https:\\\/\\\/schema.org\",\"@graph\":[{\"@type\":\"Article\",\"@id\":\"https:\\\/\\\/www.fullo.net\\\/blog\\\/2007\\\/12\\\/17\\\/stacktrace-un-aperiodico-di-resistenza-informatica\\\/#article\",\"isPartOf\":{\"@id\":\"https:\\\/\\\/www.fullo.net\\\/blog\\\/2007\\\/12\\\/17\\\/stacktrace-un-aperiodico-di-resistenza-informatica\\\/\"},\"author\":{\"name\":\"Francesco Fullone\",\"@id\":\"https:\\\/\\\/www.fullo.net\\\/blog\\\/#\\\/schema\\\/person\\\/24e91bc6caea6c411a8668df5639428c\"},\"headline\":\"Stacktrace, un aperiodico di resistenza informatica\",\"datePublished\":\"2007-12-17T08:49:47+00:00\",\"dateModified\":\"2007-12-17T08:52:21+00:00\",\"mainEntityOfPage\":{\"@id\":\"https:\\\/\\\/www.fullo.net\\\/blog\\\/2007\\\/12\\\/17\\\/stacktrace-un-aperiodico-di-resistenza-informatica\\\/\"},\"wordCount\":62,\"commentCount\":3,\"publisher\":{\"@id\":\"https:\\\/\\\/www.fullo.net\\\/blog\\\/#\\\/schema\\\/person\\\/24e91bc6caea6c411a8668df5639428c\"},\"image\":{\"@id\":\"https:\\\/\\\/www.fullo.net\\\/blog\\\/2007\\\/12\\\/17\\\/stacktrace-un-aperiodico-di-resistenza-informatica\\\/#primaryimage\"},\"thumbnailUrl\":\"http:\\\/\\\/stacktrace.it\\\/site_media\\\/banner\\\/medium-rectangle-1.gif\",\"keywords\":[\"aperiodico\",\"blog\",\"geek\",\"news\",\"stacktrace\"],\"articleSection\":[\"di tutto un po'\",\"tecnologia\"],\"inLanguage\":\"en-US\",\"potentialAction\":[{\"@type\":\"CommentAction\",\"name\":\"Comment\",\"target\":[\"https:\\\/\\\/www.fullo.net\\\/blog\\\/2007\\\/12\\\/17\\\/stacktrace-un-aperiodico-di-resistenza-informatica\\\/#respond\"]}]},{\"@type\":\"WebPage\",\"@id\":\"https:\\\/\\\/www.fullo.net\\\/blog\\\/2007\\\/12\\\/17\\\/stacktrace-un-aperiodico-di-resistenza-informatica\\\/\",\"url\":\"https:\\\/\\\/www.fullo.net\\\/blog\\\/2007\\\/12\\\/17\\\/stacktrace-un-aperiodico-di-resistenza-informatica\\\/\",\"name\":\"Stacktrace, un aperiodico di resistenza informatica - Fullo\",\"isPartOf\":{\"@id\":\"https:\\\/\\\/www.fullo.net\\\/blog\\\/#website\"},\"primaryImageOfPage\":{\"@id\":\"https:\\\/\\\/www.fullo.net\\\/blog\\\/2007\\\/12\\\/17\\\/stacktrace-un-aperiodico-di-resistenza-informatica\\\/#primaryimage\"},\"image\":{\"@id\":\"https:\\\/\\\/www.fullo.net\\\/blog\\\/2007\\\/12\\\/17\\\/stacktrace-un-aperiodico-di-resistenza-informatica\\\/#primaryimage\"},\"thumbnailUrl\":\"http:\\\/\\\/stacktrace.it\\\/site_media\\\/banner\\\/medium-rectangle-1.gif\",\"datePublished\":\"2007-12-17T08:49:47+00:00\",\"dateModified\":\"2007-12-17T08:52:21+00:00\",\"breadcrumb\":{\"@id\":\"https:\\\/\\\/www.fullo.net\\\/blog\\\/2007\\\/12\\\/17\\\/stacktrace-un-aperiodico-di-resistenza-informatica\\\/#breadcrumb\"},\"inLanguage\":\"en-US\",\"potentialAction\":[{\"@type\":\"ReadAction\",\"target\":[\"https:\\\/\\\/www.fullo.net\\\/blog\\\/2007\\\/12\\\/17\\\/stacktrace-un-aperiodico-di-resistenza-informatica\\\/\"]}]},{\"@type\":\"ImageObject\",\"inLanguage\":\"en-US\",\"@id\":\"https:\\\/\\\/www.fullo.net\\\/blog\\\/2007\\\/12\\\/17\\\/stacktrace-un-aperiodico-di-resistenza-informatica\\\/#primaryimage\",\"url\":\"http:\\\/\\\/stacktrace.it\\\/site_media\\\/banner\\\/medium-rectangle-1.gif\",\"contentUrl\":\"http:\\\/\\\/stacktrace.it\\\/site_media\\\/banner\\\/medium-rectangle-1.gif\"},{\"@type\":\"BreadcrumbList\",\"@id\":\"https:\\\/\\\/www.fullo.net\\\/blog\\\/2007\\\/12\\\/17\\\/stacktrace-un-aperiodico-di-resistenza-informatica\\\/#breadcrumb\",\"itemListElement\":[{\"@type\":\"ListItem\",\"position\":1,\"name\":\"Home\",\"item\":\"https:\\\/\\\/www.fullo.net\\\/blog\\\/\"},{\"@type\":\"ListItem\",\"position\":2,\"name\":\"Stacktrace, un aperiodico di resistenza informatica\"}]},{\"@type\":\"WebSite\",\"@id\":\"https:\\\/\\\/www.fullo.net\\\/blog\\\/#website\",\"url\":\"https:\\\/\\\/www.fullo.net\\\/blog\\\/\",\"name\":\"Fullo\",\"description\":\"nulla e&#039; impossibile per chi non lo deve fare!\",\"publisher\":{\"@id\":\"https:\\\/\\\/www.fullo.net\\\/blog\\\/#\\\/schema\\\/person\\\/24e91bc6caea6c411a8668df5639428c\"},\"potentialAction\":[{\"@type\":\"SearchAction\",\"target\":{\"@type\":\"EntryPoint\",\"urlTemplate\":\"https:\\\/\\\/www.fullo.net\\\/blog\\\/?s={search_term_string}\"},\"query-input\":{\"@type\":\"PropertyValueSpecification\",\"valueRequired\":true,\"valueName\":\"search_term_string\"}}],\"inLanguage\":\"en-US\"},{\"@type\":[\"Person\",\"Organization\"],\"@id\":\"https:\\\/\\\/www.fullo.net\\\/blog\\\/#\\\/schema\\\/person\\\/24e91bc6caea6c411a8668df5639428c\",\"name\":\"Francesco Fullone\",\"image\":{\"@type\":\"ImageObject\",\"inLanguage\":\"en-US\",\"@id\":\"https:\\\/\\\/i0.wp.com\\\/www.fullo.net\\\/blog\\\/wp-content\\\/uploads\\\/2024\\\/10\\\/hawiaina-gold-circled-white.png?fit=622%2C622&ssl=1\",\"url\":\"https:\\\/\\\/i0.wp.com\\\/www.fullo.net\\\/blog\\\/wp-content\\\/uploads\\\/2024\\\/10\\\/hawiaina-gold-circled-white.png?fit=622%2C622&ssl=1\",\"contentUrl\":\"https:\\\/\\\/i0.wp.com\\\/www.fullo.net\\\/blog\\\/wp-content\\\/uploads\\\/2024\\\/10\\\/hawiaina-gold-circled-white.png?fit=622%2C622&ssl=1\",\"width\":622,\"height\":622,\"caption\":\"Francesco Fullone\"},\"logo\":{\"@id\":\"https:\\\/\\\/i0.wp.com\\\/www.fullo.net\\\/blog\\\/wp-content\\\/uploads\\\/2024\\\/10\\\/hawiaina-gold-circled-white.png?fit=622%2C622&ssl=1\"},\"sameAs\":[\"http:\\\/\\\/www.fullo.net\",\"https:\\\/\\\/www.linkedin.com\\\/in\\\/fullo\",\"https:\\\/\\\/x.com\\\/fullo\"],\"url\":\"https:\\\/\\\/www.fullo.net\\\/blog\\\/author\\\/fullo\\\/\"}]}<\/script>\n<!-- \/ Yoast SEO plugin. -->","yoast_head_json":{"title":"Stacktrace, un aperiodico di resistenza informatica - Fullo","robots":{"index":"index","follow":"follow","max-snippet":"max-snippet:-1","max-image-preview":"max-image-preview:large","max-video-preview":"max-video-preview:-1"},"canonical":"https:\/\/www.fullo.net\/blog\/2007\/12\/17\/stacktrace-un-aperiodico-di-resistenza-informatica\/","og_locale":"en_US","og_type":"article","og_title":"Stacktrace, un aperiodico di resistenza informatica - Fullo","og_description":"Parte ufficialmente Stacktrace, un &#8220;aperiodico di resistenza informatica&#8220;, ed \u00e8 portato avanti da alcune menti illuminate della scena &#8220;geek&#8221; italiana. Finalmente anche in italia compariranno contenuti nuovi riguardo allo sviluppo ed alle tecnologie in generale, e non le solite news trite e ritrite! Chiss\u00e0 se parleranno anche (bene) di PHP&#8230; ;P Ps Stacktrace \u00e8 powered [&hellip;]","og_url":"https:\/\/www.fullo.net\/blog\/2007\/12\/17\/stacktrace-un-aperiodico-di-resistenza-informatica\/","og_site_name":"Fullo","article_published_time":"2007-12-17T08:49:47+00:00","article_modified_time":"2007-12-17T08:52:21+00:00","og_image":[{"url":"http:\/\/stacktrace.it\/site_media\/banner\/medium-rectangle-1.gif","type":"","width":"","height":""}],"author":"Francesco Fullone","twitter_card":"summary_large_image","twitter_creator":"@fullo","twitter_site":"@fullo","twitter_misc":{"Written by":"Francesco Fullone"},"schema":{"@context":"https:\/\/schema.org","@graph":[{"@type":"Article","@id":"https:\/\/www.fullo.net\/blog\/2007\/12\/17\/stacktrace-un-aperiodico-di-resistenza-informatica\/#article","isPartOf":{"@id":"https:\/\/www.fullo.net\/blog\/2007\/12\/17\/stacktrace-un-aperiodico-di-resistenza-informatica\/"},"author":{"name":"Francesco Fullone","@id":"https:\/\/www.fullo.net\/blog\/#\/schema\/person\/24e91bc6caea6c411a8668df5639428c"},"headline":"Stacktrace, un aperiodico di resistenza informatica","datePublished":"2007-12-17T08:49:47+00:00","dateModified":"2007-12-17T08:52:21+00:00","mainEntityOfPage":{"@id":"https:\/\/www.fullo.net\/blog\/2007\/12\/17\/stacktrace-un-aperiodico-di-resistenza-informatica\/"},"wordCount":62,"commentCount":3,"publisher":{"@id":"https:\/\/www.fullo.net\/blog\/#\/schema\/person\/24e91bc6caea6c411a8668df5639428c"},"image":{"@id":"https:\/\/www.fullo.net\/blog\/2007\/12\/17\/stacktrace-un-aperiodico-di-resistenza-informatica\/#primaryimage"},"thumbnailUrl":"http:\/\/stacktrace.it\/site_media\/banner\/medium-rectangle-1.gif","keywords":["aperiodico","blog","geek","news","stacktrace"],"articleSection":["di tutto un po'","tecnologia"],"inLanguage":"en-US","potentialAction":[{"@type":"CommentAction","name":"Comment","target":["https:\/\/www.fullo.net\/blog\/2007\/12\/17\/stacktrace-un-aperiodico-di-resistenza-informatica\/#respond"]}]},{"@type":"WebPage","@id":"https:\/\/www.fullo.net\/blog\/2007\/12\/17\/stacktrace-un-aperiodico-di-resistenza-informatica\/","url":"https:\/\/www.fullo.net\/blog\/2007\/12\/17\/stacktrace-un-aperiodico-di-resistenza-informatica\/","name":"Stacktrace, un aperiodico di resistenza informatica - Fullo","isPartOf":{"@id":"https:\/\/www.fullo.net\/blog\/#website"},"primaryImageOfPage":{"@id":"https:\/\/www.fullo.net\/blog\/2007\/12\/17\/stacktrace-un-aperiodico-di-resistenza-informatica\/#primaryimage"},"image":{"@id":"https:\/\/www.fullo.net\/blog\/2007\/12\/17\/stacktrace-un-aperiodico-di-resistenza-informatica\/#primaryimage"},"thumbnailUrl":"http:\/\/stacktrace.it\/site_media\/banner\/medium-rectangle-1.gif","datePublished":"2007-12-17T08:49:47+00:00","dateModified":"2007-12-17T08:52:21+00:00","breadcrumb":{"@id":"https:\/\/www.fullo.net\/blog\/2007\/12\/17\/stacktrace-un-aperiodico-di-resistenza-informatica\/#breadcrumb"},"inLanguage":"en-US","potentialAction":[{"@type":"ReadAction","target":["https:\/\/www.fullo.net\/blog\/2007\/12\/17\/stacktrace-un-aperiodico-di-resistenza-informatica\/"]}]},{"@type":"ImageObject","inLanguage":"en-US","@id":"https:\/\/www.fullo.net\/blog\/2007\/12\/17\/stacktrace-un-aperiodico-di-resistenza-informatica\/#primaryimage","url":"http:\/\/stacktrace.it\/site_media\/banner\/medium-rectangle-1.gif","contentUrl":"http:\/\/stacktrace.it\/site_media\/banner\/medium-rectangle-1.gif"},{"@type":"BreadcrumbList","@id":"https:\/\/www.fullo.net\/blog\/2007\/12\/17\/stacktrace-un-aperiodico-di-resistenza-informatica\/#breadcrumb","itemListElement":[{"@type":"ListItem","position":1,"name":"Home","item":"https:\/\/www.fullo.net\/blog\/"},{"@type":"ListItem","position":2,"name":"Stacktrace, un aperiodico di resistenza informatica"}]},{"@type":"WebSite","@id":"https:\/\/www.fullo.net\/blog\/#website","url":"https:\/\/www.fullo.net\/blog\/","name":"Fullo","description":"nulla e&#039; impossibile per chi non lo deve fare!","publisher":{"@id":"https:\/\/www.fullo.net\/blog\/#\/schema\/person\/24e91bc6caea6c411a8668df5639428c"},"potentialAction":[{"@type":"SearchAction","target":{"@type":"EntryPoint","urlTemplate":"https:\/\/www.fullo.net\/blog\/?s={search_term_string}"},"query-input":{"@type":"PropertyValueSpecification","valueRequired":true,"valueName":"search_term_string"}}],"inLanguage":"en-US"},{"@type":["Person","Organization"],"@id":"https:\/\/www.fullo.net\/blog\/#\/schema\/person\/24e91bc6caea6c411a8668df5639428c","name":"Francesco Fullone","image":{"@type":"ImageObject","inLanguage":"en-US","@id":"https:\/\/i0.wp.com\/www.fullo.net\/blog\/wp-content\/uploads\/2024\/10\/hawiaina-gold-circled-white.png?fit=622%2C622&ssl=1","url":"https:\/\/i0.wp.com\/www.fullo.net\/blog\/wp-content\/uploads\/2024\/10\/hawiaina-gold-circled-white.png?fit=622%2C622&ssl=1","contentUrl":"https:\/\/i0.wp.com\/www.fullo.net\/blog\/wp-content\/uploads\/2024\/10\/hawiaina-gold-circled-white.png?fit=622%2C622&ssl=1","width":622,"height":622,"caption":"Francesco Fullone"},"logo":{"@id":"https:\/\/i0.wp.com\/www.fullo.net\/blog\/wp-content\/uploads\/2024\/10\/hawiaina-gold-circled-white.png?fit=622%2C622&ssl=1"},"sameAs":["http:\/\/www.fullo.net","https:\/\/www.linkedin.com\/in\/fullo","https:\/\/x.com\/fullo"],"url":"https:\/\/www.fullo.net\/blog\/author\/fullo\/"}]}},"jetpack_publicize_connections":[],"jetpack_featured_media_url":"","jetpack_sharing_enabled":true,"jetpack_shortlink":"https:\/\/wp.me\/p3OSc1-Cp","jetpack_likes_enabled":true,"jetpack-related-posts":[{"id":1864,"url":"https:\/\/www.fullo.net\/blog\/2006\/02\/03\/impara-a-contare-in-binario\/","url_meta":{"origin":2381,"position":0},"title":"Impara a contare in binario","author":"Francesco Fullone","date":"03\/02\/2006","format":false,"excerpt":"Contare in binario con le dita \u00e8 sempre stato un mio cavallo di battaglia da sfoderare alle feste di non informatici (e questo vi fa capire quanto sono malato), insieme al trucco del pollice che si stacca ed a quello del braccio che si allunga (non siate frivoli, intendevo proprio\u2026","rel":"","context":"In &quot;cazzate&quot;","block_context":{"text":"cazzate","link":"https:\/\/www.fullo.net\/blog\/category\/cazzate\/"},"img":{"alt_text":"","src":"","width":0,"height":0},"classes":[]},{"id":1880,"url":"https:\/\/www.fullo.net\/blog\/2006\/02\/20\/onnipresenza\/","url_meta":{"origin":2381,"position":1},"title":"Onnipresenza","author":"Francesco Fullone","date":"20\/02\/2006","format":false,"excerpt":"Essere multi-tasking oggigiorno non \u00e8 pi\u00f9 un optional, \u00e8 una necessit\u00e0. Soprattutto per chi fa dell'informatica il suo pane quotidiano e per a chi, questo pane, piace condirlo con decine di cose differenti. Saper passare da un argomento all'altro gestendo in contemporanea altri due lavoretti \u00e8, per me, all'ordine del\u2026","rel":"","context":"In &quot;pensieri&quot;","block_context":{"text":"pensieri","link":"https:\/\/www.fullo.net\/blog\/category\/pensieri\/"},"img":{"alt_text":"","src":"","width":0,"height":0},"classes":[]},{"id":2975,"url":"https:\/\/www.fullo.net\/blog\/2012\/03\/19\/facciamo-un-tech-hub-a-cesena\/","url_meta":{"origin":2381,"position":2},"title":"Facciamo un tech-hub a Cesena?","author":"Francesco Fullone","date":"19\/03\/2012","format":false,"excerpt":"L'idea \u00e8 venuta fuori un po' cos\u00ec per scherzo durante una sessione di release planning (e mentoring) con una startup: \"Perch\u00e8 non creiamo un cowo dove ospitare le proto-startup e le startup che di volta in volta ci vengono a chiedere supporto nel metodo e nella tecnologia?\". Dopo 30 minuti\u2026","rel":"","context":"In &quot;di tutto un po'&quot;","block_context":{"text":"di tutto un po'","link":"https:\/\/www.fullo.net\/blog\/category\/di-tutto-un-po\/"},"img":{"alt_text":"","src":"","width":0,"height":0},"classes":[]},{"id":1787,"url":"https:\/\/www.fullo.net\/blog\/2005\/11\/28\/una-piccola-precisazione-sul-pubblico-del-linuxday\/","url_meta":{"origin":2381,"position":3},"title":"Una piccola precisazione sul pubblico del LinuxDay","author":"Francesco Fullone","date":"28\/11\/2005","format":false,"excerpt":"Rileggendo il post di prima mi sono accorto di non aver precisato una cosa abbastanza importante. Nonostante le due giornate di conferenze si siano tenute all'interno del corso di laurea di Scienze dell'Informazione, gli studenti accorsi all'evento sono stati veramente pochi. La maggior parte dei visitatori infatti era composta da\u2026","rel":"","context":"In &quot;pensieri&quot;","block_context":{"text":"pensieri","link":"https:\/\/www.fullo.net\/blog\/category\/pensieri\/"},"img":{"alt_text":"","src":"","width":0,"height":0},"classes":[]},{"id":2334,"url":"https:\/\/www.fullo.net\/blog\/2007\/09\/18\/voglio-un-nabaztag\/","url_meta":{"origin":2381,"position":4},"title":"Voglio un Nabaztag","author":"Francesco Fullone","date":"18\/09\/2007","format":false,"excerpt":"Voglio un Nabaztag! Lo voglio perch\u00e9 \u00e8 wifi, e di reti a casa ne ho un bel po'! Lo voglio perch\u00e8 \u00e8 social ed usa twitter, ed anche io... molto... Lo voglio perch\u00e8 suona e condivide musica Lo voglio perch\u00e8 si possono modificare le orecchie, e quelle curacao mi piacciono\u2026","rel":"","context":"In &quot;pensieri&quot;","block_context":{"text":"pensieri","link":"https:\/\/www.fullo.net\/blog\/category\/pensieri\/"},"img":{"alt_text":"","src":"","width":0,"height":0},"classes":[]},{"id":2406,"url":"https:\/\/www.fullo.net\/blog\/2008\/02\/13\/di-blogdinner-socialita-e-maiali\/","url_meta":{"origin":2381,"position":5},"title":"Di BlogDinner, socialit\u00e0 e maiali.","author":"Francesco Fullone","date":"13\/02\/2008","format":false,"excerpt":"Che la blogdinner roMagnola si trasformi, sempre, in un guazzabuglio di discussioni poco o per niente serie ormai \u00e8 una certezza. Non so se sia dovuto al vinello, la grappa o solo agli stomaci pieni (nella migliore tradizione di panza ch\u00ecna fa c\u00e0ntari) resta il fatto che le 3 ore\u2026","rel":"","context":"In &quot;di tutto un po'&quot;","block_context":{"text":"di tutto un po'","link":"https:\/\/www.fullo.net\/blog\/category\/di-tutto-un-po\/"},"img":{"alt_text":"","src":"","width":0,"height":0},"classes":[]}],"_links":{"self":[{"href":"https:\/\/www.fullo.net\/blog\/wp-json\/wp\/v2\/posts\/2381","targetHints":{"allow":["GET"]}}],"collection":[{"href":"https:\/\/www.fullo.net\/blog\/wp-json\/wp\/v2\/posts"}],"about":[{"href":"https:\/\/www.fullo.net\/blog\/wp-json\/wp\/v2\/types\/post"}],"author":[{"embeddable":true,"href":"https:\/\/www.fullo.net\/blog\/wp-json\/wp\/v2\/users\/1"}],"replies":[{"embeddable":true,"href":"https:\/\/www.fullo.net\/blog\/wp-json\/wp\/v2\/comments?post=2381"}],"version-history":[{"count":0,"href":"https:\/\/www.fullo.net\/blog\/wp-json\/wp\/v2\/posts\/2381\/revisions"}],"wp:attachment":[{"href":"https:\/\/www.fullo.net\/blog\/wp-json\/wp\/v2\/media?parent=2381"}],"wp:term":[{"taxonomy":"category","embeddable":true,"href":"https:\/\/www.fullo.net\/blog\/wp-json\/wp\/v2\/categories?post=2381"},{"taxonomy":"post_tag","embeddable":true,"href":"https:\/\/www.fullo.net\/blog\/wp-json\/wp\/v2\/tags?post=2381"}],"curies":[{"name":"wp","href":"https:\/\/api.w.org\/{rel}","templated":true}]}}