{"id":2416,"date":"2008-03-27T08:09:33","date_gmt":"2008-03-27T07:09:33","guid":{"rendered":"https:\/\/www.fullo.net\/blog\/archives\/2008\/03\/27\/smettero-di-sentire-la-radio\/"},"modified":"2008-03-27T08:09:33","modified_gmt":"2008-03-27T07:09:33","slug":"smettero-di-sentire-la-radio","status":"publish","type":"post","link":"https:\/\/www.fullo.net\/blog\/2008\/03\/27\/smettero-di-sentire-la-radio\/","title":{"rendered":"Smetter\u00f2 di sentire la radio?"},"content":{"rendered":"<p>Finalmente da un anno a questa parte avevo trovato una <a href=\"http:\/\/www.radiorockfm.com\/\">radio<\/a> (via etere) che mi soddisfacesse veramente, sia come contenuti che come dj. Ho <a href=\"http:\/\/edorossi.blogspot.com\/2008\/03\/stavolta-finita-davvero.html\">appreso oggi<\/a> che la suddetta radio chiuder\u00e0 per &#8220;scelte editoriali&#8221;.<\/p>\n<p>Diciamocelo una radio che trasmette rock e metal in Italia non pu\u00f2 che finire cos\u00ec&#8230; :(<\/p>\n<p>Nel frattempo, sperando che qualcuno decida di comprarla e portarla avanti, penso che prender\u00f2 una nuova autoradio con supporto per chiavette usb&#8230;<\/p>\n<p>sigh!<\/p>\n","protected":false},"excerpt":{"rendered":"<p>Finalmente da un anno a questa parte avevo trovato una radio (via etere) che mi soddisfacesse veramente, sia come contenuti che come dj. Ho appreso oggi che la suddetta radio chiuder\u00e0 per &#8220;scelte editoriali&#8221;. Diciamocelo una radio che trasmette rock e metal in Italia non pu\u00f2 che finire cos\u00ec&#8230; :( Nel frattempo, sperando che qualcuno [&hellip;]<\/p>\n","protected":false},"author":1,"featured_media":0,"comment_status":"open","ping_status":"open","sticky":false,"template":"","format":"standard","meta":{"jetpack_post_was_ever_published":false,"_jetpack_newsletter_access":"","_jetpack_dont_email_post_to_subs":false,"_jetpack_newsletter_tier_id":0,"_jetpack_memberships_contains_paywalled_content":false,"_jetpack_memberships_contains_paid_content":false,"footnotes":"","jetpack_publicize_message":"","jetpack_publicize_feature_enabled":true,"jetpack_social_post_already_shared":false,"jetpack_social_options":{"image_generator_settings":{"template":"highway","default_image_id":0,"font":"","enabled":false},"version":2}},"categories":[1,4],"tags":[1972,341,1271,1971,197],"class_list":["post-2416","post","type-post","status-publish","format-standard","hentry","category-di-tutto-un-po","category-pensieri","tag-chiusura","tag-metal","tag-radio","tag-radiorockfm","tag-rock"],"yoast_head":"<!-- This site is optimized with the Yoast SEO plugin v27.5 - https:\/\/yoast.com\/product\/yoast-seo-wordpress\/ -->\n<title>Smetter\u00f2 di sentire la radio? - Fullo<\/title>\n<meta name=\"robots\" content=\"index, follow, max-snippet:-1, max-image-preview:large, max-video-preview:-1\" \/>\n<link rel=\"canonical\" href=\"https:\/\/www.fullo.net\/blog\/2008\/03\/27\/smettero-di-sentire-la-radio\/\" \/>\n<meta property=\"og:locale\" content=\"en_US\" \/>\n<meta property=\"og:type\" content=\"article\" \/>\n<meta property=\"og:title\" content=\"Smetter\u00f2 di sentire la radio? - Fullo\" \/>\n<meta property=\"og:description\" content=\"Finalmente da un anno a questa parte avevo trovato una radio (via etere) che mi soddisfacesse veramente, sia come contenuti che come dj. Ho appreso oggi che la suddetta radio chiuder\u00e0 per &#8220;scelte editoriali&#8221;. Diciamocelo una radio che trasmette rock e metal in Italia non pu\u00f2 che finire cos\u00ec&#8230; :( Nel frattempo, sperando che qualcuno [&hellip;]\" \/>\n<meta property=\"og:url\" content=\"https:\/\/www.fullo.net\/blog\/2008\/03\/27\/smettero-di-sentire-la-radio\/\" \/>\n<meta property=\"og:site_name\" content=\"Fullo\" \/>\n<meta property=\"article:published_time\" content=\"2008-03-27T07:09:33+00:00\" \/>\n<meta name=\"author\" content=\"Francesco Fullone\" \/>\n<meta name=\"twitter:card\" content=\"summary_large_image\" \/>\n<meta name=\"twitter:creator\" content=\"@fullo\" \/>\n<meta name=\"twitter:site\" content=\"@fullo\" \/>\n<meta name=\"twitter:label1\" content=\"Written by\" \/>\n\t<meta name=\"twitter:data1\" content=\"Francesco Fullone\" \/>\n<script type=\"application\/ld+json\" class=\"yoast-schema-graph\">{\"@context\":\"https:\\\/\\\/schema.org\",\"@graph\":[{\"@type\":\"Article\",\"@id\":\"https:\\\/\\\/www.fullo.net\\\/blog\\\/2008\\\/03\\\/27\\\/smettero-di-sentire-la-radio\\\/#article\",\"isPartOf\":{\"@id\":\"https:\\\/\\\/www.fullo.net\\\/blog\\\/2008\\\/03\\\/27\\\/smettero-di-sentire-la-radio\\\/\"},\"author\":{\"name\":\"Francesco Fullone\",\"@id\":\"https:\\\/\\\/www.fullo.net\\\/blog\\\/#\\\/schema\\\/person\\\/24e91bc6caea6c411a8668df5639428c\"},\"headline\":\"Smetter\u00f2 di sentire la radio?\",\"datePublished\":\"2008-03-27T07:09:33+00:00\",\"mainEntityOfPage\":{\"@id\":\"https:\\\/\\\/www.fullo.net\\\/blog\\\/2008\\\/03\\\/27\\\/smettero-di-sentire-la-radio\\\/\"},\"wordCount\":77,\"commentCount\":18,\"publisher\":{\"@id\":\"https:\\\/\\\/www.fullo.net\\\/blog\\\/#\\\/schema\\\/person\\\/24e91bc6caea6c411a8668df5639428c\"},\"keywords\":[\"chiusura\",\"metal\",\"radio\",\"radiorockfm\",\"rock\"],\"articleSection\":[\"di tutto un po'\",\"pensieri\"],\"inLanguage\":\"en-US\",\"potentialAction\":[{\"@type\":\"CommentAction\",\"name\":\"Comment\",\"target\":[\"https:\\\/\\\/www.fullo.net\\\/blog\\\/2008\\\/03\\\/27\\\/smettero-di-sentire-la-radio\\\/#respond\"]}]},{\"@type\":\"WebPage\",\"@id\":\"https:\\\/\\\/www.fullo.net\\\/blog\\\/2008\\\/03\\\/27\\\/smettero-di-sentire-la-radio\\\/\",\"url\":\"https:\\\/\\\/www.fullo.net\\\/blog\\\/2008\\\/03\\\/27\\\/smettero-di-sentire-la-radio\\\/\",\"name\":\"Smetter\u00f2 di sentire la radio? - Fullo\",\"isPartOf\":{\"@id\":\"https:\\\/\\\/www.fullo.net\\\/blog\\\/#website\"},\"datePublished\":\"2008-03-27T07:09:33+00:00\",\"breadcrumb\":{\"@id\":\"https:\\\/\\\/www.fullo.net\\\/blog\\\/2008\\\/03\\\/27\\\/smettero-di-sentire-la-radio\\\/#breadcrumb\"},\"inLanguage\":\"en-US\",\"potentialAction\":[{\"@type\":\"ReadAction\",\"target\":[\"https:\\\/\\\/www.fullo.net\\\/blog\\\/2008\\\/03\\\/27\\\/smettero-di-sentire-la-radio\\\/\"]}]},{\"@type\":\"BreadcrumbList\",\"@id\":\"https:\\\/\\\/www.fullo.net\\\/blog\\\/2008\\\/03\\\/27\\\/smettero-di-sentire-la-radio\\\/#breadcrumb\",\"itemListElement\":[{\"@type\":\"ListItem\",\"position\":1,\"name\":\"Home\",\"item\":\"https:\\\/\\\/www.fullo.net\\\/blog\\\/\"},{\"@type\":\"ListItem\",\"position\":2,\"name\":\"Smetter\u00f2 di sentire la radio?\"}]},{\"@type\":\"WebSite\",\"@id\":\"https:\\\/\\\/www.fullo.net\\\/blog\\\/#website\",\"url\":\"https:\\\/\\\/www.fullo.net\\\/blog\\\/\",\"name\":\"Fullo\",\"description\":\"nulla e&#039; impossibile per chi non lo deve fare!\",\"publisher\":{\"@id\":\"https:\\\/\\\/www.fullo.net\\\/blog\\\/#\\\/schema\\\/person\\\/24e91bc6caea6c411a8668df5639428c\"},\"potentialAction\":[{\"@type\":\"SearchAction\",\"target\":{\"@type\":\"EntryPoint\",\"urlTemplate\":\"https:\\\/\\\/www.fullo.net\\\/blog\\\/?s={search_term_string}\"},\"query-input\":{\"@type\":\"PropertyValueSpecification\",\"valueRequired\":true,\"valueName\":\"search_term_string\"}}],\"inLanguage\":\"en-US\"},{\"@type\":[\"Person\",\"Organization\"],\"@id\":\"https:\\\/\\\/www.fullo.net\\\/blog\\\/#\\\/schema\\\/person\\\/24e91bc6caea6c411a8668df5639428c\",\"name\":\"Francesco Fullone\",\"image\":{\"@type\":\"ImageObject\",\"inLanguage\":\"en-US\",\"@id\":\"https:\\\/\\\/i0.wp.com\\\/www.fullo.net\\\/blog\\\/wp-content\\\/uploads\\\/2024\\\/10\\\/hawiaina-gold-circled-white.png?fit=622%2C622&ssl=1\",\"url\":\"https:\\\/\\\/i0.wp.com\\\/www.fullo.net\\\/blog\\\/wp-content\\\/uploads\\\/2024\\\/10\\\/hawiaina-gold-circled-white.png?fit=622%2C622&ssl=1\",\"contentUrl\":\"https:\\\/\\\/i0.wp.com\\\/www.fullo.net\\\/blog\\\/wp-content\\\/uploads\\\/2024\\\/10\\\/hawiaina-gold-circled-white.png?fit=622%2C622&ssl=1\",\"width\":622,\"height\":622,\"caption\":\"Francesco Fullone\"},\"logo\":{\"@id\":\"https:\\\/\\\/i0.wp.com\\\/www.fullo.net\\\/blog\\\/wp-content\\\/uploads\\\/2024\\\/10\\\/hawiaina-gold-circled-white.png?fit=622%2C622&ssl=1\"},\"sameAs\":[\"http:\\\/\\\/www.fullo.net\",\"https:\\\/\\\/www.linkedin.com\\\/in\\\/fullo\",\"https:\\\/\\\/x.com\\\/fullo\"],\"url\":\"https:\\\/\\\/www.fullo.net\\\/blog\\\/author\\\/fullo\\\/\"}]}<\/script>\n<!-- \/ Yoast SEO plugin. -->","yoast_head_json":{"title":"Smetter\u00f2 di sentire la radio? - Fullo","robots":{"index":"index","follow":"follow","max-snippet":"max-snippet:-1","max-image-preview":"max-image-preview:large","max-video-preview":"max-video-preview:-1"},"canonical":"https:\/\/www.fullo.net\/blog\/2008\/03\/27\/smettero-di-sentire-la-radio\/","og_locale":"en_US","og_type":"article","og_title":"Smetter\u00f2 di sentire la radio? - Fullo","og_description":"Finalmente da un anno a questa parte avevo trovato una radio (via etere) che mi soddisfacesse veramente, sia come contenuti che come dj. Ho appreso oggi che la suddetta radio chiuder\u00e0 per &#8220;scelte editoriali&#8221;. Diciamocelo una radio che trasmette rock e metal in Italia non pu\u00f2 che finire cos\u00ec&#8230; :( Nel frattempo, sperando che qualcuno [&hellip;]","og_url":"https:\/\/www.fullo.net\/blog\/2008\/03\/27\/smettero-di-sentire-la-radio\/","og_site_name":"Fullo","article_published_time":"2008-03-27T07:09:33+00:00","author":"Francesco Fullone","twitter_card":"summary_large_image","twitter_creator":"@fullo","twitter_site":"@fullo","twitter_misc":{"Written by":"Francesco Fullone"},"schema":{"@context":"https:\/\/schema.org","@graph":[{"@type":"Article","@id":"https:\/\/www.fullo.net\/blog\/2008\/03\/27\/smettero-di-sentire-la-radio\/#article","isPartOf":{"@id":"https:\/\/www.fullo.net\/blog\/2008\/03\/27\/smettero-di-sentire-la-radio\/"},"author":{"name":"Francesco Fullone","@id":"https:\/\/www.fullo.net\/blog\/#\/schema\/person\/24e91bc6caea6c411a8668df5639428c"},"headline":"Smetter\u00f2 di sentire la radio?","datePublished":"2008-03-27T07:09:33+00:00","mainEntityOfPage":{"@id":"https:\/\/www.fullo.net\/blog\/2008\/03\/27\/smettero-di-sentire-la-radio\/"},"wordCount":77,"commentCount":18,"publisher":{"@id":"https:\/\/www.fullo.net\/blog\/#\/schema\/person\/24e91bc6caea6c411a8668df5639428c"},"keywords":["chiusura","metal","radio","radiorockfm","rock"],"articleSection":["di tutto un po'","pensieri"],"inLanguage":"en-US","potentialAction":[{"@type":"CommentAction","name":"Comment","target":["https:\/\/www.fullo.net\/blog\/2008\/03\/27\/smettero-di-sentire-la-radio\/#respond"]}]},{"@type":"WebPage","@id":"https:\/\/www.fullo.net\/blog\/2008\/03\/27\/smettero-di-sentire-la-radio\/","url":"https:\/\/www.fullo.net\/blog\/2008\/03\/27\/smettero-di-sentire-la-radio\/","name":"Smetter\u00f2 di sentire la radio? - Fullo","isPartOf":{"@id":"https:\/\/www.fullo.net\/blog\/#website"},"datePublished":"2008-03-27T07:09:33+00:00","breadcrumb":{"@id":"https:\/\/www.fullo.net\/blog\/2008\/03\/27\/smettero-di-sentire-la-radio\/#breadcrumb"},"inLanguage":"en-US","potentialAction":[{"@type":"ReadAction","target":["https:\/\/www.fullo.net\/blog\/2008\/03\/27\/smettero-di-sentire-la-radio\/"]}]},{"@type":"BreadcrumbList","@id":"https:\/\/www.fullo.net\/blog\/2008\/03\/27\/smettero-di-sentire-la-radio\/#breadcrumb","itemListElement":[{"@type":"ListItem","position":1,"name":"Home","item":"https:\/\/www.fullo.net\/blog\/"},{"@type":"ListItem","position":2,"name":"Smetter\u00f2 di sentire la radio?"}]},{"@type":"WebSite","@id":"https:\/\/www.fullo.net\/blog\/#website","url":"https:\/\/www.fullo.net\/blog\/","name":"Fullo","description":"nulla e&#039; impossibile per chi non lo deve fare!","publisher":{"@id":"https:\/\/www.fullo.net\/blog\/#\/schema\/person\/24e91bc6caea6c411a8668df5639428c"},"potentialAction":[{"@type":"SearchAction","target":{"@type":"EntryPoint","urlTemplate":"https:\/\/www.fullo.net\/blog\/?s={search_term_string}"},"query-input":{"@type":"PropertyValueSpecification","valueRequired":true,"valueName":"search_term_string"}}],"inLanguage":"en-US"},{"@type":["Person","Organization"],"@id":"https:\/\/www.fullo.net\/blog\/#\/schema\/person\/24e91bc6caea6c411a8668df5639428c","name":"Francesco Fullone","image":{"@type":"ImageObject","inLanguage":"en-US","@id":"https:\/\/i0.wp.com\/www.fullo.net\/blog\/wp-content\/uploads\/2024\/10\/hawiaina-gold-circled-white.png?fit=622%2C622&ssl=1","url":"https:\/\/i0.wp.com\/www.fullo.net\/blog\/wp-content\/uploads\/2024\/10\/hawiaina-gold-circled-white.png?fit=622%2C622&ssl=1","contentUrl":"https:\/\/i0.wp.com\/www.fullo.net\/blog\/wp-content\/uploads\/2024\/10\/hawiaina-gold-circled-white.png?fit=622%2C622&ssl=1","width":622,"height":622,"caption":"Francesco Fullone"},"logo":{"@id":"https:\/\/i0.wp.com\/www.fullo.net\/blog\/wp-content\/uploads\/2024\/10\/hawiaina-gold-circled-white.png?fit=622%2C622&ssl=1"},"sameAs":["http:\/\/www.fullo.net","https:\/\/www.linkedin.com\/in\/fullo","https:\/\/x.com\/fullo"],"url":"https:\/\/www.fullo.net\/blog\/author\/fullo\/"}]}},"jetpack_publicize_connections":[],"jetpack_featured_media_url":"","jetpack_sharing_enabled":true,"jetpack_shortlink":"https:\/\/wp.me\/p3OSc1-CY","jetpack_likes_enabled":true,"jetpack-related-posts":[{"id":2020,"url":"https:\/\/www.fullo.net\/blog\/2006\/07\/31\/lettore-mp3-da-auto-via-radio\/","url_meta":{"origin":2416,"position":0},"title":"Lettore MP3 da auto (via radio)","author":"Francesco Fullone","date":"31\/07\/2006","format":false,"excerpt":"Sto per partire per delle ferie itineranti e non avendo ancora acquistato un lettore MP3 decente, ma soprattutto sicuramente funzionante in auto (qualsiasi auto), ho deciso di provare un trasmettitore radio che si potesse alimentare direttamente sulla 12V. L'occhio \u00e8 andato su questo HEMP3CAR che oltre a supportare il classico\u2026","rel":"","context":"In &quot;di tutto un po'&quot;","block_context":{"text":"di tutto un po'","link":"https:\/\/www.fullo.net\/blog\/category\/di-tutto-un-po\/"},"img":{"alt_text":"HEMP3CAR, ascolta l'ipod tramite autoradio","src":"https:\/\/i0.wp.com\/www.youbuy.it\/280x280\/hemp1bg.jpg?resize=350%2C200","width":350,"height":200},"classes":[]},{"id":1977,"url":"https:\/\/www.fullo.net\/blog\/2006\/06\/08\/intervista-su-playradio\/","url_meta":{"origin":2416,"position":1},"title":"Intervista su PlayRadio","author":"Francesco Fullone","date":"08\/06\/2006","format":false,"excerpt":"Siccome tutti fanno podcasting io vado in radio... :) Ieri sera mi hanno intervistato su PlayRadio riguardo ad una news che avevo passato ad alcuni miei colleghi di blogo. La notizia riguardava un pazzoide che ha aperto un blog per far vedere al mondo cosa succede se si mangia del\u2026","rel":"","context":"In &quot;di tutto un po'&quot;","block_context":{"text":"di tutto un po'","link":"https:\/\/www.fullo.net\/blog\/category\/di-tutto-un-po\/"},"img":{"alt_text":"","src":"","width":0,"height":0},"classes":[]},{"id":277,"url":"https:\/\/www.fullo.net\/blog\/2003\/06\/01\/streamripper\/","url_meta":{"origin":2416,"position":2},"title":"streamripper","author":"Francesco Fullone","date":"01\/06\/2003","format":false,"excerpt":"sotto suggerimento jatto ho scaricato streamripper. Questo simpatico programmillo permette di scaricarsi ed encodarsi al volo in mp3 le varie radio che trasmetto su internet streaming e per semplificare la cosa ne mette a disposizione una nutrita lista ben selezionate ed indicizzate! :D ciuaz","rel":"","context":"In &quot;tecnologia&quot;","block_context":{"text":"tecnologia","link":"https:\/\/www.fullo.net\/blog\/category\/tecnologia\/"},"img":{"alt_text":"","src":"","width":0,"height":0},"classes":[]},{"id":1725,"url":"https:\/\/www.fullo.net\/blog\/2005\/11\/03\/drm-sony-e-rootkit\/","url_meta":{"origin":2416,"position":3},"title":"DRM, Sony e rootkit","author":"Francesco Fullone","date":"03\/11\/2005","format":false,"excerpt":"Del Rootkit di Sony ne ho parlato qualche giorno fa su Downloadblog.it, quello che non sapevo \u00e8 che se viene disinstallato impedisce il corretto utilizzo del lettore CD del proprio computer. F-Secure pubblica questa notizia insiema all'avviso che l'unico modo per rimuovere il software malevolo \u00e8 di chiedere il permesso\u2026","rel":"","context":"In &quot;pensieri&quot;","block_context":{"text":"pensieri","link":"https:\/\/www.fullo.net\/blog\/category\/pensieri\/"},"img":{"alt_text":"","src":"","width":0,"height":0},"classes":[]},{"id":1423,"url":"https:\/\/www.fullo.net\/blog\/2005\/05\/30\/i-concerti-che-voglio-vedere-questestate\/","url_meta":{"origin":2416,"position":4},"title":"i concerti che voglio vedere quest&#8217;estate","author":"Francesco Fullone","date":"30\/05\/2005","format":false,"excerpt":"vista la delusione pistoia blues i concerti papabili per l'estate sono: 12-06 Gods of Metal (solo il secondo giorno) a Bologna 09-07 Jethro Tull all'Estivaljazz di Lugano oppure in alternativa al concerto di Cattolica 11-08 Uriah Heep al Venice Rock Festival ciuaz","rel":"","context":"In &quot;pensieri&quot;","block_context":{"text":"pensieri","link":"https:\/\/www.fullo.net\/blog\/category\/pensieri\/"},"img":{"alt_text":"","src":"","width":0,"height":0},"classes":[]},{"id":1066,"url":"https:\/\/www.fullo.net\/blog\/2004\/10\/22\/il-lavoro-dellinformatico\/","url_meta":{"origin":2416,"position":5},"title":"il lavoro dell&#8217;informatico","author":"Francesco Fullone","date":"22\/10\/2004","format":false,"excerpt":"pubblico volentieri questa breve storiella zen che mi \u00e8 arrivata oggi per mail Alcune volte e' sbagliato giudicare un'attivita' semplicemente per il tempo che occorre realizzarla... Un buon esempio e' il caso del sistemista che e' stato chiamato per aggiustare un computer molto grande ed estremamente complesso...un computer che valeva\u2026","rel":"","context":"In &quot;di tutto un po'&quot;","block_context":{"text":"di tutto un po'","link":"https:\/\/www.fullo.net\/blog\/category\/di-tutto-un-po\/"},"img":{"alt_text":"","src":"","width":0,"height":0},"classes":[]}],"_links":{"self":[{"href":"https:\/\/www.fullo.net\/blog\/wp-json\/wp\/v2\/posts\/2416","targetHints":{"allow":["GET"]}}],"collection":[{"href":"https:\/\/www.fullo.net\/blog\/wp-json\/wp\/v2\/posts"}],"about":[{"href":"https:\/\/www.fullo.net\/blog\/wp-json\/wp\/v2\/types\/post"}],"author":[{"embeddable":true,"href":"https:\/\/www.fullo.net\/blog\/wp-json\/wp\/v2\/users\/1"}],"replies":[{"embeddable":true,"href":"https:\/\/www.fullo.net\/blog\/wp-json\/wp\/v2\/comments?post=2416"}],"version-history":[{"count":0,"href":"https:\/\/www.fullo.net\/blog\/wp-json\/wp\/v2\/posts\/2416\/revisions"}],"wp:attachment":[{"href":"https:\/\/www.fullo.net\/blog\/wp-json\/wp\/v2\/media?parent=2416"}],"wp:term":[{"taxonomy":"category","embeddable":true,"href":"https:\/\/www.fullo.net\/blog\/wp-json\/wp\/v2\/categories?post=2416"},{"taxonomy":"post_tag","embeddable":true,"href":"https:\/\/www.fullo.net\/blog\/wp-json\/wp\/v2\/tags?post=2416"}],"curies":[{"name":"wp","href":"https:\/\/api.w.org\/{rel}","templated":true}]}}