{"id":2439,"date":"2008-07-12T16:56:54","date_gmt":"2008-07-12T15:56:54","guid":{"rendered":"https:\/\/www.fullo.net\/blog\/?p=2439"},"modified":"2008-07-12T18:49:19","modified_gmt":"2008-07-12T17:49:19","slug":"di-techtalk-web20-ed-altro","status":"publish","type":"post","link":"https:\/\/www.fullo.net\/blog\/2008\/07\/12\/di-techtalk-web20-ed-altro\/","title":{"rendered":"Di TechTalk, web2.0 ed imprenditoria."},"content":{"rendered":"<p>Da quando sono tornato a fare l&#8217; &#8220;<em>imprenditore<\/em>&#8221; sto vivendo una fase della mia vita alquanto interessante e movimentata.<\/p>\n<p>Il <a href=\"http:\/\/netwo.it\/2008\/06\/19\/techtalk-italia\/\">TechTalk<\/a> ne \u00e8 stato appunto un esempio lampante. <\/p>\n<p>Tralasciando il &#8220;<a href=\"http:\/\/flickr.com\/photos\/frandrakesphoto\/2645806856\/\"><em>calcio fiorentino da piscina<\/em><\/a>&#8221; di cui mi porto ancora dietro i lividi, l&#8217;evento\/weekend mi ha permesso di discutere di progetti (concreti) che nella precedente vita da (quasi-)libero professionista avrei potuto vedere solo marginalmente o peggio dall&#8217;esterno e non come attore partecipante.<\/p>\n<p>E&#8217; anche interessante notare come molti dei blogger, fancazzari e\/o geek con cui ho passato piacevoli giornate durante i vari barcamp degli scorsi anni, stiano sempre pi\u00f9 diventando i punti di riferimento per l&#8217;internet 2.0 che sta (lentamente) evolvendosi in Italia. Questo non perch\u00e8 siano bravi ad essere blogger-fancazzari [che \u00e8 sempre importante ;)] ma perch\u00e8 effettivamente il know-how acquisito in questi anni di scambi di &#8220;<em>informazioni dal basso<\/em>&#8220;, la voglia di crescere professionalmente e soprattuto la capacit\u00e0 farlo li\/ci ha resi pi\u00f9 attenti alle novit\u00e0 e vicini al modo di pensare e progettare il web come oltre confine.<\/p>\n<p>Non a caso proprio questi individui hanno iniziato percorsi simili al mio, facendo partecipare al TechTalk un numero di aziende triplo rispetto alla scorsa edizione con un paio di progetti\/startup attive procapite.<\/p>\n<p>Altra cosa interessante \u00e8 che il modello di business di quasi tutti sia basato sul principio della <a href=\"http:\/\/it.wikipedia.org\/wiki\/Coda_lunga\">coda lunga<\/a>. Siamo tutti specializzati in qualcosa, chi in comunicazione, chi in sviluppo (agile e non), chi in UX e chi in IA. E tutti progettiamo con una unica preoccupazione, dare il meglio nel nostro campo ed creare partnership per offrire al cliente la migliore soluzione.<\/p>\n<p>Niente pi\u00f9 <em>web agency spaghetti-code<\/em> che offrono di tutto e di pi\u00f9 ma tante micro imprese flessibili e settorializzate che collaborano tra di loro (come in un social network) per portare avanti progetti web di qualsiasi dimensioni.<\/p>\n<p>Ormai la rivoluzione \u00e8 alle porte, adesso dobbiamo solo <em>formare i clienti<\/em>&#8230;. ;)<\/p>\n<p>ciuaz<\/p>\n","protected":false},"excerpt":{"rendered":"<p>Da quando sono tornato a fare l&#8217; &#8220;imprenditore&#8221; sto vivendo una fase della mia vita alquanto interessante e movimentata. Il TechTalk ne \u00e8 stato appunto un esempio lampante. Tralasciando il &#8220;calcio fiorentino da piscina&#8221; di cui mi porto ancora dietro i lividi, l&#8217;evento\/weekend mi ha permesso di discutere di progetti (concreti) che nella precedente vita [&hellip;]<\/p>\n","protected":false},"author":1,"featured_media":0,"comment_status":"open","ping_status":"open","sticky":false,"template":"","format":"standard","meta":{"jetpack_post_was_ever_published":false,"_jetpack_newsletter_access":"","_jetpack_dont_email_post_to_subs":false,"_jetpack_newsletter_tier_id":0,"_jetpack_memberships_contains_paywalled_content":false,"_jetpack_memberships_contains_paid_content":false,"footnotes":"","jetpack_publicize_message":"","jetpack_publicize_feature_enabled":true,"jetpack_social_post_already_shared":false,"jetpack_social_options":{"image_generator_settings":{"template":"highway","default_image_id":0,"font":"","enabled":false},"version":2}},"categories":[17,4,5],"tags":[2254,1998,1962,1997,1996,677],"class_list":["post-2439","post","type-post","status-publish","format-standard","hentry","category-eventi","category-pensieri","category-tecnologia","tag-eventi","tag-firenzuola","tag-ideato","tag-techtalk","tag-techtalk08","tag-web20"],"yoast_head":"<!-- This site is optimized with the Yoast SEO plugin v27.5 - https:\/\/yoast.com\/product\/yoast-seo-wordpress\/ -->\n<title>Di TechTalk, web2.0 ed imprenditoria. - Fullo<\/title>\n<meta name=\"robots\" content=\"index, follow, max-snippet:-1, max-image-preview:large, max-video-preview:-1\" \/>\n<link rel=\"canonical\" href=\"https:\/\/www.fullo.net\/blog\/2008\/07\/12\/di-techtalk-web20-ed-altro\/\" \/>\n<meta property=\"og:locale\" content=\"en_US\" \/>\n<meta property=\"og:type\" content=\"article\" \/>\n<meta property=\"og:title\" content=\"Di TechTalk, web2.0 ed imprenditoria. - Fullo\" \/>\n<meta property=\"og:description\" content=\"Da quando sono tornato a fare l&#8217; &#8220;imprenditore&#8221; sto vivendo una fase della mia vita alquanto interessante e movimentata. Il TechTalk ne \u00e8 stato appunto un esempio lampante. Tralasciando il &#8220;calcio fiorentino da piscina&#8221; di cui mi porto ancora dietro i lividi, l&#8217;evento\/weekend mi ha permesso di discutere di progetti (concreti) che nella precedente vita [&hellip;]\" \/>\n<meta property=\"og:url\" content=\"https:\/\/www.fullo.net\/blog\/2008\/07\/12\/di-techtalk-web20-ed-altro\/\" \/>\n<meta property=\"og:site_name\" content=\"Fullo\" \/>\n<meta property=\"article:published_time\" content=\"2008-07-12T15:56:54+00:00\" \/>\n<meta property=\"article:modified_time\" content=\"2008-07-12T17:49:19+00:00\" \/>\n<meta name=\"author\" content=\"Francesco Fullone\" \/>\n<meta name=\"twitter:card\" content=\"summary_large_image\" \/>\n<meta name=\"twitter:creator\" content=\"@fullo\" \/>\n<meta name=\"twitter:site\" content=\"@fullo\" \/>\n<meta name=\"twitter:label1\" content=\"Written by\" \/>\n\t<meta name=\"twitter:data1\" content=\"Francesco Fullone\" \/>\n\t<meta name=\"twitter:label2\" content=\"Est. reading time\" \/>\n\t<meta name=\"twitter:data2\" content=\"2 minutes\" \/>\n<script type=\"application\/ld+json\" class=\"yoast-schema-graph\">{\"@context\":\"https:\\\/\\\/schema.org\",\"@graph\":[{\"@type\":\"Article\",\"@id\":\"https:\\\/\\\/www.fullo.net\\\/blog\\\/2008\\\/07\\\/12\\\/di-techtalk-web20-ed-altro\\\/#article\",\"isPartOf\":{\"@id\":\"https:\\\/\\\/www.fullo.net\\\/blog\\\/2008\\\/07\\\/12\\\/di-techtalk-web20-ed-altro\\\/\"},\"author\":{\"name\":\"Francesco Fullone\",\"@id\":\"https:\\\/\\\/www.fullo.net\\\/blog\\\/#\\\/schema\\\/person\\\/24e91bc6caea6c411a8668df5639428c\"},\"headline\":\"Di TechTalk, web2.0 ed imprenditoria.\",\"datePublished\":\"2008-07-12T15:56:54+00:00\",\"dateModified\":\"2008-07-12T17:49:19+00:00\",\"mainEntityOfPage\":{\"@id\":\"https:\\\/\\\/www.fullo.net\\\/blog\\\/2008\\\/07\\\/12\\\/di-techtalk-web20-ed-altro\\\/\"},\"wordCount\":322,\"commentCount\":4,\"publisher\":{\"@id\":\"https:\\\/\\\/www.fullo.net\\\/blog\\\/#\\\/schema\\\/person\\\/24e91bc6caea6c411a8668df5639428c\"},\"keywords\":[\"eventi\",\"firenzuola\",\"ideato\",\"techtalk\",\"techtalk08\",\"web2.0\"],\"articleSection\":[\"eventi\",\"pensieri\",\"tecnologia\"],\"inLanguage\":\"en-US\",\"potentialAction\":[{\"@type\":\"CommentAction\",\"name\":\"Comment\",\"target\":[\"https:\\\/\\\/www.fullo.net\\\/blog\\\/2008\\\/07\\\/12\\\/di-techtalk-web20-ed-altro\\\/#respond\"]}]},{\"@type\":\"WebPage\",\"@id\":\"https:\\\/\\\/www.fullo.net\\\/blog\\\/2008\\\/07\\\/12\\\/di-techtalk-web20-ed-altro\\\/\",\"url\":\"https:\\\/\\\/www.fullo.net\\\/blog\\\/2008\\\/07\\\/12\\\/di-techtalk-web20-ed-altro\\\/\",\"name\":\"Di TechTalk, web2.0 ed imprenditoria. - Fullo\",\"isPartOf\":{\"@id\":\"https:\\\/\\\/www.fullo.net\\\/blog\\\/#website\"},\"datePublished\":\"2008-07-12T15:56:54+00:00\",\"dateModified\":\"2008-07-12T17:49:19+00:00\",\"breadcrumb\":{\"@id\":\"https:\\\/\\\/www.fullo.net\\\/blog\\\/2008\\\/07\\\/12\\\/di-techtalk-web20-ed-altro\\\/#breadcrumb\"},\"inLanguage\":\"en-US\",\"potentialAction\":[{\"@type\":\"ReadAction\",\"target\":[\"https:\\\/\\\/www.fullo.net\\\/blog\\\/2008\\\/07\\\/12\\\/di-techtalk-web20-ed-altro\\\/\"]}]},{\"@type\":\"BreadcrumbList\",\"@id\":\"https:\\\/\\\/www.fullo.net\\\/blog\\\/2008\\\/07\\\/12\\\/di-techtalk-web20-ed-altro\\\/#breadcrumb\",\"itemListElement\":[{\"@type\":\"ListItem\",\"position\":1,\"name\":\"Home\",\"item\":\"https:\\\/\\\/www.fullo.net\\\/blog\\\/\"},{\"@type\":\"ListItem\",\"position\":2,\"name\":\"Di TechTalk, web2.0 ed imprenditoria.\"}]},{\"@type\":\"WebSite\",\"@id\":\"https:\\\/\\\/www.fullo.net\\\/blog\\\/#website\",\"url\":\"https:\\\/\\\/www.fullo.net\\\/blog\\\/\",\"name\":\"Fullo\",\"description\":\"nulla e&#039; impossibile per chi non lo deve fare!\",\"publisher\":{\"@id\":\"https:\\\/\\\/www.fullo.net\\\/blog\\\/#\\\/schema\\\/person\\\/24e91bc6caea6c411a8668df5639428c\"},\"potentialAction\":[{\"@type\":\"SearchAction\",\"target\":{\"@type\":\"EntryPoint\",\"urlTemplate\":\"https:\\\/\\\/www.fullo.net\\\/blog\\\/?s={search_term_string}\"},\"query-input\":{\"@type\":\"PropertyValueSpecification\",\"valueRequired\":true,\"valueName\":\"search_term_string\"}}],\"inLanguage\":\"en-US\"},{\"@type\":[\"Person\",\"Organization\"],\"@id\":\"https:\\\/\\\/www.fullo.net\\\/blog\\\/#\\\/schema\\\/person\\\/24e91bc6caea6c411a8668df5639428c\",\"name\":\"Francesco Fullone\",\"image\":{\"@type\":\"ImageObject\",\"inLanguage\":\"en-US\",\"@id\":\"https:\\\/\\\/i0.wp.com\\\/www.fullo.net\\\/blog\\\/wp-content\\\/uploads\\\/2024\\\/10\\\/hawiaina-gold-circled-white.png?fit=622%2C622&ssl=1\",\"url\":\"https:\\\/\\\/i0.wp.com\\\/www.fullo.net\\\/blog\\\/wp-content\\\/uploads\\\/2024\\\/10\\\/hawiaina-gold-circled-white.png?fit=622%2C622&ssl=1\",\"contentUrl\":\"https:\\\/\\\/i0.wp.com\\\/www.fullo.net\\\/blog\\\/wp-content\\\/uploads\\\/2024\\\/10\\\/hawiaina-gold-circled-white.png?fit=622%2C622&ssl=1\",\"width\":622,\"height\":622,\"caption\":\"Francesco Fullone\"},\"logo\":{\"@id\":\"https:\\\/\\\/i0.wp.com\\\/www.fullo.net\\\/blog\\\/wp-content\\\/uploads\\\/2024\\\/10\\\/hawiaina-gold-circled-white.png?fit=622%2C622&ssl=1\"},\"sameAs\":[\"http:\\\/\\\/www.fullo.net\",\"https:\\\/\\\/www.linkedin.com\\\/in\\\/fullo\",\"https:\\\/\\\/x.com\\\/fullo\"],\"url\":\"https:\\\/\\\/www.fullo.net\\\/blog\\\/author\\\/fullo\\\/\"}]}<\/script>\n<!-- \/ Yoast SEO plugin. -->","yoast_head_json":{"title":"Di TechTalk, web2.0 ed imprenditoria. - Fullo","robots":{"index":"index","follow":"follow","max-snippet":"max-snippet:-1","max-image-preview":"max-image-preview:large","max-video-preview":"max-video-preview:-1"},"canonical":"https:\/\/www.fullo.net\/blog\/2008\/07\/12\/di-techtalk-web20-ed-altro\/","og_locale":"en_US","og_type":"article","og_title":"Di TechTalk, web2.0 ed imprenditoria. - Fullo","og_description":"Da quando sono tornato a fare l&#8217; &#8220;imprenditore&#8221; sto vivendo una fase della mia vita alquanto interessante e movimentata. Il TechTalk ne \u00e8 stato appunto un esempio lampante. Tralasciando il &#8220;calcio fiorentino da piscina&#8221; di cui mi porto ancora dietro i lividi, l&#8217;evento\/weekend mi ha permesso di discutere di progetti (concreti) che nella precedente vita [&hellip;]","og_url":"https:\/\/www.fullo.net\/blog\/2008\/07\/12\/di-techtalk-web20-ed-altro\/","og_site_name":"Fullo","article_published_time":"2008-07-12T15:56:54+00:00","article_modified_time":"2008-07-12T17:49:19+00:00","author":"Francesco Fullone","twitter_card":"summary_large_image","twitter_creator":"@fullo","twitter_site":"@fullo","twitter_misc":{"Written by":"Francesco Fullone","Est. reading time":"2 minutes"},"schema":{"@context":"https:\/\/schema.org","@graph":[{"@type":"Article","@id":"https:\/\/www.fullo.net\/blog\/2008\/07\/12\/di-techtalk-web20-ed-altro\/#article","isPartOf":{"@id":"https:\/\/www.fullo.net\/blog\/2008\/07\/12\/di-techtalk-web20-ed-altro\/"},"author":{"name":"Francesco Fullone","@id":"https:\/\/www.fullo.net\/blog\/#\/schema\/person\/24e91bc6caea6c411a8668df5639428c"},"headline":"Di TechTalk, web2.0 ed imprenditoria.","datePublished":"2008-07-12T15:56:54+00:00","dateModified":"2008-07-12T17:49:19+00:00","mainEntityOfPage":{"@id":"https:\/\/www.fullo.net\/blog\/2008\/07\/12\/di-techtalk-web20-ed-altro\/"},"wordCount":322,"commentCount":4,"publisher":{"@id":"https:\/\/www.fullo.net\/blog\/#\/schema\/person\/24e91bc6caea6c411a8668df5639428c"},"keywords":["eventi","firenzuola","ideato","techtalk","techtalk08","web2.0"],"articleSection":["eventi","pensieri","tecnologia"],"inLanguage":"en-US","potentialAction":[{"@type":"CommentAction","name":"Comment","target":["https:\/\/www.fullo.net\/blog\/2008\/07\/12\/di-techtalk-web20-ed-altro\/#respond"]}]},{"@type":"WebPage","@id":"https:\/\/www.fullo.net\/blog\/2008\/07\/12\/di-techtalk-web20-ed-altro\/","url":"https:\/\/www.fullo.net\/blog\/2008\/07\/12\/di-techtalk-web20-ed-altro\/","name":"Di TechTalk, web2.0 ed imprenditoria. - Fullo","isPartOf":{"@id":"https:\/\/www.fullo.net\/blog\/#website"},"datePublished":"2008-07-12T15:56:54+00:00","dateModified":"2008-07-12T17:49:19+00:00","breadcrumb":{"@id":"https:\/\/www.fullo.net\/blog\/2008\/07\/12\/di-techtalk-web20-ed-altro\/#breadcrumb"},"inLanguage":"en-US","potentialAction":[{"@type":"ReadAction","target":["https:\/\/www.fullo.net\/blog\/2008\/07\/12\/di-techtalk-web20-ed-altro\/"]}]},{"@type":"BreadcrumbList","@id":"https:\/\/www.fullo.net\/blog\/2008\/07\/12\/di-techtalk-web20-ed-altro\/#breadcrumb","itemListElement":[{"@type":"ListItem","position":1,"name":"Home","item":"https:\/\/www.fullo.net\/blog\/"},{"@type":"ListItem","position":2,"name":"Di TechTalk, web2.0 ed imprenditoria."}]},{"@type":"WebSite","@id":"https:\/\/www.fullo.net\/blog\/#website","url":"https:\/\/www.fullo.net\/blog\/","name":"Fullo","description":"nulla e&#039; impossibile per chi non lo deve fare!","publisher":{"@id":"https:\/\/www.fullo.net\/blog\/#\/schema\/person\/24e91bc6caea6c411a8668df5639428c"},"potentialAction":[{"@type":"SearchAction","target":{"@type":"EntryPoint","urlTemplate":"https:\/\/www.fullo.net\/blog\/?s={search_term_string}"},"query-input":{"@type":"PropertyValueSpecification","valueRequired":true,"valueName":"search_term_string"}}],"inLanguage":"en-US"},{"@type":["Person","Organization"],"@id":"https:\/\/www.fullo.net\/blog\/#\/schema\/person\/24e91bc6caea6c411a8668df5639428c","name":"Francesco Fullone","image":{"@type":"ImageObject","inLanguage":"en-US","@id":"https:\/\/i0.wp.com\/www.fullo.net\/blog\/wp-content\/uploads\/2024\/10\/hawiaina-gold-circled-white.png?fit=622%2C622&ssl=1","url":"https:\/\/i0.wp.com\/www.fullo.net\/blog\/wp-content\/uploads\/2024\/10\/hawiaina-gold-circled-white.png?fit=622%2C622&ssl=1","contentUrl":"https:\/\/i0.wp.com\/www.fullo.net\/blog\/wp-content\/uploads\/2024\/10\/hawiaina-gold-circled-white.png?fit=622%2C622&ssl=1","width":622,"height":622,"caption":"Francesco Fullone"},"logo":{"@id":"https:\/\/i0.wp.com\/www.fullo.net\/blog\/wp-content\/uploads\/2024\/10\/hawiaina-gold-circled-white.png?fit=622%2C622&ssl=1"},"sameAs":["http:\/\/www.fullo.net","https:\/\/www.linkedin.com\/in\/fullo","https:\/\/x.com\/fullo"],"url":"https:\/\/www.fullo.net\/blog\/author\/fullo\/"}]}},"jetpack_publicize_connections":[],"jetpack_featured_media_url":"","jetpack_sharing_enabled":true,"jetpack_shortlink":"https:\/\/wp.me\/p3OSc1-Dl","jetpack_likes_enabled":true,"jetpack-related-posts":[{"id":2361,"url":"https:\/\/www.fullo.net\/blog\/2007\/10\/30\/novembre-girovago\/","url_meta":{"origin":2439,"position":0},"title":"Novembre girovago","author":"Francesco Fullone","date":"30\/10\/2007","format":false,"excerpt":"Devo dire che il prossimo Novembre si preannuncia come un mese da girovago. Scrivo questo post giusto per ricordarmi di non prendere ulteriori impegni quando parlo con qualcuno... Il primo sar\u00f2 a Lucca alla fiera del fumetto, dal 3 al 6 andr\u00f2 a Francoforte alla International phpConference per poi andare\u2026","rel":"","context":"In &quot;di tutto un po'&quot;","block_context":{"text":"di tutto un po'","link":"https:\/\/www.fullo.net\/blog\/category\/di-tutto-un-po\/"},"img":{"alt_text":"","src":"","width":0,"height":0},"classes":[]},{"id":1905,"url":"https:\/\/www.fullo.net\/blog\/2006\/03\/16\/pim-gestire-le-fatture-con-symfony\/","url_meta":{"origin":2439,"position":1},"title":"P.I.M. gestire le fatture con symfony","author":"Francesco Fullone","date":"16\/03\/2006","format":false,"excerpt":"Ciccio ha finalmente rilasciato la prima versione di P.I.M. un softwarillo scritto in php usando il framework Symfony (di cui ho gi\u00e0 parlato in diverse occasioni) per la gestione delle fatture. Il progetto \u00e8 nato perch\u00e8 il soggetto in questione (diventato da poco libero professionista e mio esperto eZ publish\u2026","rel":"","context":"In &quot;open source&quot;","block_context":{"text":"open source","link":"https:\/\/www.fullo.net\/blog\/category\/tecnologia\/open-source\/"},"img":{"alt_text":"","src":"","width":0,"height":0},"classes":[]},{"id":1972,"url":"https:\/\/www.fullo.net\/blog\/2006\/05\/30\/amigo-ovvero-come-ti-creo-unapplicazione-web-20-facendoci-business\/","url_meta":{"origin":2439,"position":2},"title":"Amigo, ovvero come ti creo un&#8217;applicazione web 2.0 facendoci business","author":"Francesco Fullone","date":"30\/05\/2006","format":false,"excerpt":"Nell'onda degli ultimi post di Alberto sulle problematiche dei progetti web 2.0 e di come si stimano i loro costi di gestione, ecco che un mio collega di Downloadblog tira fuori un interessante blog che spiega quali sono i passi da fare per realizzare (e fare business) con un proprio\u2026","rel":"","context":"In &quot;lifehack&quot;","block_context":{"text":"lifehack","link":"https:\/\/www.fullo.net\/blog\/category\/di-tutto-un-po\/lifehack\/"},"img":{"alt_text":"","src":"","width":0,"height":0},"classes":[]},{"id":2087,"url":"https:\/\/www.fullo.net\/blog\/2006\/10\/19\/tanti-auguri-al-fulloblog\/","url_meta":{"origin":2439,"position":3},"title":"Tanti auguri al Full(o)bloG!","author":"Francesco Fullone","date":"19\/10\/2006","format":false,"excerpt":"Oggi il blog diventa pi\u00f9 vecchio di un anno! Durante l'anno in questione si \u00e8 parlato di moltissime cose, molte correlate al PHP, alcune ad AJAX e molte altre ad argomenti meno seri... Ovviamente da buon blogger tutto quello che \u00e8 scritto qui non \u00e8 altro che un riflesso della\u2026","rel":"","context":"In &quot;eventi&quot;","block_context":{"text":"eventi","link":"https:\/\/www.fullo.net\/blog\/category\/eventi\/"},"img":{"alt_text":"","src":"","width":0,"height":0},"classes":[]},{"id":2493,"url":"https:\/\/www.fullo.net\/blog\/2008\/10\/24\/learning-facebook-application-development-lasciatelo-perdere\/","url_meta":{"origin":2439,"position":4},"title":"Learning Facebook Application Development, lasciatelo perdere","author":"Francesco Fullone","date":"24\/10\/2008","format":false,"excerpt":"Sar\u00e0 che sto diventando vecchio e rompiscatole (a breve comprer\u00f2 un bastone da passeggio per poter indicare meglio agli operai in strada dove scavare..) ma sto sempre pi\u00f9 facendo fatica a parlare bene di cose che mi capitano sottomano. Per cause lavorative ho recuperato Learning Facebook Application Development della Packt,\u2026","rel":"","context":"In &quot;php&quot;","block_context":{"text":"php","link":"https:\/\/www.fullo.net\/blog\/category\/tecnologia\/php\/"},"img":{"alt_text":"","src":"","width":0,"height":0},"classes":[]},{"id":2790,"url":"https:\/\/www.fullo.net\/blog\/2010\/10\/19\/sconferenze-di-settore\/","url_meta":{"origin":2439,"position":5},"title":"(s)Conferenze di settore","author":"Francesco Fullone","date":"19\/10\/2010","format":false,"excerpt":"Ultimamente mi \u00e8 giunto l'invito su facebook ad una conferenza di settore che punta a far incontrare una delle tante figure professionali necessarie a produrre prodotti-(applicazioni, portali, siti, etc) per il web per decidere insieme il futuro del Web Italiano. Il piano d'azione dell'evento \u00e8 semplice, riunirsi, studiare insieme come\u2026","rel":"","context":"In &quot;eventi&quot;","block_context":{"text":"eventi","link":"https:\/\/www.fullo.net\/blog\/category\/eventi\/"},"img":{"alt_text":"","src":"","width":0,"height":0},"classes":[]}],"_links":{"self":[{"href":"https:\/\/www.fullo.net\/blog\/wp-json\/wp\/v2\/posts\/2439","targetHints":{"allow":["GET"]}}],"collection":[{"href":"https:\/\/www.fullo.net\/blog\/wp-json\/wp\/v2\/posts"}],"about":[{"href":"https:\/\/www.fullo.net\/blog\/wp-json\/wp\/v2\/types\/post"}],"author":[{"embeddable":true,"href":"https:\/\/www.fullo.net\/blog\/wp-json\/wp\/v2\/users\/1"}],"replies":[{"embeddable":true,"href":"https:\/\/www.fullo.net\/blog\/wp-json\/wp\/v2\/comments?post=2439"}],"version-history":[{"count":0,"href":"https:\/\/www.fullo.net\/blog\/wp-json\/wp\/v2\/posts\/2439\/revisions"}],"wp:attachment":[{"href":"https:\/\/www.fullo.net\/blog\/wp-json\/wp\/v2\/media?parent=2439"}],"wp:term":[{"taxonomy":"category","embeddable":true,"href":"https:\/\/www.fullo.net\/blog\/wp-json\/wp\/v2\/categories?post=2439"},{"taxonomy":"post_tag","embeddable":true,"href":"https:\/\/www.fullo.net\/blog\/wp-json\/wp\/v2\/tags?post=2439"}],"curies":[{"name":"wp","href":"https:\/\/api.w.org\/{rel}","templated":true}]}}