{"id":2442,"date":"2008-07-17T16:54:07","date_gmt":"2008-07-17T15:54:07","guid":{"rendered":"https:\/\/www.fullo.net\/blog\/?p=2442"},"modified":"2008-07-19T17:34:35","modified_gmt":"2008-07-19T16:34:35","slug":"blogdinner-romagna-summer-season","status":"publish","type":"post","link":"https:\/\/www.fullo.net\/blog\/2008\/07\/17\/blogdinner-romagna-summer-season\/","title":{"rendered":"blogDinner roMagna summer season #2"},"content":{"rendered":"<p>Ecco quindi le ultime informazioni per il blogDinner roMagna:<\/p>\n<div class=\"avviso\">\n\u201cOstaria del Mare\u201d<br \/>\n<a href=\"http:\/\/maps.google.com\/maps\/ms?msa=0&#038;msid=107425804591839909868.000435101f27249efbd6b&#038;ll=44.195251,12.323914&#038;spn=0.094768,0.346069&#038;t=h&#038;z=12&#038;om=1\">Via Casette, 5 &#8211; Montaletto di Cervia (RA)<\/a><br \/>\ntel. 0544 965617 &#8211; chiuso luned\u00ec<\/p>\n<p>Per chi viene da Nord (faenza\/bologna) o da Sud (cattolina\/rimini) il luogo di appuntamento \u00e8 davanti casello di Cesena Sud (mi fanno presente che i caselli di Cesena sono \u201cCesena Nord\u201d e \u201cCesena\u201d, senza \u201cSud\u201d) alle ore 19.45 nel parcheggio del metano per partire alle 19.50. Per arrivare al parcheggio del metano uscite dal casello alla rotonda prendete la 3a uscita (quella tutta a sinistra), a 100m vedrete il cartello a sinistra della strada.<\/p>\n<p>L\u2019orario della cena \u00e8 ore 20.30 eventualmente per chi arriva da Nord alle 19.30 ci si incontra in <a href=\"http:\/\/www.ideato.it\">Ideato<\/a> (in <a href=\"http:\/\/maps.google.it\/maps?f=q&#038;hl=it&#038;geocode=&#038;q=ideato&#038;sll=44.158137,12.243429&#038;sspn=0.010068,0.027359&#038;ie=UTF8&#038;z=16&#038;iwloc=A\">via Quinto Bucci, 205<\/a> presso il Centro Coming).\n<\/div>\n<p>A domani!<\/p>\n","protected":false},"excerpt":{"rendered":"<p>Ecco quindi le ultime informazioni per il blogDinner roMagna: \u201cOstaria del Mare\u201d Via Casette, 5 &#8211; Montaletto di Cervia (RA) tel. 0544 965617 &#8211; chiuso luned\u00ec Per chi viene da Nord (faenza\/bologna) o da Sud (cattolina\/rimini) il luogo di appuntamento \u00e8 davanti casello di Cesena Sud (mi fanno presente che i caselli di Cesena sono [&hellip;]<\/p>\n","protected":false},"author":1,"featured_media":0,"comment_status":"open","ping_status":"open","sticky":false,"template":"","format":"standard","meta":{"jetpack_post_was_ever_published":false,"_jetpack_newsletter_access":"","_jetpack_dont_email_post_to_subs":false,"_jetpack_newsletter_tier_id":0,"_jetpack_memberships_contains_paywalled_content":false,"_jetpack_memberships_contains_paid_content":false,"footnotes":"","jetpack_publicize_message":"","jetpack_publicize_feature_enabled":true,"jetpack_social_post_already_shared":false,"jetpack_social_options":{"image_generator_settings":{"template":"highway","default_image_id":0,"font":"","enabled":false},"version":2}},"categories":[17],"tags":[1401,1416,1417,32,2254,1962],"class_list":["post-2442","post","type-post","status-publish","format-standard","hentry","category-eventi","tag-blogdinner","tag-blogdinner-romagna","tag-cene","tag-cesena","tag-eventi","tag-ideato"],"yoast_head":"<!-- This site is optimized with the Yoast SEO plugin v27.5 - https:\/\/yoast.com\/product\/yoast-seo-wordpress\/ -->\n<title>blogDinner roMagna summer season #2 - Fullo<\/title>\n<meta name=\"robots\" content=\"index, follow, max-snippet:-1, max-image-preview:large, max-video-preview:-1\" \/>\n<link rel=\"canonical\" href=\"https:\/\/www.fullo.net\/blog\/2008\/07\/17\/blogdinner-romagna-summer-season\/\" \/>\n<meta property=\"og:locale\" content=\"en_US\" \/>\n<meta property=\"og:type\" content=\"article\" \/>\n<meta property=\"og:title\" content=\"blogDinner roMagna summer season #2 - Fullo\" \/>\n<meta property=\"og:description\" content=\"Ecco quindi le ultime informazioni per il blogDinner roMagna: \u201cOstaria del Mare\u201d Via Casette, 5 &#8211; Montaletto di Cervia (RA) tel. 0544 965617 &#8211; chiuso luned\u00ec Per chi viene da Nord (faenza\/bologna) o da Sud (cattolina\/rimini) il luogo di appuntamento \u00e8 davanti casello di Cesena Sud (mi fanno presente che i caselli di Cesena sono [&hellip;]\" \/>\n<meta property=\"og:url\" content=\"https:\/\/www.fullo.net\/blog\/2008\/07\/17\/blogdinner-romagna-summer-season\/\" \/>\n<meta property=\"og:site_name\" content=\"Fullo\" \/>\n<meta property=\"article:published_time\" content=\"2008-07-17T15:54:07+00:00\" \/>\n<meta property=\"article:modified_time\" content=\"2008-07-19T16:34:35+00:00\" \/>\n<meta name=\"author\" content=\"Francesco Fullone\" \/>\n<meta name=\"twitter:card\" content=\"summary_large_image\" \/>\n<meta name=\"twitter:creator\" content=\"@fullo\" \/>\n<meta name=\"twitter:site\" content=\"@fullo\" \/>\n<meta name=\"twitter:label1\" content=\"Written by\" \/>\n\t<meta name=\"twitter:data1\" content=\"Francesco Fullone\" \/>\n\t<meta name=\"twitter:label2\" content=\"Est. reading time\" \/>\n\t<meta name=\"twitter:data2\" content=\"1 minute\" \/>\n<script type=\"application\/ld+json\" class=\"yoast-schema-graph\">{\"@context\":\"https:\\\/\\\/schema.org\",\"@graph\":[{\"@type\":\"Article\",\"@id\":\"https:\\\/\\\/www.fullo.net\\\/blog\\\/2008\\\/07\\\/17\\\/blogdinner-romagna-summer-season\\\/#article\",\"isPartOf\":{\"@id\":\"https:\\\/\\\/www.fullo.net\\\/blog\\\/2008\\\/07\\\/17\\\/blogdinner-romagna-summer-season\\\/\"},\"author\":{\"name\":\"Francesco Fullone\",\"@id\":\"https:\\\/\\\/www.fullo.net\\\/blog\\\/#\\\/schema\\\/person\\\/24e91bc6caea6c411a8668df5639428c\"},\"headline\":\"blogDinner roMagna summer season #2\",\"datePublished\":\"2008-07-17T15:54:07+00:00\",\"dateModified\":\"2008-07-19T16:34:35+00:00\",\"mainEntityOfPage\":{\"@id\":\"https:\\\/\\\/www.fullo.net\\\/blog\\\/2008\\\/07\\\/17\\\/blogdinner-romagna-summer-season\\\/\"},\"wordCount\":127,\"commentCount\":2,\"publisher\":{\"@id\":\"https:\\\/\\\/www.fullo.net\\\/blog\\\/#\\\/schema\\\/person\\\/24e91bc6caea6c411a8668df5639428c\"},\"keywords\":[\"blogdinner\",\"blogdinner romagna\",\"cene\",\"cesena\",\"eventi\",\"ideato\"],\"articleSection\":[\"eventi\"],\"inLanguage\":\"en-US\",\"potentialAction\":[{\"@type\":\"CommentAction\",\"name\":\"Comment\",\"target\":[\"https:\\\/\\\/www.fullo.net\\\/blog\\\/2008\\\/07\\\/17\\\/blogdinner-romagna-summer-season\\\/#respond\"]}]},{\"@type\":\"WebPage\",\"@id\":\"https:\\\/\\\/www.fullo.net\\\/blog\\\/2008\\\/07\\\/17\\\/blogdinner-romagna-summer-season\\\/\",\"url\":\"https:\\\/\\\/www.fullo.net\\\/blog\\\/2008\\\/07\\\/17\\\/blogdinner-romagna-summer-season\\\/\",\"name\":\"blogDinner roMagna summer season #2 - Fullo\",\"isPartOf\":{\"@id\":\"https:\\\/\\\/www.fullo.net\\\/blog\\\/#website\"},\"datePublished\":\"2008-07-17T15:54:07+00:00\",\"dateModified\":\"2008-07-19T16:34:35+00:00\",\"breadcrumb\":{\"@id\":\"https:\\\/\\\/www.fullo.net\\\/blog\\\/2008\\\/07\\\/17\\\/blogdinner-romagna-summer-season\\\/#breadcrumb\"},\"inLanguage\":\"en-US\",\"potentialAction\":[{\"@type\":\"ReadAction\",\"target\":[\"https:\\\/\\\/www.fullo.net\\\/blog\\\/2008\\\/07\\\/17\\\/blogdinner-romagna-summer-season\\\/\"]}]},{\"@type\":\"BreadcrumbList\",\"@id\":\"https:\\\/\\\/www.fullo.net\\\/blog\\\/2008\\\/07\\\/17\\\/blogdinner-romagna-summer-season\\\/#breadcrumb\",\"itemListElement\":[{\"@type\":\"ListItem\",\"position\":1,\"name\":\"Home\",\"item\":\"https:\\\/\\\/www.fullo.net\\\/blog\\\/\"},{\"@type\":\"ListItem\",\"position\":2,\"name\":\"blogDinner roMagna summer season #2\"}]},{\"@type\":\"WebSite\",\"@id\":\"https:\\\/\\\/www.fullo.net\\\/blog\\\/#website\",\"url\":\"https:\\\/\\\/www.fullo.net\\\/blog\\\/\",\"name\":\"Fullo\",\"description\":\"nulla e&#039; impossibile per chi non lo deve fare!\",\"publisher\":{\"@id\":\"https:\\\/\\\/www.fullo.net\\\/blog\\\/#\\\/schema\\\/person\\\/24e91bc6caea6c411a8668df5639428c\"},\"potentialAction\":[{\"@type\":\"SearchAction\",\"target\":{\"@type\":\"EntryPoint\",\"urlTemplate\":\"https:\\\/\\\/www.fullo.net\\\/blog\\\/?s={search_term_string}\"},\"query-input\":{\"@type\":\"PropertyValueSpecification\",\"valueRequired\":true,\"valueName\":\"search_term_string\"}}],\"inLanguage\":\"en-US\"},{\"@type\":[\"Person\",\"Organization\"],\"@id\":\"https:\\\/\\\/www.fullo.net\\\/blog\\\/#\\\/schema\\\/person\\\/24e91bc6caea6c411a8668df5639428c\",\"name\":\"Francesco Fullone\",\"image\":{\"@type\":\"ImageObject\",\"inLanguage\":\"en-US\",\"@id\":\"https:\\\/\\\/i0.wp.com\\\/www.fullo.net\\\/blog\\\/wp-content\\\/uploads\\\/2024\\\/10\\\/hawiaina-gold-circled-white.png?fit=622%2C622&ssl=1\",\"url\":\"https:\\\/\\\/i0.wp.com\\\/www.fullo.net\\\/blog\\\/wp-content\\\/uploads\\\/2024\\\/10\\\/hawiaina-gold-circled-white.png?fit=622%2C622&ssl=1\",\"contentUrl\":\"https:\\\/\\\/i0.wp.com\\\/www.fullo.net\\\/blog\\\/wp-content\\\/uploads\\\/2024\\\/10\\\/hawiaina-gold-circled-white.png?fit=622%2C622&ssl=1\",\"width\":622,\"height\":622,\"caption\":\"Francesco Fullone\"},\"logo\":{\"@id\":\"https:\\\/\\\/i0.wp.com\\\/www.fullo.net\\\/blog\\\/wp-content\\\/uploads\\\/2024\\\/10\\\/hawiaina-gold-circled-white.png?fit=622%2C622&ssl=1\"},\"sameAs\":[\"http:\\\/\\\/www.fullo.net\",\"https:\\\/\\\/www.linkedin.com\\\/in\\\/fullo\",\"https:\\\/\\\/x.com\\\/fullo\"],\"url\":\"https:\\\/\\\/www.fullo.net\\\/blog\\\/author\\\/fullo\\\/\"}]}<\/script>\n<!-- \/ Yoast SEO plugin. -->","yoast_head_json":{"title":"blogDinner roMagna summer season #2 - Fullo","robots":{"index":"index","follow":"follow","max-snippet":"max-snippet:-1","max-image-preview":"max-image-preview:large","max-video-preview":"max-video-preview:-1"},"canonical":"https:\/\/www.fullo.net\/blog\/2008\/07\/17\/blogdinner-romagna-summer-season\/","og_locale":"en_US","og_type":"article","og_title":"blogDinner roMagna summer season #2 - Fullo","og_description":"Ecco quindi le ultime informazioni per il blogDinner roMagna: \u201cOstaria del Mare\u201d Via Casette, 5 &#8211; Montaletto di Cervia (RA) tel. 0544 965617 &#8211; chiuso luned\u00ec Per chi viene da Nord (faenza\/bologna) o da Sud (cattolina\/rimini) il luogo di appuntamento \u00e8 davanti casello di Cesena Sud (mi fanno presente che i caselli di Cesena sono [&hellip;]","og_url":"https:\/\/www.fullo.net\/blog\/2008\/07\/17\/blogdinner-romagna-summer-season\/","og_site_name":"Fullo","article_published_time":"2008-07-17T15:54:07+00:00","article_modified_time":"2008-07-19T16:34:35+00:00","author":"Francesco Fullone","twitter_card":"summary_large_image","twitter_creator":"@fullo","twitter_site":"@fullo","twitter_misc":{"Written by":"Francesco Fullone","Est. reading time":"1 minute"},"schema":{"@context":"https:\/\/schema.org","@graph":[{"@type":"Article","@id":"https:\/\/www.fullo.net\/blog\/2008\/07\/17\/blogdinner-romagna-summer-season\/#article","isPartOf":{"@id":"https:\/\/www.fullo.net\/blog\/2008\/07\/17\/blogdinner-romagna-summer-season\/"},"author":{"name":"Francesco Fullone","@id":"https:\/\/www.fullo.net\/blog\/#\/schema\/person\/24e91bc6caea6c411a8668df5639428c"},"headline":"blogDinner roMagna summer season #2","datePublished":"2008-07-17T15:54:07+00:00","dateModified":"2008-07-19T16:34:35+00:00","mainEntityOfPage":{"@id":"https:\/\/www.fullo.net\/blog\/2008\/07\/17\/blogdinner-romagna-summer-season\/"},"wordCount":127,"commentCount":2,"publisher":{"@id":"https:\/\/www.fullo.net\/blog\/#\/schema\/person\/24e91bc6caea6c411a8668df5639428c"},"keywords":["blogdinner","blogdinner romagna","cene","cesena","eventi","ideato"],"articleSection":["eventi"],"inLanguage":"en-US","potentialAction":[{"@type":"CommentAction","name":"Comment","target":["https:\/\/www.fullo.net\/blog\/2008\/07\/17\/blogdinner-romagna-summer-season\/#respond"]}]},{"@type":"WebPage","@id":"https:\/\/www.fullo.net\/blog\/2008\/07\/17\/blogdinner-romagna-summer-season\/","url":"https:\/\/www.fullo.net\/blog\/2008\/07\/17\/blogdinner-romagna-summer-season\/","name":"blogDinner roMagna summer season #2 - Fullo","isPartOf":{"@id":"https:\/\/www.fullo.net\/blog\/#website"},"datePublished":"2008-07-17T15:54:07+00:00","dateModified":"2008-07-19T16:34:35+00:00","breadcrumb":{"@id":"https:\/\/www.fullo.net\/blog\/2008\/07\/17\/blogdinner-romagna-summer-season\/#breadcrumb"},"inLanguage":"en-US","potentialAction":[{"@type":"ReadAction","target":["https:\/\/www.fullo.net\/blog\/2008\/07\/17\/blogdinner-romagna-summer-season\/"]}]},{"@type":"BreadcrumbList","@id":"https:\/\/www.fullo.net\/blog\/2008\/07\/17\/blogdinner-romagna-summer-season\/#breadcrumb","itemListElement":[{"@type":"ListItem","position":1,"name":"Home","item":"https:\/\/www.fullo.net\/blog\/"},{"@type":"ListItem","position":2,"name":"blogDinner roMagna summer season #2"}]},{"@type":"WebSite","@id":"https:\/\/www.fullo.net\/blog\/#website","url":"https:\/\/www.fullo.net\/blog\/","name":"Fullo","description":"nulla e&#039; impossibile per chi non lo deve fare!","publisher":{"@id":"https:\/\/www.fullo.net\/blog\/#\/schema\/person\/24e91bc6caea6c411a8668df5639428c"},"potentialAction":[{"@type":"SearchAction","target":{"@type":"EntryPoint","urlTemplate":"https:\/\/www.fullo.net\/blog\/?s={search_term_string}"},"query-input":{"@type":"PropertyValueSpecification","valueRequired":true,"valueName":"search_term_string"}}],"inLanguage":"en-US"},{"@type":["Person","Organization"],"@id":"https:\/\/www.fullo.net\/blog\/#\/schema\/person\/24e91bc6caea6c411a8668df5639428c","name":"Francesco Fullone","image":{"@type":"ImageObject","inLanguage":"en-US","@id":"https:\/\/i0.wp.com\/www.fullo.net\/blog\/wp-content\/uploads\/2024\/10\/hawiaina-gold-circled-white.png?fit=622%2C622&ssl=1","url":"https:\/\/i0.wp.com\/www.fullo.net\/blog\/wp-content\/uploads\/2024\/10\/hawiaina-gold-circled-white.png?fit=622%2C622&ssl=1","contentUrl":"https:\/\/i0.wp.com\/www.fullo.net\/blog\/wp-content\/uploads\/2024\/10\/hawiaina-gold-circled-white.png?fit=622%2C622&ssl=1","width":622,"height":622,"caption":"Francesco Fullone"},"logo":{"@id":"https:\/\/i0.wp.com\/www.fullo.net\/blog\/wp-content\/uploads\/2024\/10\/hawiaina-gold-circled-white.png?fit=622%2C622&ssl=1"},"sameAs":["http:\/\/www.fullo.net","https:\/\/www.linkedin.com\/in\/fullo","https:\/\/x.com\/fullo"],"url":"https:\/\/www.fullo.net\/blog\/author\/fullo\/"}]}},"jetpack_publicize_connections":[],"jetpack_featured_media_url":"","jetpack_sharing_enabled":true,"jetpack_shortlink":"https:\/\/wp.me\/p3OSc1-Do","jetpack_likes_enabled":true,"jetpack-related-posts":[{"id":2288,"url":"https:\/\/www.fullo.net\/blog\/2007\/06\/18\/blogdinner-romagna-5\/","url_meta":{"origin":2442,"position":0},"title":"BlogDinner roMagna","author":"Francesco Fullone","date":"18\/06\/2007","format":false,"excerpt":"Me ne aveva riparlato Daniele, poi per\u00f2, come al solito, ce ne siamo dimenticati bellamente ed \u00e8 passato qualche mese... beh.. Siccome a Luglio non si pu\u00f2 non andare a cesenatico a mangiare il pesce (o le alghe se si \u00e8 vegetariani) direi che la prossima blogDinner roMagnola (la quarta\u2026","rel":"","context":"In &quot;di tutto un po'&quot;","block_context":{"text":"di tutto un po'","link":"https:\/\/www.fullo.net\/blog\/category\/di-tutto-un-po\/"},"img":{"alt_text":"","src":"","width":0,"height":0},"classes":[]},{"id":2248,"url":"https:\/\/www.fullo.net\/blog\/2007\/04\/14\/blogdinner-romagna-logistica-e-menu\/","url_meta":{"origin":2442,"position":1},"title":"BlogDinner roMagna, logistica e men\u00f9","author":"Francesco Fullone","date":"14\/04\/2007","format":false,"excerpt":"Ho prenotato il 20 Aprile (per 20 persone) da Carloni! Il ritrovo sar\u00e0 alle ore 20.00 (si aspetta fino alle 20.20) presso il parcheggio del Class Hotel di Faenza (solito posto per gli abitu\u00e8), che si trova alla destra del casello dell'autostrada. Siccome c'\u00e8 gente che viene dall'asse Modena-Bologna e\u2026","rel":"","context":"In &quot;di tutto un po'&quot;","block_context":{"text":"di tutto un po'","link":"https:\/\/www.fullo.net\/blog\/category\/di-tutto-un-po\/"},"img":{"alt_text":"","src":"","width":0,"height":0},"classes":[]},{"id":2036,"url":"https:\/\/www.fullo.net\/blog\/2006\/08\/29\/blogdinner-romagna-3\/","url_meta":{"origin":2442,"position":2},"title":"BlogDinner Romagna","author":"Francesco Fullone","date":"29\/08\/2006","format":false,"excerpt":"Il 22 Settembre 2006 si terr\u00e0, da qualche parte nella zona compresa tra Faenza e Cesena la prima BlogDinner Romagnola. Per iscriversi ed avere maggiori informazioni seguite il link.","rel":"","context":"In &quot;eventi&quot;","block_context":{"text":"eventi","link":"https:\/\/www.fullo.net\/blog\/category\/eventi\/"},"img":{"alt_text":"tortellino blog dinner","src":"https:\/\/i0.wp.com\/www.fullo.net\/blog\/wp-content\/uploads\/2006\/08\/tortellino.png?resize=350%2C200","width":350,"height":200},"classes":[]},{"id":2392,"url":"https:\/\/www.fullo.net\/blog\/2008\/01\/10\/blogdinner-romagna-6\/","url_meta":{"origin":2442,"position":3},"title":"blogDinner roMagna","author":"Francesco Fullone","date":"10\/01\/2008","format":false,"excerpt":"Come la morte, le tasse ed altre cose \"necessarie\" \u00e8 arrivato il tempo di organizzare la prossima blogDinner roMagnola! Questa quinta edizione della mangiata a base di tris-di-minestre, braciole e formaggi tipici si svolger\u00e0 (come al solito) a Faenza presso l'agriturismo Carloni sabato 9 Febbraio 2008. Siccome c\u2019\u00e8 gente che\u2026","rel":"","context":"In &quot;di tutto un po'&quot;","block_context":{"text":"di tutto un po'","link":"https:\/\/www.fullo.net\/blog\/category\/di-tutto-un-po\/"},"img":{"alt_text":"","src":"","width":0,"height":0},"classes":[]},{"id":2060,"url":"https:\/\/www.fullo.net\/blog\/2006\/09\/21\/blogdinner-romagna-il-punto-della-situazione\/","url_meta":{"origin":2442,"position":4},"title":"BlogDinner Romagna, il punto della situazione","author":"Francesco Fullone","date":"21\/09\/2006","format":false,"excerpt":"La cena si far\u00e0! :) Ci si ritrova alle 21.00 al Class Hotel (subito fuori al casello dell'autostrada sulla destra) per poi andare a mangiare alla Trattoria Agrigurismo \"Carloni\" in via Castel Raniero, 46 a Faenza. Il men\u00f9 \u00e8 il classico tris di \"minestre\", carnazza con verdure e grappe assortite\u2026","rel":"","context":"In &quot;eventi&quot;","block_context":{"text":"eventi","link":"https:\/\/www.fullo.net\/blog\/category\/eventi\/"},"img":{"alt_text":"","src":"","width":0,"height":0},"classes":[]},{"id":2033,"url":"https:\/\/www.fullo.net\/blog\/2006\/08\/27\/blogdinner-romagna-2\/","url_meta":{"origin":2442,"position":5},"title":"Blogdinner romagna","author":"Francesco Fullone","date":"27\/08\/2006","format":false,"excerpt":"Ok, si \u00e8 tornati dalle ferie e si riparte con l'organizzazione della cena tra i bloggers romagnoli. Dove L'idea \u00e8 di organizzare la cena nella zona tra Faenza e Cesena (passando per Bertinoro). Sicuramente in un agriturismo\/osteria. Chi Potranno partecipare tutti i possessori di un blog che si registreranno lasciando\u2026","rel":"","context":"In &quot;eventi&quot;","block_context":{"text":"eventi","link":"https:\/\/www.fullo.net\/blog\/category\/eventi\/"},"img":{"alt_text":"","src":"","width":0,"height":0},"classes":[]}],"_links":{"self":[{"href":"https:\/\/www.fullo.net\/blog\/wp-json\/wp\/v2\/posts\/2442","targetHints":{"allow":["GET"]}}],"collection":[{"href":"https:\/\/www.fullo.net\/blog\/wp-json\/wp\/v2\/posts"}],"about":[{"href":"https:\/\/www.fullo.net\/blog\/wp-json\/wp\/v2\/types\/post"}],"author":[{"embeddable":true,"href":"https:\/\/www.fullo.net\/blog\/wp-json\/wp\/v2\/users\/1"}],"replies":[{"embeddable":true,"href":"https:\/\/www.fullo.net\/blog\/wp-json\/wp\/v2\/comments?post=2442"}],"version-history":[{"count":3,"href":"https:\/\/www.fullo.net\/blog\/wp-json\/wp\/v2\/posts\/2442\/revisions"}],"predecessor-version":[{"id":2447,"href":"https:\/\/www.fullo.net\/blog\/wp-json\/wp\/v2\/posts\/2442\/revisions\/2447"}],"wp:attachment":[{"href":"https:\/\/www.fullo.net\/blog\/wp-json\/wp\/v2\/media?parent=2442"}],"wp:term":[{"taxonomy":"category","embeddable":true,"href":"https:\/\/www.fullo.net\/blog\/wp-json\/wp\/v2\/categories?post=2442"},{"taxonomy":"post_tag","embeddable":true,"href":"https:\/\/www.fullo.net\/blog\/wp-json\/wp\/v2\/tags?post=2442"}],"curies":[{"name":"wp","href":"https:\/\/api.w.org\/{rel}","templated":true}]}}