{"id":2505,"date":"2008-11-25T00:38:41","date_gmt":"2008-11-24T23:38:41","guid":{"rendered":"https:\/\/www.fullo.net\/blog\/?p=2505"},"modified":"2008-11-25T00:38:41","modified_gmt":"2008-11-24T23:38:41","slug":"prossimi-php-eventi","status":"publish","type":"post","link":"https:\/\/www.fullo.net\/blog\/2008\/11\/25\/prossimi-php-eventi\/","title":{"rendered":"Prossimi PHP eventi"},"content":{"rendered":"<p>Qualcosa si muove, quest&#8217;anno il numero di conferenze dedicate a PHP (e prodotti correlati) \u00e8 decisamente aumentato.<\/p>\n<p>A partire dal prossimo venerd\u00ec a Milano dove si terr\u00e0 il primo <a href=\"http:\/\/www.drupalday.org\/\">Drupal Day<\/a>, passando per Roma dove a Marzo si terr\u00e0 la prima <a href=\"http:\/\/phpcon.it\">phpCon Italiana<\/a>, fino a Maggio quando ci saranno il nuovo <a href=\"http:\/\/www.phpday.it\">phpDay<\/a> a Verona (maybe) e <a href=\"http:\/\/www.wordcamp.it\/\">WordCamp<\/a> di nuovo a Milano.<\/p>\n<p>Ed io? Beh, quest&#8217;anno ho deciso di uscire dall&#8217;ombra e di riprendere a fare qualche talk in qua e l\u00e0.<\/p>\n<p>Stay tuned :)<\/p>\n<p>cuiaz<\/p>\n","protected":false},"excerpt":{"rendered":"<p>Qualcosa si muove, quest&#8217;anno il numero di conferenze dedicate a PHP (e prodotti correlati) \u00e8 decisamente aumentato. A partire dal prossimo venerd\u00ec a Milano dove si terr\u00e0 il primo Drupal Day, passando per Roma dove a Marzo si terr\u00e0 la prima phpCon Italiana, fino a Maggio quando ci saranno il nuovo phpDay a Verona (maybe) [&hellip;]<\/p>\n","protected":false},"author":1,"featured_media":0,"comment_status":"open","ping_status":"open","sticky":false,"template":"","format":"standard","meta":{"jetpack_post_was_ever_published":false,"_jetpack_newsletter_access":"","_jetpack_dont_email_post_to_subs":false,"_jetpack_newsletter_tier_id":0,"_jetpack_memberships_contains_paywalled_content":false,"_jetpack_memberships_contains_paid_content":false,"footnotes":"","jetpack_publicize_message":"","jetpack_publicize_feature_enabled":true,"jetpack_social_post_already_shared":false,"jetpack_social_options":{"image_generator_settings":{"template":"highway","default_image_id":0,"font":"","enabled":false},"version":2}},"categories":[17,9],"tags":[49,350,2254,181,1884,719,2248,1036,1987,93],"class_list":["post-2505","post","type-post","status-publish","format-standard","hentry","category-eventi","category-php","tag-conferenze","tag-drupal","tag-eventi","tag-grusp","tag-ipc","tag-manifestazioni","tag-php","tag-phpday","tag-wordcamp","tag-wordpress"],"yoast_head":"<!-- This site is optimized with the Yoast SEO plugin v27.5 - https:\/\/yoast.com\/product\/yoast-seo-wordpress\/ -->\n<title>Prossimi PHP eventi - Fullo<\/title>\n<meta name=\"robots\" content=\"index, follow, max-snippet:-1, max-image-preview:large, max-video-preview:-1\" \/>\n<link rel=\"canonical\" href=\"https:\/\/www.fullo.net\/blog\/2008\/11\/25\/prossimi-php-eventi\/\" \/>\n<meta property=\"og:locale\" content=\"en_US\" \/>\n<meta property=\"og:type\" content=\"article\" \/>\n<meta property=\"og:title\" content=\"Prossimi PHP eventi - Fullo\" \/>\n<meta property=\"og:description\" content=\"Qualcosa si muove, quest&#8217;anno il numero di conferenze dedicate a PHP (e prodotti correlati) \u00e8 decisamente aumentato. A partire dal prossimo venerd\u00ec a Milano dove si terr\u00e0 il primo Drupal Day, passando per Roma dove a Marzo si terr\u00e0 la prima phpCon Italiana, fino a Maggio quando ci saranno il nuovo phpDay a Verona (maybe) [&hellip;]\" \/>\n<meta property=\"og:url\" content=\"https:\/\/www.fullo.net\/blog\/2008\/11\/25\/prossimi-php-eventi\/\" \/>\n<meta property=\"og:site_name\" content=\"Fullo\" \/>\n<meta property=\"article:published_time\" content=\"2008-11-24T23:38:41+00:00\" \/>\n<meta name=\"author\" content=\"Francesco Fullone\" \/>\n<meta name=\"twitter:card\" content=\"summary_large_image\" \/>\n<meta name=\"twitter:creator\" content=\"@fullo\" \/>\n<meta name=\"twitter:site\" content=\"@fullo\" \/>\n<meta name=\"twitter:label1\" content=\"Written by\" \/>\n\t<meta name=\"twitter:data1\" content=\"Francesco Fullone\" \/>\n<script type=\"application\/ld+json\" class=\"yoast-schema-graph\">{\"@context\":\"https:\\\/\\\/schema.org\",\"@graph\":[{\"@type\":\"Article\",\"@id\":\"https:\\\/\\\/www.fullo.net\\\/blog\\\/2008\\\/11\\\/25\\\/prossimi-php-eventi\\\/#article\",\"isPartOf\":{\"@id\":\"https:\\\/\\\/www.fullo.net\\\/blog\\\/2008\\\/11\\\/25\\\/prossimi-php-eventi\\\/\"},\"author\":{\"name\":\"Francesco Fullone\",\"@id\":\"https:\\\/\\\/www.fullo.net\\\/blog\\\/#\\\/schema\\\/person\\\/24e91bc6caea6c411a8668df5639428c\"},\"headline\":\"Prossimi PHP eventi\",\"datePublished\":\"2008-11-24T23:38:41+00:00\",\"mainEntityOfPage\":{\"@id\":\"https:\\\/\\\/www.fullo.net\\\/blog\\\/2008\\\/11\\\/25\\\/prossimi-php-eventi\\\/\"},\"wordCount\":89,\"commentCount\":0,\"publisher\":{\"@id\":\"https:\\\/\\\/www.fullo.net\\\/blog\\\/#\\\/schema\\\/person\\\/24e91bc6caea6c411a8668df5639428c\"},\"keywords\":[\"conferenze\",\"drupal\",\"eventi\",\"grusp\",\"ipc\",\"manifestazioni\",\"php\",\"phpday\",\"wordcamp\",\"wordpress\"],\"articleSection\":[\"eventi\",\"php\"],\"inLanguage\":\"en-US\",\"potentialAction\":[{\"@type\":\"CommentAction\",\"name\":\"Comment\",\"target\":[\"https:\\\/\\\/www.fullo.net\\\/blog\\\/2008\\\/11\\\/25\\\/prossimi-php-eventi\\\/#respond\"]}]},{\"@type\":\"WebPage\",\"@id\":\"https:\\\/\\\/www.fullo.net\\\/blog\\\/2008\\\/11\\\/25\\\/prossimi-php-eventi\\\/\",\"url\":\"https:\\\/\\\/www.fullo.net\\\/blog\\\/2008\\\/11\\\/25\\\/prossimi-php-eventi\\\/\",\"name\":\"Prossimi PHP eventi - Fullo\",\"isPartOf\":{\"@id\":\"https:\\\/\\\/www.fullo.net\\\/blog\\\/#website\"},\"datePublished\":\"2008-11-24T23:38:41+00:00\",\"breadcrumb\":{\"@id\":\"https:\\\/\\\/www.fullo.net\\\/blog\\\/2008\\\/11\\\/25\\\/prossimi-php-eventi\\\/#breadcrumb\"},\"inLanguage\":\"en-US\",\"potentialAction\":[{\"@type\":\"ReadAction\",\"target\":[\"https:\\\/\\\/www.fullo.net\\\/blog\\\/2008\\\/11\\\/25\\\/prossimi-php-eventi\\\/\"]}]},{\"@type\":\"BreadcrumbList\",\"@id\":\"https:\\\/\\\/www.fullo.net\\\/blog\\\/2008\\\/11\\\/25\\\/prossimi-php-eventi\\\/#breadcrumb\",\"itemListElement\":[{\"@type\":\"ListItem\",\"position\":1,\"name\":\"Home\",\"item\":\"https:\\\/\\\/www.fullo.net\\\/blog\\\/\"},{\"@type\":\"ListItem\",\"position\":2,\"name\":\"Prossimi PHP eventi\"}]},{\"@type\":\"WebSite\",\"@id\":\"https:\\\/\\\/www.fullo.net\\\/blog\\\/#website\",\"url\":\"https:\\\/\\\/www.fullo.net\\\/blog\\\/\",\"name\":\"Fullo\",\"description\":\"nulla e&#039; impossibile per chi non lo deve fare!\",\"publisher\":{\"@id\":\"https:\\\/\\\/www.fullo.net\\\/blog\\\/#\\\/schema\\\/person\\\/24e91bc6caea6c411a8668df5639428c\"},\"potentialAction\":[{\"@type\":\"SearchAction\",\"target\":{\"@type\":\"EntryPoint\",\"urlTemplate\":\"https:\\\/\\\/www.fullo.net\\\/blog\\\/?s={search_term_string}\"},\"query-input\":{\"@type\":\"PropertyValueSpecification\",\"valueRequired\":true,\"valueName\":\"search_term_string\"}}],\"inLanguage\":\"en-US\"},{\"@type\":[\"Person\",\"Organization\"],\"@id\":\"https:\\\/\\\/www.fullo.net\\\/blog\\\/#\\\/schema\\\/person\\\/24e91bc6caea6c411a8668df5639428c\",\"name\":\"Francesco Fullone\",\"image\":{\"@type\":\"ImageObject\",\"inLanguage\":\"en-US\",\"@id\":\"https:\\\/\\\/i0.wp.com\\\/www.fullo.net\\\/blog\\\/wp-content\\\/uploads\\\/2024\\\/10\\\/hawiaina-gold-circled-white.png?fit=622%2C622&ssl=1\",\"url\":\"https:\\\/\\\/i0.wp.com\\\/www.fullo.net\\\/blog\\\/wp-content\\\/uploads\\\/2024\\\/10\\\/hawiaina-gold-circled-white.png?fit=622%2C622&ssl=1\",\"contentUrl\":\"https:\\\/\\\/i0.wp.com\\\/www.fullo.net\\\/blog\\\/wp-content\\\/uploads\\\/2024\\\/10\\\/hawiaina-gold-circled-white.png?fit=622%2C622&ssl=1\",\"width\":622,\"height\":622,\"caption\":\"Francesco Fullone\"},\"logo\":{\"@id\":\"https:\\\/\\\/i0.wp.com\\\/www.fullo.net\\\/blog\\\/wp-content\\\/uploads\\\/2024\\\/10\\\/hawiaina-gold-circled-white.png?fit=622%2C622&ssl=1\"},\"sameAs\":[\"http:\\\/\\\/www.fullo.net\",\"https:\\\/\\\/www.linkedin.com\\\/in\\\/fullo\",\"https:\\\/\\\/x.com\\\/fullo\"],\"url\":\"https:\\\/\\\/www.fullo.net\\\/blog\\\/author\\\/fullo\\\/\"}]}<\/script>\n<!-- \/ Yoast SEO plugin. -->","yoast_head_json":{"title":"Prossimi PHP eventi - Fullo","robots":{"index":"index","follow":"follow","max-snippet":"max-snippet:-1","max-image-preview":"max-image-preview:large","max-video-preview":"max-video-preview:-1"},"canonical":"https:\/\/www.fullo.net\/blog\/2008\/11\/25\/prossimi-php-eventi\/","og_locale":"en_US","og_type":"article","og_title":"Prossimi PHP eventi - Fullo","og_description":"Qualcosa si muove, quest&#8217;anno il numero di conferenze dedicate a PHP (e prodotti correlati) \u00e8 decisamente aumentato. A partire dal prossimo venerd\u00ec a Milano dove si terr\u00e0 il primo Drupal Day, passando per Roma dove a Marzo si terr\u00e0 la prima phpCon Italiana, fino a Maggio quando ci saranno il nuovo phpDay a Verona (maybe) [&hellip;]","og_url":"https:\/\/www.fullo.net\/blog\/2008\/11\/25\/prossimi-php-eventi\/","og_site_name":"Fullo","article_published_time":"2008-11-24T23:38:41+00:00","author":"Francesco Fullone","twitter_card":"summary_large_image","twitter_creator":"@fullo","twitter_site":"@fullo","twitter_misc":{"Written by":"Francesco Fullone"},"schema":{"@context":"https:\/\/schema.org","@graph":[{"@type":"Article","@id":"https:\/\/www.fullo.net\/blog\/2008\/11\/25\/prossimi-php-eventi\/#article","isPartOf":{"@id":"https:\/\/www.fullo.net\/blog\/2008\/11\/25\/prossimi-php-eventi\/"},"author":{"name":"Francesco Fullone","@id":"https:\/\/www.fullo.net\/blog\/#\/schema\/person\/24e91bc6caea6c411a8668df5639428c"},"headline":"Prossimi PHP eventi","datePublished":"2008-11-24T23:38:41+00:00","mainEntityOfPage":{"@id":"https:\/\/www.fullo.net\/blog\/2008\/11\/25\/prossimi-php-eventi\/"},"wordCount":89,"commentCount":0,"publisher":{"@id":"https:\/\/www.fullo.net\/blog\/#\/schema\/person\/24e91bc6caea6c411a8668df5639428c"},"keywords":["conferenze","drupal","eventi","grusp","ipc","manifestazioni","php","phpday","wordcamp","wordpress"],"articleSection":["eventi","php"],"inLanguage":"en-US","potentialAction":[{"@type":"CommentAction","name":"Comment","target":["https:\/\/www.fullo.net\/blog\/2008\/11\/25\/prossimi-php-eventi\/#respond"]}]},{"@type":"WebPage","@id":"https:\/\/www.fullo.net\/blog\/2008\/11\/25\/prossimi-php-eventi\/","url":"https:\/\/www.fullo.net\/blog\/2008\/11\/25\/prossimi-php-eventi\/","name":"Prossimi PHP eventi - Fullo","isPartOf":{"@id":"https:\/\/www.fullo.net\/blog\/#website"},"datePublished":"2008-11-24T23:38:41+00:00","breadcrumb":{"@id":"https:\/\/www.fullo.net\/blog\/2008\/11\/25\/prossimi-php-eventi\/#breadcrumb"},"inLanguage":"en-US","potentialAction":[{"@type":"ReadAction","target":["https:\/\/www.fullo.net\/blog\/2008\/11\/25\/prossimi-php-eventi\/"]}]},{"@type":"BreadcrumbList","@id":"https:\/\/www.fullo.net\/blog\/2008\/11\/25\/prossimi-php-eventi\/#breadcrumb","itemListElement":[{"@type":"ListItem","position":1,"name":"Home","item":"https:\/\/www.fullo.net\/blog\/"},{"@type":"ListItem","position":2,"name":"Prossimi PHP eventi"}]},{"@type":"WebSite","@id":"https:\/\/www.fullo.net\/blog\/#website","url":"https:\/\/www.fullo.net\/blog\/","name":"Fullo","description":"nulla e&#039; impossibile per chi non lo deve fare!","publisher":{"@id":"https:\/\/www.fullo.net\/blog\/#\/schema\/person\/24e91bc6caea6c411a8668df5639428c"},"potentialAction":[{"@type":"SearchAction","target":{"@type":"EntryPoint","urlTemplate":"https:\/\/www.fullo.net\/blog\/?s={search_term_string}"},"query-input":{"@type":"PropertyValueSpecification","valueRequired":true,"valueName":"search_term_string"}}],"inLanguage":"en-US"},{"@type":["Person","Organization"],"@id":"https:\/\/www.fullo.net\/blog\/#\/schema\/person\/24e91bc6caea6c411a8668df5639428c","name":"Francesco Fullone","image":{"@type":"ImageObject","inLanguage":"en-US","@id":"https:\/\/i0.wp.com\/www.fullo.net\/blog\/wp-content\/uploads\/2024\/10\/hawiaina-gold-circled-white.png?fit=622%2C622&ssl=1","url":"https:\/\/i0.wp.com\/www.fullo.net\/blog\/wp-content\/uploads\/2024\/10\/hawiaina-gold-circled-white.png?fit=622%2C622&ssl=1","contentUrl":"https:\/\/i0.wp.com\/www.fullo.net\/blog\/wp-content\/uploads\/2024\/10\/hawiaina-gold-circled-white.png?fit=622%2C622&ssl=1","width":622,"height":622,"caption":"Francesco Fullone"},"logo":{"@id":"https:\/\/i0.wp.com\/www.fullo.net\/blog\/wp-content\/uploads\/2024\/10\/hawiaina-gold-circled-white.png?fit=622%2C622&ssl=1"},"sameAs":["http:\/\/www.fullo.net","https:\/\/www.linkedin.com\/in\/fullo","https:\/\/x.com\/fullo"],"url":"https:\/\/www.fullo.net\/blog\/author\/fullo\/"}]}},"jetpack_publicize_connections":[],"jetpack_featured_media_url":"","jetpack_sharing_enabled":true,"jetpack_shortlink":"https:\/\/wp.me\/p3OSc1-Ep","jetpack_likes_enabled":true,"jetpack-related-posts":[{"id":2564,"url":"https:\/\/www.fullo.net\/blog\/2009\/01\/20\/iasummit-phpcon-e-phpday\/","url_meta":{"origin":2505,"position":0},"title":"IASummit, phpCon e phpDay","author":"Francesco Fullone","date":"20\/01\/2009","format":false,"excerpt":"Nei prossimi mesi si svolgeranno alcune conferenze a cui non si potr\u00e0 mancare. La prima, in ordine temporale, sar\u00e0 l'IASummit. Quest'anno la conferenza dedicata all'architettura dell'informazione si svolger\u00e0 a Forl\u00ec tra il 20 ed il 21 di Febbraio. E' gi\u00e0 stato reso disponibile il programma e vi consiglio di registrarvi\u2026","rel":"","context":"In &quot;eventi&quot;","block_context":{"text":"eventi","link":"https:\/\/www.fullo.net\/blog\/category\/eventi\/"},"img":{"alt_text":"","src":"","width":0,"height":0},"classes":[]},{"id":1944,"url":"https:\/\/www.fullo.net\/blog\/2006\/05\/02\/php-news-4\/","url_meta":{"origin":2505,"position":1},"title":"PHP news","author":"Francesco Fullone","date":"02\/05\/2006","format":false,"excerpt":"Ultimamente ho scritto poco... un poco a causa dei sempre maggiori impegni lavorativi un poco perch\u00e8 nel tempo libero (visto che non piove) cerco di uscire a prendere aria fresca.. ecco comunque una serie di informazioni sul mondo del PHP che avevo dimenticato di citare... E' uscito PHP 5.1.3, una\u2026","rel":"","context":"In &quot;eventi&quot;","block_context":{"text":"eventi","link":"https:\/\/www.fullo.net\/blog\/category\/eventi\/"},"img":{"alt_text":"","src":"","width":0,"height":0},"classes":[]},{"id":2633,"url":"https:\/\/www.fullo.net\/blog\/2009\/05\/14\/in-tour\/","url_meta":{"origin":2505,"position":2},"title":"In tour","author":"Francesco Fullone","date":"14\/05\/2009","format":false,"excerpt":"Continua il periodo di fuoco, fatto in tour tra conferenze in giro per l'Italia. Dopo aver partecipato al WorkingCapital a Catania ed al BetterSoftware a Firenze, domani andr\u00f2 al phpDay per un weekend dedicato a PHP (ps un grazie di cuore ai 150 iscritti!). Poi, la prossima settimana dopo un\u2026","rel":"","context":"In &quot;eventi&quot;","block_context":{"text":"eventi","link":"https:\/\/www.fullo.net\/blog\/category\/eventi\/"},"img":{"alt_text":"","src":"","width":0,"height":0},"classes":[]},{"id":1943,"url":"https:\/\/www.fullo.net\/blog\/2006\/04\/28\/maggio-periodo-di-conferenze\/","url_meta":{"origin":2505,"position":3},"title":"Maggio periodo di conferenze","author":"Francesco Fullone","date":"28\/04\/2006","format":false,"excerpt":"Maggio \u00e8 sempre stato un mese di eventi mondani, inizia la stagione dei concerti e quella delle le principali conferenze hi-tech in giro per l'Italia (compresa una certa Grande Fiera dell'Elettronica di Forl\u00ec della quale sono un abitu\u00e9). A parte il phpDay (al quale non posso mancare per ovvi motivi)\u2026","rel":"","context":"In &quot;di tutto un po'&quot;","block_context":{"text":"di tutto un po'","link":"https:\/\/www.fullo.net\/blog\/category\/di-tutto-un-po\/"},"img":{"alt_text":"","src":"","width":0,"height":0},"classes":[]},{"id":1866,"url":"https:\/\/www.fullo.net\/blog\/2006\/02\/07\/phpday-qualche-news\/","url_meta":{"origin":2505,"position":4},"title":"phpDay, qualche news&#8230;","author":"Francesco Fullone","date":"07\/02\/2006","format":false,"excerpt":"Il Grusp ha fatto ripartire ufficialmente l'organizzazione del phpDay che si terr\u00e0 molto probabilmente a Maggio a Bari. Molto presto troverete il sito dell'evento aggiornato con i call for paper e i call for sponsor ed altre succose novit\u00e0. Ah, si.. pare che adesso io faccia parte del direttivo della\u2026","rel":"","context":"In &quot;di tutto un po'&quot;","block_context":{"text":"di tutto un po'","link":"https:\/\/www.fullo.net\/blog\/category\/di-tutto-un-po\/"},"img":{"alt_text":"","src":"","width":0,"height":0},"classes":[]},{"id":1895,"url":"https:\/\/www.fullo.net\/blog\/2006\/03\/07\/phpday-online-le-modalita-di-sponsorizzazione\/","url_meta":{"origin":2505,"position":5},"title":"PHPDay, online le modalit\u00e0 di sponsorizzazione","author":"Francesco Fullone","date":"07\/03\/2006","format":false,"excerpt":"E' finalmente online il Call For Sponsors del phpDay che si terr\u00e0 a Bari il prossimo maggio. Se siete quindi un'azienda che sviluppa con quel linguaggio e che vuole farsi conoscere a livello nazionale in un evento ad esso collegato questa \u00e8 l'occasione che fa per voi. Inoltre per venire\u2026","rel":"","context":"In &quot;di tutto un po'&quot;","block_context":{"text":"di tutto un po'","link":"https:\/\/www.fullo.net\/blog\/category\/di-tutto-un-po\/"},"img":{"alt_text":"","src":"","width":0,"height":0},"classes":[]}],"_links":{"self":[{"href":"https:\/\/www.fullo.net\/blog\/wp-json\/wp\/v2\/posts\/2505","targetHints":{"allow":["GET"]}}],"collection":[{"href":"https:\/\/www.fullo.net\/blog\/wp-json\/wp\/v2\/posts"}],"about":[{"href":"https:\/\/www.fullo.net\/blog\/wp-json\/wp\/v2\/types\/post"}],"author":[{"embeddable":true,"href":"https:\/\/www.fullo.net\/blog\/wp-json\/wp\/v2\/users\/1"}],"replies":[{"embeddable":true,"href":"https:\/\/www.fullo.net\/blog\/wp-json\/wp\/v2\/comments?post=2505"}],"version-history":[{"count":1,"href":"https:\/\/www.fullo.net\/blog\/wp-json\/wp\/v2\/posts\/2505\/revisions"}],"predecessor-version":[{"id":2506,"href":"https:\/\/www.fullo.net\/blog\/wp-json\/wp\/v2\/posts\/2505\/revisions\/2506"}],"wp:attachment":[{"href":"https:\/\/www.fullo.net\/blog\/wp-json\/wp\/v2\/media?parent=2505"}],"wp:term":[{"taxonomy":"category","embeddable":true,"href":"https:\/\/www.fullo.net\/blog\/wp-json\/wp\/v2\/categories?post=2505"},{"taxonomy":"post_tag","embeddable":true,"href":"https:\/\/www.fullo.net\/blog\/wp-json\/wp\/v2\/tags?post=2505"}],"curies":[{"name":"wp","href":"https:\/\/api.w.org\/{rel}","templated":true}]}}