{"id":2624,"date":"2009-04-19T11:33:18","date_gmt":"2009-04-19T10:33:18","guid":{"rendered":"https:\/\/www.fullo.net\/blog\/?p=2624"},"modified":"2009-04-19T11:33:18","modified_gmt":"2009-04-19T10:33:18","slug":"social-software","status":"publish","type":"post","link":"https:\/\/www.fullo.net\/blog\/2009\/04\/19\/social-software\/","title":{"rendered":"Social Software"},"content":{"rendered":"<p>Mentre preparavo le slide per il mini talk di 10 minuti al <a href=\"http:\/\/www.bolognain.net\/minicamp-fare-business-in-tempo-di-crisi\/\">MiniCamp<\/a> di domani mi sono riletto <a href=\"http:\/\/friendfeed.com\/e\/b313d0b8-a434-4009-8631-583db901c481\/sartoni-dice-una-cosa-intelligente-un-modo-per\/\">questo thread su FriendFeed<\/a> fatto partire da <a href=\"http:\/\/blog.nicolamattina.it\">Nicola<\/a>. E mi sono accorto che tutti parlano di social software inteso come pura interazione di persone, mentre il sottoscritto ne ha una visione leggermente diversa (distorta?).<\/p>\n<blockquote><p>Nella categoria <em>social software<\/em> rientrano quei prodotti che permettono la <em>socialit\u00e0<\/em> verso un gruppo ben definito di partecipanti. Che siano umani o meno. <\/p><\/blockquote>\n<p>Mi spiego meglio.<br \/>\n<!--more--><\/p>\n<p>FriendFeed \u00e8 sociale perch\u00e8 permette a pi\u00f9 persone di seguire ed interagire all&#8217;interno di discussioni (fatte partire da persone) facendole evolvere, e fin qui siamo tutti d&#8217;accordo.<\/p>\n<p>Per me, una griglia di webservices \u00e8 ugualmente <em>sociale<\/em> perch\u00e8 abilita altri servizi\/software ad interagire tra di loro facendo evolvere il dato iniziale e dando nuove informazioni a corredo. <\/p>\n<p>Ecco quello che IMHO <a href=\"http:\/\/www.lucasartoni.com\">Luca<\/a> intendeva dire al ParmaWorkCamp, ad una platea ormai miope a tutto quello che \u00e8 al di fuori di blog, Facebook, Twitter, FriendFeed, \u00e8 che le <strong>stesse tecnologie<\/strong> in voga adesso su internet possono essere utilizzate, <strong>ma in altri contesti<\/strong>, anche all&#8217;interno di medio-piccole imprese che, magari non hanno bisogno dell&#8217;ennesimo gruppo di Facebook o del blog aziendale ma, necessitano di ridurre le spese e di snellire i processi aziendali. <\/p>\n<p>Ad esempio offrendo ai propri distributori i feed delle previsioni di produzione mensile, i quali a loro volta potrebbero usarli per ottimizzare i trasporti ed integrarli con la tracciabilit\u00e0 della merce. O ancora creando un mashup che permetta di confrontare ed elaborare dati altrimenti sparsi su una dozzina di prodotti proprietari installati in casa, ma che sfruttano basi di dati accessibili. Il tutto a prezzi molto pi\u00f9 contenuti di una installazione di SAP o di una personalizzazione dell&#8217;ERP in AS\/400.<\/p>\n<p>Poi il fatto che molte piccole-medie aziende italiane non abbiano una visione abbastanza ampia da capirne i benefici \u00e8 indiscutibile. Ma d&#8217;altronde sono le stesse aziende che non investono in R&#038;S, che considerano i dipendenti come risorsa sacrificabile (a prescindere dal fatto che siano questi ultimi ad avere il know-how) ed alle quali non interessa la crescita ma solo la mera sopravvivenza. <\/p>\n<p>ciuaz<\/p>\n","protected":false},"excerpt":{"rendered":"<p>Mentre preparavo le slide per il mini talk di 10 minuti al MiniCamp di domani mi sono riletto questo thread su FriendFeed fatto partire da Nicola. E mi sono accorto che tutti parlano di social software inteso come pura interazione di persone, mentre il sottoscritto ne ha una visione leggermente diversa (distorta?). Nella categoria social [&hellip;]<\/p>\n","protected":false},"author":1,"featured_media":0,"comment_status":"open","ping_status":"open","sticky":false,"template":"","format":"standard","meta":{"jetpack_post_was_ever_published":false,"_jetpack_newsletter_access":"","_jetpack_dont_email_post_to_subs":false,"_jetpack_newsletter_tier_id":0,"_jetpack_memberships_contains_paywalled_content":false,"_jetpack_memberships_contains_paid_content":false,"footnotes":"","jetpack_publicize_message":"","jetpack_publicize_feature_enabled":true,"jetpack_social_post_already_shared":false,"jetpack_social_options":{"image_generator_settings":{"template":"highway","default_image_id":0,"font":"","enabled":false},"version":2}},"categories":[17,4,5],"tags":[1474,1355,2092,2091,2086,180,909],"class_list":["post-2624","post","type-post","status-publish","format-standard","hentry","category-eventi","category-pensieri","category-tecnologia","tag-barcamp","tag-bologna","tag-bolognain","tag-minicamp","tag-rbc","tag-socialsoftware","tag-talk"],"yoast_head":"<!-- This site is optimized with the Yoast SEO plugin v27.5 - https:\/\/yoast.com\/product\/yoast-seo-wordpress\/ -->\n<title>Social Software - Fullo<\/title>\n<meta name=\"robots\" content=\"index, follow, max-snippet:-1, max-image-preview:large, max-video-preview:-1\" \/>\n<link rel=\"canonical\" href=\"https:\/\/www.fullo.net\/blog\/2009\/04\/19\/social-software\/\" \/>\n<meta property=\"og:locale\" content=\"en_US\" \/>\n<meta property=\"og:type\" content=\"article\" \/>\n<meta property=\"og:title\" content=\"Social Software - Fullo\" \/>\n<meta property=\"og:description\" content=\"Mentre preparavo le slide per il mini talk di 10 minuti al MiniCamp di domani mi sono riletto questo thread su FriendFeed fatto partire da Nicola. E mi sono accorto che tutti parlano di social software inteso come pura interazione di persone, mentre il sottoscritto ne ha una visione leggermente diversa (distorta?). Nella categoria social [&hellip;]\" \/>\n<meta property=\"og:url\" content=\"https:\/\/www.fullo.net\/blog\/2009\/04\/19\/social-software\/\" \/>\n<meta property=\"og:site_name\" content=\"Fullo\" \/>\n<meta property=\"article:published_time\" content=\"2009-04-19T10:33:18+00:00\" \/>\n<meta name=\"author\" content=\"Francesco Fullone\" \/>\n<meta name=\"twitter:card\" content=\"summary_large_image\" \/>\n<meta name=\"twitter:creator\" content=\"@fullo\" \/>\n<meta name=\"twitter:site\" content=\"@fullo\" \/>\n<meta name=\"twitter:label1\" content=\"Written by\" \/>\n\t<meta name=\"twitter:data1\" content=\"Francesco Fullone\" \/>\n\t<meta name=\"twitter:label2\" content=\"Est. reading time\" \/>\n\t<meta name=\"twitter:data2\" content=\"2 minutes\" \/>\n<script type=\"application\/ld+json\" class=\"yoast-schema-graph\">{\"@context\":\"https:\\\/\\\/schema.org\",\"@graph\":[{\"@type\":\"Article\",\"@id\":\"https:\\\/\\\/www.fullo.net\\\/blog\\\/2009\\\/04\\\/19\\\/social-software\\\/#article\",\"isPartOf\":{\"@id\":\"https:\\\/\\\/www.fullo.net\\\/blog\\\/2009\\\/04\\\/19\\\/social-software\\\/\"},\"author\":{\"name\":\"Francesco Fullone\",\"@id\":\"https:\\\/\\\/www.fullo.net\\\/blog\\\/#\\\/schema\\\/person\\\/24e91bc6caea6c411a8668df5639428c\"},\"headline\":\"Social Software\",\"datePublished\":\"2009-04-19T10:33:18+00:00\",\"mainEntityOfPage\":{\"@id\":\"https:\\\/\\\/www.fullo.net\\\/blog\\\/2009\\\/04\\\/19\\\/social-software\\\/\"},\"wordCount\":355,\"commentCount\":1,\"publisher\":{\"@id\":\"https:\\\/\\\/www.fullo.net\\\/blog\\\/#\\\/schema\\\/person\\\/24e91bc6caea6c411a8668df5639428c\"},\"keywords\":[\"barcamp\",\"bologna\",\"bolognain\",\"minicamp\",\"rbc\",\"socialsoftware\",\"talk\"],\"articleSection\":[\"eventi\",\"pensieri\",\"tecnologia\"],\"inLanguage\":\"en-US\",\"potentialAction\":[{\"@type\":\"CommentAction\",\"name\":\"Comment\",\"target\":[\"https:\\\/\\\/www.fullo.net\\\/blog\\\/2009\\\/04\\\/19\\\/social-software\\\/#respond\"]}]},{\"@type\":\"WebPage\",\"@id\":\"https:\\\/\\\/www.fullo.net\\\/blog\\\/2009\\\/04\\\/19\\\/social-software\\\/\",\"url\":\"https:\\\/\\\/www.fullo.net\\\/blog\\\/2009\\\/04\\\/19\\\/social-software\\\/\",\"name\":\"Social Software - Fullo\",\"isPartOf\":{\"@id\":\"https:\\\/\\\/www.fullo.net\\\/blog\\\/#website\"},\"datePublished\":\"2009-04-19T10:33:18+00:00\",\"breadcrumb\":{\"@id\":\"https:\\\/\\\/www.fullo.net\\\/blog\\\/2009\\\/04\\\/19\\\/social-software\\\/#breadcrumb\"},\"inLanguage\":\"en-US\",\"potentialAction\":[{\"@type\":\"ReadAction\",\"target\":[\"https:\\\/\\\/www.fullo.net\\\/blog\\\/2009\\\/04\\\/19\\\/social-software\\\/\"]}]},{\"@type\":\"BreadcrumbList\",\"@id\":\"https:\\\/\\\/www.fullo.net\\\/blog\\\/2009\\\/04\\\/19\\\/social-software\\\/#breadcrumb\",\"itemListElement\":[{\"@type\":\"ListItem\",\"position\":1,\"name\":\"Home\",\"item\":\"https:\\\/\\\/www.fullo.net\\\/blog\\\/\"},{\"@type\":\"ListItem\",\"position\":2,\"name\":\"Social Software\"}]},{\"@type\":\"WebSite\",\"@id\":\"https:\\\/\\\/www.fullo.net\\\/blog\\\/#website\",\"url\":\"https:\\\/\\\/www.fullo.net\\\/blog\\\/\",\"name\":\"Fullo\",\"description\":\"nulla e&#039; impossibile per chi non lo deve fare!\",\"publisher\":{\"@id\":\"https:\\\/\\\/www.fullo.net\\\/blog\\\/#\\\/schema\\\/person\\\/24e91bc6caea6c411a8668df5639428c\"},\"potentialAction\":[{\"@type\":\"SearchAction\",\"target\":{\"@type\":\"EntryPoint\",\"urlTemplate\":\"https:\\\/\\\/www.fullo.net\\\/blog\\\/?s={search_term_string}\"},\"query-input\":{\"@type\":\"PropertyValueSpecification\",\"valueRequired\":true,\"valueName\":\"search_term_string\"}}],\"inLanguage\":\"en-US\"},{\"@type\":[\"Person\",\"Organization\"],\"@id\":\"https:\\\/\\\/www.fullo.net\\\/blog\\\/#\\\/schema\\\/person\\\/24e91bc6caea6c411a8668df5639428c\",\"name\":\"Francesco Fullone\",\"image\":{\"@type\":\"ImageObject\",\"inLanguage\":\"en-US\",\"@id\":\"https:\\\/\\\/i0.wp.com\\\/www.fullo.net\\\/blog\\\/wp-content\\\/uploads\\\/2024\\\/10\\\/hawiaina-gold-circled-white.png?fit=622%2C622&ssl=1\",\"url\":\"https:\\\/\\\/i0.wp.com\\\/www.fullo.net\\\/blog\\\/wp-content\\\/uploads\\\/2024\\\/10\\\/hawiaina-gold-circled-white.png?fit=622%2C622&ssl=1\",\"contentUrl\":\"https:\\\/\\\/i0.wp.com\\\/www.fullo.net\\\/blog\\\/wp-content\\\/uploads\\\/2024\\\/10\\\/hawiaina-gold-circled-white.png?fit=622%2C622&ssl=1\",\"width\":622,\"height\":622,\"caption\":\"Francesco Fullone\"},\"logo\":{\"@id\":\"https:\\\/\\\/i0.wp.com\\\/www.fullo.net\\\/blog\\\/wp-content\\\/uploads\\\/2024\\\/10\\\/hawiaina-gold-circled-white.png?fit=622%2C622&ssl=1\"},\"sameAs\":[\"http:\\\/\\\/www.fullo.net\",\"https:\\\/\\\/www.linkedin.com\\\/in\\\/fullo\",\"https:\\\/\\\/x.com\\\/fullo\"],\"url\":\"https:\\\/\\\/www.fullo.net\\\/blog\\\/author\\\/fullo\\\/\"}]}<\/script>\n<!-- \/ Yoast SEO plugin. -->","yoast_head_json":{"title":"Social Software - Fullo","robots":{"index":"index","follow":"follow","max-snippet":"max-snippet:-1","max-image-preview":"max-image-preview:large","max-video-preview":"max-video-preview:-1"},"canonical":"https:\/\/www.fullo.net\/blog\/2009\/04\/19\/social-software\/","og_locale":"en_US","og_type":"article","og_title":"Social Software - Fullo","og_description":"Mentre preparavo le slide per il mini talk di 10 minuti al MiniCamp di domani mi sono riletto questo thread su FriendFeed fatto partire da Nicola. E mi sono accorto che tutti parlano di social software inteso come pura interazione di persone, mentre il sottoscritto ne ha una visione leggermente diversa (distorta?). Nella categoria social [&hellip;]","og_url":"https:\/\/www.fullo.net\/blog\/2009\/04\/19\/social-software\/","og_site_name":"Fullo","article_published_time":"2009-04-19T10:33:18+00:00","author":"Francesco Fullone","twitter_card":"summary_large_image","twitter_creator":"@fullo","twitter_site":"@fullo","twitter_misc":{"Written by":"Francesco Fullone","Est. reading time":"2 minutes"},"schema":{"@context":"https:\/\/schema.org","@graph":[{"@type":"Article","@id":"https:\/\/www.fullo.net\/blog\/2009\/04\/19\/social-software\/#article","isPartOf":{"@id":"https:\/\/www.fullo.net\/blog\/2009\/04\/19\/social-software\/"},"author":{"name":"Francesco Fullone","@id":"https:\/\/www.fullo.net\/blog\/#\/schema\/person\/24e91bc6caea6c411a8668df5639428c"},"headline":"Social Software","datePublished":"2009-04-19T10:33:18+00:00","mainEntityOfPage":{"@id":"https:\/\/www.fullo.net\/blog\/2009\/04\/19\/social-software\/"},"wordCount":355,"commentCount":1,"publisher":{"@id":"https:\/\/www.fullo.net\/blog\/#\/schema\/person\/24e91bc6caea6c411a8668df5639428c"},"keywords":["barcamp","bologna","bolognain","minicamp","rbc","socialsoftware","talk"],"articleSection":["eventi","pensieri","tecnologia"],"inLanguage":"en-US","potentialAction":[{"@type":"CommentAction","name":"Comment","target":["https:\/\/www.fullo.net\/blog\/2009\/04\/19\/social-software\/#respond"]}]},{"@type":"WebPage","@id":"https:\/\/www.fullo.net\/blog\/2009\/04\/19\/social-software\/","url":"https:\/\/www.fullo.net\/blog\/2009\/04\/19\/social-software\/","name":"Social Software - Fullo","isPartOf":{"@id":"https:\/\/www.fullo.net\/blog\/#website"},"datePublished":"2009-04-19T10:33:18+00:00","breadcrumb":{"@id":"https:\/\/www.fullo.net\/blog\/2009\/04\/19\/social-software\/#breadcrumb"},"inLanguage":"en-US","potentialAction":[{"@type":"ReadAction","target":["https:\/\/www.fullo.net\/blog\/2009\/04\/19\/social-software\/"]}]},{"@type":"BreadcrumbList","@id":"https:\/\/www.fullo.net\/blog\/2009\/04\/19\/social-software\/#breadcrumb","itemListElement":[{"@type":"ListItem","position":1,"name":"Home","item":"https:\/\/www.fullo.net\/blog\/"},{"@type":"ListItem","position":2,"name":"Social Software"}]},{"@type":"WebSite","@id":"https:\/\/www.fullo.net\/blog\/#website","url":"https:\/\/www.fullo.net\/blog\/","name":"Fullo","description":"nulla e&#039; impossibile per chi non lo deve fare!","publisher":{"@id":"https:\/\/www.fullo.net\/blog\/#\/schema\/person\/24e91bc6caea6c411a8668df5639428c"},"potentialAction":[{"@type":"SearchAction","target":{"@type":"EntryPoint","urlTemplate":"https:\/\/www.fullo.net\/blog\/?s={search_term_string}"},"query-input":{"@type":"PropertyValueSpecification","valueRequired":true,"valueName":"search_term_string"}}],"inLanguage":"en-US"},{"@type":["Person","Organization"],"@id":"https:\/\/www.fullo.net\/blog\/#\/schema\/person\/24e91bc6caea6c411a8668df5639428c","name":"Francesco Fullone","image":{"@type":"ImageObject","inLanguage":"en-US","@id":"https:\/\/i0.wp.com\/www.fullo.net\/blog\/wp-content\/uploads\/2024\/10\/hawiaina-gold-circled-white.png?fit=622%2C622&ssl=1","url":"https:\/\/i0.wp.com\/www.fullo.net\/blog\/wp-content\/uploads\/2024\/10\/hawiaina-gold-circled-white.png?fit=622%2C622&ssl=1","contentUrl":"https:\/\/i0.wp.com\/www.fullo.net\/blog\/wp-content\/uploads\/2024\/10\/hawiaina-gold-circled-white.png?fit=622%2C622&ssl=1","width":622,"height":622,"caption":"Francesco Fullone"},"logo":{"@id":"https:\/\/i0.wp.com\/www.fullo.net\/blog\/wp-content\/uploads\/2024\/10\/hawiaina-gold-circled-white.png?fit=622%2C622&ssl=1"},"sameAs":["http:\/\/www.fullo.net","https:\/\/www.linkedin.com\/in\/fullo","https:\/\/x.com\/fullo"],"url":"https:\/\/www.fullo.net\/blog\/author\/fullo\/"}]}},"jetpack_publicize_connections":[],"jetpack_featured_media_url":"","jetpack_sharing_enabled":true,"jetpack_shortlink":"https:\/\/wp.me\/p3OSc1-Gk","jetpack_likes_enabled":true,"jetpack-related-posts":[{"id":4042,"url":"https:\/\/www.fullo.net\/blog\/2023\/07\/24\/crisi-idrica-e-green-it\/","url_meta":{"origin":2624,"position":0},"title":"Crisi idrica e Green IT","author":"Francesco Fullone","date":"24\/07\/2023","format":false,"excerpt":"La siccit\u00e0 e la mancanza di acqua sono sfide cruciali per i governi dei prossimi anni.","rel":"","context":"In &quot;advisoring&quot;","block_context":{"text":"advisoring","link":"https:\/\/www.fullo.net\/blog\/category\/entrepreneurship\/advisoring\/"},"img":{"alt_text":"i datacenter consumano acqua, green it","src":"https:\/\/i0.wp.com\/www.fullo.net\/blog\/wp-content\/uploads\/2023\/07\/25-d7bf6243-6e4c-4d51-aab1-6a47719d251f.png?fit=1024%2C1024&ssl=1&resize=350%2C200","width":350,"height":200,"srcset":"https:\/\/i0.wp.com\/www.fullo.net\/blog\/wp-content\/uploads\/2023\/07\/25-d7bf6243-6e4c-4d51-aab1-6a47719d251f.png?fit=1024%2C1024&ssl=1&resize=350%2C200 1x, https:\/\/i0.wp.com\/www.fullo.net\/blog\/wp-content\/uploads\/2023\/07\/25-d7bf6243-6e4c-4d51-aab1-6a47719d251f.png?fit=1024%2C1024&ssl=1&resize=525%2C300 1.5x, https:\/\/i0.wp.com\/www.fullo.net\/blog\/wp-content\/uploads\/2023\/07\/25-d7bf6243-6e4c-4d51-aab1-6a47719d251f.png?fit=1024%2C1024&ssl=1&resize=700%2C400 2x"},"classes":[]},{"id":1966,"url":"https:\/\/www.fullo.net\/blog\/2006\/05\/22\/phpday-considerazioni-a-mente-fredda-e-corpo-affaticato\/","url_meta":{"origin":2624,"position":1},"title":"PHPDay, considerazioni a mente fredda (e corpo affaticato)","author":"Francesco Fullone","date":"22\/05\/2006","format":false,"excerpt":"Nonostante il phpDay sia finito (per il pubblico) sabato, per noi del GrUSP c'\u00e8 ancora un pochino di lavoro da fare come pagare le ultime fatture, inviare gli attestati ed aggiornare il sito con le varie slides... Quest'anno ho sentimenti contrastanti sull'evento, anche perch\u00e8 sono passato dallo status di supporter\/visitatore\u2026","rel":"","context":"In &quot;eventi&quot;","block_context":{"text":"eventi","link":"https:\/\/www.fullo.net\/blog\/category\/eventi\/"},"img":{"alt_text":"","src":"","width":0,"height":0},"classes":[]},{"id":1786,"url":"https:\/\/www.fullo.net\/blog\/2005\/11\/27\/linuxday-05\/","url_meta":{"origin":2624,"position":2},"title":"LinuxDay &#8217;05","author":"Francesco Fullone","date":"27\/11\/2005","format":false,"excerpt":"E' finalmente finita la conferenza-maratona a Cesena. Gli ultimi 4 giorni sono stati, per tutti quelli che hanno collaborato (Santana in testa), un vero e proprio massacro sia psicologico e che fisico. Vuoi per le sfighe tipo \"sciopero nazionale di *\" e \"tempo da lupi all'ennesima potenza\" e vuoi per\u2026","rel":"","context":"In &quot;foto&quot;","block_context":{"text":"foto","link":"https:\/\/www.fullo.net\/blog\/category\/di-tutto-un-po\/foto\/"},"img":{"alt_text":"","src":"","width":0,"height":0},"classes":[]},{"id":3356,"url":"https:\/\/www.fullo.net\/blog\/2019\/03\/19\/processi-decisionali-collaborativi\/","url_meta":{"origin":2624,"position":3},"title":"Processi decisionali collaborativi","author":"Francesco Fullone","date":"19\/03\/2019","format":false,"excerpt":"Quello che segue \u00e8 un estratto del talk che ho tenuto all'AgileDay 2019 di come ideato ed extrategy siano diventate Flowing. Nello specifico in questo articolo spiegher\u00f2 di come abbiamo impostato, in Open Governance, un framework per aiutarci nei processi decisionali [1] identificando, sulla nostra esperienza, tool diversi in base\u2026","rel":"","context":"In &quot;Entrepreneurship&quot;","block_context":{"text":"Entrepreneurship","link":"https:\/\/www.fullo.net\/blog\/category\/entrepreneurship\/"},"img":{"alt_text":"gioco delle leve","src":"https:\/\/i0.wp.com\/www.fullo.net\/blog\/wp-content\/uploads\/2020\/02\/1-X6JPJbk5dy8ZsVcYHoonpg.png?fit=800%2C620&ssl=1&resize=350%2C200","width":350,"height":200,"srcset":"https:\/\/i0.wp.com\/www.fullo.net\/blog\/wp-content\/uploads\/2020\/02\/1-X6JPJbk5dy8ZsVcYHoonpg.png?fit=800%2C620&ssl=1&resize=350%2C200 1x, https:\/\/i0.wp.com\/www.fullo.net\/blog\/wp-content\/uploads\/2020\/02\/1-X6JPJbk5dy8ZsVcYHoonpg.png?fit=800%2C620&ssl=1&resize=525%2C300 1.5x, https:\/\/i0.wp.com\/www.fullo.net\/blog\/wp-content\/uploads\/2020\/02\/1-X6JPJbk5dy8ZsVcYHoonpg.png?fit=800%2C620&ssl=1&resize=700%2C400 2x"},"classes":[]},{"id":3374,"url":"https:\/\/www.fullo.net\/blog\/2020\/02\/27\/2020\/","url_meta":{"origin":2624,"position":4},"title":"2020","author":"Francesco Fullone","date":"27\/02\/2020","format":false,"excerpt":"Come i pi\u00f9 attenti umarell da socialini avranno notato negli ultimi due mesi c'\u00e8 stato un po' di fermendo sul mio account Linkedin. A partire da quest'anno ho deciso di rivedere le priorit\u00e0 personali concedendomi pi\u00f9 tempo per attivit\u00e0 che reputo a valore aggiunto (famiglia, me stesso, comunit\u00e0 delle persone\u2026","rel":"","context":"In &quot;Entrepreneurship&quot;","block_context":{"text":"Entrepreneurship","link":"https:\/\/www.fullo.net\/blog\/category\/entrepreneurship\/"},"img":{"alt_text":"panta rei, tutto scorre","src":"https:\/\/i0.wp.com\/www.fullo.net\/blog\/wp-content\/uploads\/2020\/02\/panta-rei.jpg?fit=638%2C359&ssl=1&resize=350%2C200","width":350,"height":200,"srcset":"https:\/\/i0.wp.com\/www.fullo.net\/blog\/wp-content\/uploads\/2020\/02\/panta-rei.jpg?fit=638%2C359&ssl=1&resize=350%2C200 1x, https:\/\/i0.wp.com\/www.fullo.net\/blog\/wp-content\/uploads\/2020\/02\/panta-rei.jpg?fit=638%2C359&ssl=1&resize=525%2C300 1.5x"},"classes":[]},{"id":2751,"url":"https:\/\/www.fullo.net\/blog\/2010\/08\/22\/100km-con-le-mbt-ai-piedi\/","url_meta":{"origin":2624,"position":5},"title":"100Km con le MBT ai piedi&#8230;","author":"Francesco Fullone","date":"22\/08\/2010","format":false,"excerpt":"Come molti di voi sapranno, seguendomi su FriendFeed o su Twitter, qualche mese fa ho comprato un paio di MBT, per la precisione le Tembea White Cap, per provare a alleviare il continuo dolore al ginocchio che mi perseguita da qualche anno. Le scarpe, che premetto non sono da trekking\u2026","rel":"","context":"In &quot;di tutto un po'&quot;","block_context":{"text":"di tutto un po'","link":"https:\/\/www.fullo.net\/blog\/category\/di-tutto-un-po\/"},"img":{"alt_text":"","src":"https:\/\/i0.wp.com\/www.fullo.net\/blog\/wp-content\/uploads\/2010\/08\/IMG_0286-300x225.jpg?resize=350%2C200","width":350,"height":200},"classes":[]}],"_links":{"self":[{"href":"https:\/\/www.fullo.net\/blog\/wp-json\/wp\/v2\/posts\/2624","targetHints":{"allow":["GET"]}}],"collection":[{"href":"https:\/\/www.fullo.net\/blog\/wp-json\/wp\/v2\/posts"}],"about":[{"href":"https:\/\/www.fullo.net\/blog\/wp-json\/wp\/v2\/types\/post"}],"author":[{"embeddable":true,"href":"https:\/\/www.fullo.net\/blog\/wp-json\/wp\/v2\/users\/1"}],"replies":[{"embeddable":true,"href":"https:\/\/www.fullo.net\/blog\/wp-json\/wp\/v2\/comments?post=2624"}],"version-history":[{"count":1,"href":"https:\/\/www.fullo.net\/blog\/wp-json\/wp\/v2\/posts\/2624\/revisions"}],"predecessor-version":[{"id":2625,"href":"https:\/\/www.fullo.net\/blog\/wp-json\/wp\/v2\/posts\/2624\/revisions\/2625"}],"wp:attachment":[{"href":"https:\/\/www.fullo.net\/blog\/wp-json\/wp\/v2\/media?parent=2624"}],"wp:term":[{"taxonomy":"category","embeddable":true,"href":"https:\/\/www.fullo.net\/blog\/wp-json\/wp\/v2\/categories?post=2624"},{"taxonomy":"post_tag","embeddable":true,"href":"https:\/\/www.fullo.net\/blog\/wp-json\/wp\/v2\/tags?post=2624"}],"curies":[{"name":"wp","href":"https:\/\/api.w.org\/{rel}","templated":true}]}}