{"id":2628,"date":"2009-04-20T10:33:17","date_gmt":"2009-04-20T09:33:17","guid":{"rendered":"https:\/\/www.fullo.net\/blog\/?p=2628"},"modified":"2009-04-20T10:34:30","modified_gmt":"2009-04-20T09:34:30","slug":"non-date-l8-per-mille-alla-chiesa","status":"publish","type":"post","link":"https:\/\/www.fullo.net\/blog\/2009\/04\/20\/non-date-l8-per-mille-alla-chiesa\/","title":{"rendered":"Non date l&#8217;8 per mille alla chiesa."},"content":{"rendered":"<p>Giusto per appoggiare il messaggio di <a href=\"http:\/\/www.dotcoma.it\/2009\/04\/20\/8_per_mille_non_alla_chiesa_cattolica.html\">Massimo<\/a>: <\/p>\n<p><object width=\"425\" height=\"344\"><param name=\"movie\" value=\"http:\/\/www.youtube.com\/v\/AB5xOJaILPc&#038;color1=0xb1b1b1&#038;color2=0xcfcfcf&#038;hl=en&#038;feature=player_embedded&#038;fs=1\"><\/param><param name=\"allowFullScreen\" value=\"true\"><\/param><\/object><\/p>\n<p>Per maggiori informazioni fate un giro sul sito dell&#8217;<a href=\"http:\/\/www.uaar.it\/laicita\/otto_per_mille\/\">UAAR<\/a><\/p>\n<p>ciuaz<\/p>\n","protected":false},"excerpt":{"rendered":"<p>Giusto per appoggiare il messaggio di Massimo: Per maggiori informazioni fate un giro sul sito dell&#8217;UAAR ciuaz<\/p>\n","protected":false},"author":1,"featured_media":0,"comment_status":"open","ping_status":"open","sticky":false,"template":"","format":"standard","meta":{"jetpack_post_was_ever_published":false,"_jetpack_newsletter_access":"","_jetpack_dont_email_post_to_subs":false,"_jetpack_newsletter_tier_id":0,"_jetpack_memberships_contains_paywalled_content":false,"_jetpack_memberships_contains_paid_content":false,"footnotes":"","jetpack_publicize_message":"","jetpack_publicize_feature_enabled":true,"jetpack_social_post_already_shared":false,"jetpack_social_options":{"image_generator_settings":{"template":"highway","default_image_id":0,"font":"","enabled":false},"version":2}},"categories":[1,4],"tags":[2093,1944,147,240,149],"class_list":["post-2628","post","type-post","status-publish","format-standard","hentry","category-di-tutto-un-po","category-pensieri","tag-8xmille","tag-chiesa","tag-otto-per-mille","tag-stato","tag-tasse"],"yoast_head":"<!-- This site is optimized with the Yoast SEO plugin v27.5 - https:\/\/yoast.com\/product\/yoast-seo-wordpress\/ -->\n<title>Non date l&#039;8 per mille alla chiesa. - Fullo<\/title>\n<meta name=\"robots\" content=\"index, follow, max-snippet:-1, max-image-preview:large, max-video-preview:-1\" \/>\n<link rel=\"canonical\" href=\"https:\/\/www.fullo.net\/blog\/2009\/04\/20\/non-date-l8-per-mille-alla-chiesa\/\" \/>\n<meta property=\"og:locale\" content=\"en_US\" \/>\n<meta property=\"og:type\" content=\"article\" \/>\n<meta property=\"og:title\" content=\"Non date l&#039;8 per mille alla chiesa. - Fullo\" \/>\n<meta property=\"og:description\" content=\"Giusto per appoggiare il messaggio di Massimo: Per maggiori informazioni fate un giro sul sito dell&#8217;UAAR ciuaz\" \/>\n<meta property=\"og:url\" content=\"https:\/\/www.fullo.net\/blog\/2009\/04\/20\/non-date-l8-per-mille-alla-chiesa\/\" \/>\n<meta property=\"og:site_name\" content=\"Fullo\" \/>\n<meta property=\"article:published_time\" content=\"2009-04-20T09:33:17+00:00\" \/>\n<meta property=\"article:modified_time\" content=\"2009-04-20T09:34:30+00:00\" \/>\n<meta name=\"author\" content=\"Francesco Fullone\" \/>\n<meta name=\"twitter:card\" content=\"summary_large_image\" \/>\n<meta name=\"twitter:creator\" content=\"@fullo\" \/>\n<meta name=\"twitter:site\" content=\"@fullo\" \/>\n<meta name=\"twitter:label1\" content=\"Written by\" \/>\n\t<meta name=\"twitter:data1\" content=\"Francesco Fullone\" \/>\n<script type=\"application\/ld+json\" class=\"yoast-schema-graph\">{\"@context\":\"https:\\\/\\\/schema.org\",\"@graph\":[{\"@type\":\"Article\",\"@id\":\"https:\\\/\\\/www.fullo.net\\\/blog\\\/2009\\\/04\\\/20\\\/non-date-l8-per-mille-alla-chiesa\\\/#article\",\"isPartOf\":{\"@id\":\"https:\\\/\\\/www.fullo.net\\\/blog\\\/2009\\\/04\\\/20\\\/non-date-l8-per-mille-alla-chiesa\\\/\"},\"author\":{\"name\":\"Francesco Fullone\",\"@id\":\"https:\\\/\\\/www.fullo.net\\\/blog\\\/#\\\/schema\\\/person\\\/24e91bc6caea6c411a8668df5639428c\"},\"headline\":\"Non date l&#8217;8 per mille alla chiesa.\",\"datePublished\":\"2009-04-20T09:33:17+00:00\",\"dateModified\":\"2009-04-20T09:34:30+00:00\",\"mainEntityOfPage\":{\"@id\":\"https:\\\/\\\/www.fullo.net\\\/blog\\\/2009\\\/04\\\/20\\\/non-date-l8-per-mille-alla-chiesa\\\/\"},\"wordCount\":25,\"commentCount\":5,\"publisher\":{\"@id\":\"https:\\\/\\\/www.fullo.net\\\/blog\\\/#\\\/schema\\\/person\\\/24e91bc6caea6c411a8668df5639428c\"},\"keywords\":[\"8xmille\",\"chiesa\",\"otto per mille\",\"stato\",\"tasse\"],\"articleSection\":[\"di tutto un po'\",\"pensieri\"],\"inLanguage\":\"en-US\",\"potentialAction\":[{\"@type\":\"CommentAction\",\"name\":\"Comment\",\"target\":[\"https:\\\/\\\/www.fullo.net\\\/blog\\\/2009\\\/04\\\/20\\\/non-date-l8-per-mille-alla-chiesa\\\/#respond\"]}]},{\"@type\":\"WebPage\",\"@id\":\"https:\\\/\\\/www.fullo.net\\\/blog\\\/2009\\\/04\\\/20\\\/non-date-l8-per-mille-alla-chiesa\\\/\",\"url\":\"https:\\\/\\\/www.fullo.net\\\/blog\\\/2009\\\/04\\\/20\\\/non-date-l8-per-mille-alla-chiesa\\\/\",\"name\":\"Non date l'8 per mille alla chiesa. - Fullo\",\"isPartOf\":{\"@id\":\"https:\\\/\\\/www.fullo.net\\\/blog\\\/#website\"},\"datePublished\":\"2009-04-20T09:33:17+00:00\",\"dateModified\":\"2009-04-20T09:34:30+00:00\",\"breadcrumb\":{\"@id\":\"https:\\\/\\\/www.fullo.net\\\/blog\\\/2009\\\/04\\\/20\\\/non-date-l8-per-mille-alla-chiesa\\\/#breadcrumb\"},\"inLanguage\":\"en-US\",\"potentialAction\":[{\"@type\":\"ReadAction\",\"target\":[\"https:\\\/\\\/www.fullo.net\\\/blog\\\/2009\\\/04\\\/20\\\/non-date-l8-per-mille-alla-chiesa\\\/\"]}]},{\"@type\":\"BreadcrumbList\",\"@id\":\"https:\\\/\\\/www.fullo.net\\\/blog\\\/2009\\\/04\\\/20\\\/non-date-l8-per-mille-alla-chiesa\\\/#breadcrumb\",\"itemListElement\":[{\"@type\":\"ListItem\",\"position\":1,\"name\":\"Home\",\"item\":\"https:\\\/\\\/www.fullo.net\\\/blog\\\/\"},{\"@type\":\"ListItem\",\"position\":2,\"name\":\"Non date l&#8217;8 per mille alla chiesa.\"}]},{\"@type\":\"WebSite\",\"@id\":\"https:\\\/\\\/www.fullo.net\\\/blog\\\/#website\",\"url\":\"https:\\\/\\\/www.fullo.net\\\/blog\\\/\",\"name\":\"Fullo\",\"description\":\"nulla e&#039; impossibile per chi non lo deve fare!\",\"publisher\":{\"@id\":\"https:\\\/\\\/www.fullo.net\\\/blog\\\/#\\\/schema\\\/person\\\/24e91bc6caea6c411a8668df5639428c\"},\"potentialAction\":[{\"@type\":\"SearchAction\",\"target\":{\"@type\":\"EntryPoint\",\"urlTemplate\":\"https:\\\/\\\/www.fullo.net\\\/blog\\\/?s={search_term_string}\"},\"query-input\":{\"@type\":\"PropertyValueSpecification\",\"valueRequired\":true,\"valueName\":\"search_term_string\"}}],\"inLanguage\":\"en-US\"},{\"@type\":[\"Person\",\"Organization\"],\"@id\":\"https:\\\/\\\/www.fullo.net\\\/blog\\\/#\\\/schema\\\/person\\\/24e91bc6caea6c411a8668df5639428c\",\"name\":\"Francesco Fullone\",\"image\":{\"@type\":\"ImageObject\",\"inLanguage\":\"en-US\",\"@id\":\"https:\\\/\\\/i0.wp.com\\\/www.fullo.net\\\/blog\\\/wp-content\\\/uploads\\\/2024\\\/10\\\/hawiaina-gold-circled-white.png?fit=622%2C622&ssl=1\",\"url\":\"https:\\\/\\\/i0.wp.com\\\/www.fullo.net\\\/blog\\\/wp-content\\\/uploads\\\/2024\\\/10\\\/hawiaina-gold-circled-white.png?fit=622%2C622&ssl=1\",\"contentUrl\":\"https:\\\/\\\/i0.wp.com\\\/www.fullo.net\\\/blog\\\/wp-content\\\/uploads\\\/2024\\\/10\\\/hawiaina-gold-circled-white.png?fit=622%2C622&ssl=1\",\"width\":622,\"height\":622,\"caption\":\"Francesco Fullone\"},\"logo\":{\"@id\":\"https:\\\/\\\/i0.wp.com\\\/www.fullo.net\\\/blog\\\/wp-content\\\/uploads\\\/2024\\\/10\\\/hawiaina-gold-circled-white.png?fit=622%2C622&ssl=1\"},\"sameAs\":[\"http:\\\/\\\/www.fullo.net\",\"https:\\\/\\\/www.linkedin.com\\\/in\\\/fullo\",\"https:\\\/\\\/x.com\\\/fullo\"],\"url\":\"https:\\\/\\\/www.fullo.net\\\/blog\\\/author\\\/fullo\\\/\"}]}<\/script>\n<!-- \/ Yoast SEO plugin. -->","yoast_head_json":{"title":"Non date l'8 per mille alla chiesa. - Fullo","robots":{"index":"index","follow":"follow","max-snippet":"max-snippet:-1","max-image-preview":"max-image-preview:large","max-video-preview":"max-video-preview:-1"},"canonical":"https:\/\/www.fullo.net\/blog\/2009\/04\/20\/non-date-l8-per-mille-alla-chiesa\/","og_locale":"en_US","og_type":"article","og_title":"Non date l'8 per mille alla chiesa. - Fullo","og_description":"Giusto per appoggiare il messaggio di Massimo: Per maggiori informazioni fate un giro sul sito dell&#8217;UAAR ciuaz","og_url":"https:\/\/www.fullo.net\/blog\/2009\/04\/20\/non-date-l8-per-mille-alla-chiesa\/","og_site_name":"Fullo","article_published_time":"2009-04-20T09:33:17+00:00","article_modified_time":"2009-04-20T09:34:30+00:00","author":"Francesco Fullone","twitter_card":"summary_large_image","twitter_creator":"@fullo","twitter_site":"@fullo","twitter_misc":{"Written by":"Francesco Fullone"},"schema":{"@context":"https:\/\/schema.org","@graph":[{"@type":"Article","@id":"https:\/\/www.fullo.net\/blog\/2009\/04\/20\/non-date-l8-per-mille-alla-chiesa\/#article","isPartOf":{"@id":"https:\/\/www.fullo.net\/blog\/2009\/04\/20\/non-date-l8-per-mille-alla-chiesa\/"},"author":{"name":"Francesco Fullone","@id":"https:\/\/www.fullo.net\/blog\/#\/schema\/person\/24e91bc6caea6c411a8668df5639428c"},"headline":"Non date l&#8217;8 per mille alla chiesa.","datePublished":"2009-04-20T09:33:17+00:00","dateModified":"2009-04-20T09:34:30+00:00","mainEntityOfPage":{"@id":"https:\/\/www.fullo.net\/blog\/2009\/04\/20\/non-date-l8-per-mille-alla-chiesa\/"},"wordCount":25,"commentCount":5,"publisher":{"@id":"https:\/\/www.fullo.net\/blog\/#\/schema\/person\/24e91bc6caea6c411a8668df5639428c"},"keywords":["8xmille","chiesa","otto per mille","stato","tasse"],"articleSection":["di tutto un po'","pensieri"],"inLanguage":"en-US","potentialAction":[{"@type":"CommentAction","name":"Comment","target":["https:\/\/www.fullo.net\/blog\/2009\/04\/20\/non-date-l8-per-mille-alla-chiesa\/#respond"]}]},{"@type":"WebPage","@id":"https:\/\/www.fullo.net\/blog\/2009\/04\/20\/non-date-l8-per-mille-alla-chiesa\/","url":"https:\/\/www.fullo.net\/blog\/2009\/04\/20\/non-date-l8-per-mille-alla-chiesa\/","name":"Non date l'8 per mille alla chiesa. - Fullo","isPartOf":{"@id":"https:\/\/www.fullo.net\/blog\/#website"},"datePublished":"2009-04-20T09:33:17+00:00","dateModified":"2009-04-20T09:34:30+00:00","breadcrumb":{"@id":"https:\/\/www.fullo.net\/blog\/2009\/04\/20\/non-date-l8-per-mille-alla-chiesa\/#breadcrumb"},"inLanguage":"en-US","potentialAction":[{"@type":"ReadAction","target":["https:\/\/www.fullo.net\/blog\/2009\/04\/20\/non-date-l8-per-mille-alla-chiesa\/"]}]},{"@type":"BreadcrumbList","@id":"https:\/\/www.fullo.net\/blog\/2009\/04\/20\/non-date-l8-per-mille-alla-chiesa\/#breadcrumb","itemListElement":[{"@type":"ListItem","position":1,"name":"Home","item":"https:\/\/www.fullo.net\/blog\/"},{"@type":"ListItem","position":2,"name":"Non date l&#8217;8 per mille alla chiesa."}]},{"@type":"WebSite","@id":"https:\/\/www.fullo.net\/blog\/#website","url":"https:\/\/www.fullo.net\/blog\/","name":"Fullo","description":"nulla e&#039; impossibile per chi non lo deve fare!","publisher":{"@id":"https:\/\/www.fullo.net\/blog\/#\/schema\/person\/24e91bc6caea6c411a8668df5639428c"},"potentialAction":[{"@type":"SearchAction","target":{"@type":"EntryPoint","urlTemplate":"https:\/\/www.fullo.net\/blog\/?s={search_term_string}"},"query-input":{"@type":"PropertyValueSpecification","valueRequired":true,"valueName":"search_term_string"}}],"inLanguage":"en-US"},{"@type":["Person","Organization"],"@id":"https:\/\/www.fullo.net\/blog\/#\/schema\/person\/24e91bc6caea6c411a8668df5639428c","name":"Francesco Fullone","image":{"@type":"ImageObject","inLanguage":"en-US","@id":"https:\/\/i0.wp.com\/www.fullo.net\/blog\/wp-content\/uploads\/2024\/10\/hawiaina-gold-circled-white.png?fit=622%2C622&ssl=1","url":"https:\/\/i0.wp.com\/www.fullo.net\/blog\/wp-content\/uploads\/2024\/10\/hawiaina-gold-circled-white.png?fit=622%2C622&ssl=1","contentUrl":"https:\/\/i0.wp.com\/www.fullo.net\/blog\/wp-content\/uploads\/2024\/10\/hawiaina-gold-circled-white.png?fit=622%2C622&ssl=1","width":622,"height":622,"caption":"Francesco Fullone"},"logo":{"@id":"https:\/\/i0.wp.com\/www.fullo.net\/blog\/wp-content\/uploads\/2024\/10\/hawiaina-gold-circled-white.png?fit=622%2C622&ssl=1"},"sameAs":["http:\/\/www.fullo.net","https:\/\/www.linkedin.com\/in\/fullo","https:\/\/x.com\/fullo"],"url":"https:\/\/www.fullo.net\/blog\/author\/fullo\/"}]}},"jetpack_publicize_connections":[],"jetpack_featured_media_url":"","jetpack_sharing_enabled":true,"jetpack_shortlink":"https:\/\/wp.me\/p3OSc1-Go","jetpack_likes_enabled":true,"jetpack-related-posts":[{"id":1452,"url":"https:\/\/www.fullo.net\/blog\/2005\/06\/10\/boicotti-il-voto-ti-boicotto-i-fondi\/","url_meta":{"origin":2628,"position":0},"title":"boicotti il voto? ti boicotto i fondi","author":"Francesco Fullone","date":"10\/06\/2005","format":false,"excerpt":"interessante il movimento che si sta creando intorno al boicottamento del referendum da parte della chiesa. Viene infatti chiesto a gran voce di non dare l'8 per mille alla chiesa cattolica ma allo stato o alla chiesa Valdese, che tra l'altro pubblica ogni anno il rendiconto su come sono usati\u2026","rel":"","context":"In &quot;pensieri&quot;","block_context":{"text":"pensieri","link":"https:\/\/www.fullo.net\/blog\/category\/pensieri\/"},"img":{"alt_text":"","src":"","width":0,"height":0},"classes":[]},{"id":1071,"url":"https:\/\/www.fullo.net\/blog\/2004\/10\/26\/promuovere-la-legge-per-dare-lotto-per-mille-alla-ricerca\/","url_meta":{"origin":2628,"position":1},"title":"Promuovere la legge per dare l\u2019otto per mille alla ricerca","author":"Francesco Fullone","date":"26\/10\/2004","format":false,"excerpt":"accolgo, approvo e divulgo: Promuovere la legge per dare l\u2019otto per mille alla ricerca Il Circolo Culturale Beltrand Russell e l\u2019Associazione Mazziniana Italiana (sede di Treviso, Tel. 347-9259409\/0422-591852) sono impegnate a raccogliere firme di una petizione popolare (in base all\u2019art. 50 della Costituzione) per devolvere l\u2019otto per mille non alle\u2026","rel":"","context":"In &quot;pensieri&quot;","block_context":{"text":"pensieri","link":"https:\/\/www.fullo.net\/blog\/category\/pensieri\/"},"img":{"alt_text":"","src":"","width":0,"height":0},"classes":[]},{"id":2268,"url":"https:\/\/www.fullo.net\/blog\/2007\/05\/16\/a-chi-dare-l8-per-mille\/","url_meta":{"origin":2628,"position":2},"title":"A chi dare l&#8217;8 per mille?","author":"Francesco Fullone","date":"16\/05\/2007","format":false,"excerpt":"Sicuramente NON a questi signori che non fanno altro che mentire in tv su come lo usano realmente e censurare scottanti verit\u00e0. Mi sa che anche quest'anno finir\u00f2 per versare le mie tasse allo Stato (o forse alla Chiesa Valdese, che pubblica i resoconti ogni anno). ciauz","rel":"","context":"In &quot;pensieri&quot;","block_context":{"text":"pensieri","link":"https:\/\/www.fullo.net\/blog\/category\/pensieri\/"},"img":{"alt_text":"","src":"","width":0,"height":0},"classes":[]},{"id":1066,"url":"https:\/\/www.fullo.net\/blog\/2004\/10\/22\/il-lavoro-dellinformatico\/","url_meta":{"origin":2628,"position":3},"title":"il lavoro dell&#8217;informatico","author":"Francesco Fullone","date":"22\/10\/2004","format":false,"excerpt":"pubblico volentieri questa breve storiella zen che mi \u00e8 arrivata oggi per mail Alcune volte e' sbagliato giudicare un'attivita' semplicemente per il tempo che occorre realizzarla... Un buon esempio e' il caso del sistemista che e' stato chiamato per aggiustare un computer molto grande ed estremamente complesso...un computer che valeva\u2026","rel":"","context":"In &quot;di tutto un po'&quot;","block_context":{"text":"di tutto un po'","link":"https:\/\/www.fullo.net\/blog\/category\/di-tutto-un-po\/"},"img":{"alt_text":"","src":"","width":0,"height":0},"classes":[]},{"id":1838,"url":"https:\/\/www.fullo.net\/blog\/2006\/01\/10\/developer-notes-per-prototypejs\/","url_meta":{"origin":2628,"position":4},"title":"Developer notes per prototype.js","author":"Francesco Fullone","date":"10\/01\/2006","format":false,"excerpt":"Prototype \u00e8 una libreria js per creare animazioni, usare ajax e fare altre mille cosette. Ed \u00e8 alla base di molte delle funzionalit\u00e0 di Ruby on Rails. Grande difetto di questa libreria \u00e8 che, a parte qualche scarno esempio, non esiste un manuale decente e l'unico modo per conoscere il\u2026","rel":"","context":"In &quot;ajax&quot;","block_context":{"text":"ajax","link":"https:\/\/www.fullo.net\/blog\/category\/tecnologia\/ajax\/"},"img":{"alt_text":"","src":"","width":0,"height":0},"classes":[]},{"id":2400,"url":"https:\/\/www.fullo.net\/blog\/2008\/01\/24\/copertine-e-canzoncine\/","url_meta":{"origin":2628,"position":5},"title":"Copertine e canzoncine","author":"Francesco Fullone","date":"24\/01\/2008","format":false,"excerpt":"Pare che gli sviluppatori Python siano talmente intristiti che per fare una bella copertina di un libro dedicato al loro linguaggio usino PHP (cliccate sull'immagine per ingrandirla)! [grazie mille Carlo, ma avresti dovuto sapere che non avrei resistito ;P] E come musichina per la copertina vi consiglio l'ascolto della stupenda\u2026","rel":"","context":"In &quot;altri linguaggi&quot;","block_context":{"text":"altri linguaggi","link":"https:\/\/www.fullo.net\/blog\/category\/tecnologia\/altri-linguaggi\/"},"img":{"alt_text":"","src":"","width":0,"height":0},"classes":[]}],"_links":{"self":[{"href":"https:\/\/www.fullo.net\/blog\/wp-json\/wp\/v2\/posts\/2628","targetHints":{"allow":["GET"]}}],"collection":[{"href":"https:\/\/www.fullo.net\/blog\/wp-json\/wp\/v2\/posts"}],"about":[{"href":"https:\/\/www.fullo.net\/blog\/wp-json\/wp\/v2\/types\/post"}],"author":[{"embeddable":true,"href":"https:\/\/www.fullo.net\/blog\/wp-json\/wp\/v2\/users\/1"}],"replies":[{"embeddable":true,"href":"https:\/\/www.fullo.net\/blog\/wp-json\/wp\/v2\/comments?post=2628"}],"version-history":[{"count":2,"href":"https:\/\/www.fullo.net\/blog\/wp-json\/wp\/v2\/posts\/2628\/revisions"}],"predecessor-version":[{"id":2630,"href":"https:\/\/www.fullo.net\/blog\/wp-json\/wp\/v2\/posts\/2628\/revisions\/2630"}],"wp:attachment":[{"href":"https:\/\/www.fullo.net\/blog\/wp-json\/wp\/v2\/media?parent=2628"}],"wp:term":[{"taxonomy":"category","embeddable":true,"href":"https:\/\/www.fullo.net\/blog\/wp-json\/wp\/v2\/categories?post=2628"},{"taxonomy":"post_tag","embeddable":true,"href":"https:\/\/www.fullo.net\/blog\/wp-json\/wp\/v2\/tags?post=2628"}],"curies":[{"name":"wp","href":"https:\/\/api.w.org\/{rel}","templated":true}]}}