{"id":2766,"date":"2010-08-26T09:04:15","date_gmt":"2010-08-26T08:04:15","guid":{"rendered":"https:\/\/www.fullo.net\/blog\/?p=2766"},"modified":"2010-08-26T13:47:11","modified_gmt":"2010-08-26T12:47:11","slug":"e-se-passa-la-legge-bavaglio-nuovo-disclaimer-per-il-blog","status":"publish","type":"post","link":"https:\/\/www.fullo.net\/blog\/2010\/08\/26\/e-se-passa-la-legge-bavaglio-nuovo-disclaimer-per-il-blog\/","title":{"rendered":"E se passa la legge bavaglio? Nuovo disclaimer per il blog"},"content":{"rendered":"<p>Se fino a qualche tempo fa bisognava specificare che un blog non \u00e8 <em>periodico<\/em> e quindi non paragonabile a prodotto editoriale, a breve se veramente verr\u00e0 introdotta la legge bavaglio, detta anche &#8220;Ddl Intercettazioni&#8221;, bisogner\u00e0 correggere ulteriormente il proprio disclaimer.<\/p>\n<p>Io pensavo ad uno fatto pi\u00f9 o meno cos\u00ec: &#8220;<em>Questo blog \u00e8 frutto dell&#8217;ingegno e della fantasia del suo autore, ogni riferimento a fatti realmente accaduti e\/o a persone e marchi realmente esistenti \u00e8 da ritenersi puramente casuale. Ritenete tutto il testo scritto automaticamente smentito.<\/em>&#8221;<\/p>\n<p>dite che pu\u00f2 andare bene?<\/p>\n","protected":false},"excerpt":{"rendered":"<p>Se fino a qualche tempo fa bisognava specificare che un blog non \u00e8 periodico e quindi non paragonabile a prodotto editoriale, a breve se veramente verr\u00e0 introdotta la legge bavaglio, detta anche &#8220;Ddl Intercettazioni&#8221;, bisogner\u00e0 correggere ulteriormente il proprio disclaimer. Io pensavo ad uno fatto pi\u00f9 o meno cos\u00ec: &#8220;Questo blog \u00e8 frutto dell&#8217;ingegno e [&hellip;]<\/p>\n","protected":false},"author":1,"featured_media":0,"comment_status":"open","ping_status":"open","sticky":false,"template":"","format":"standard","meta":{"jetpack_post_was_ever_published":false,"_jetpack_newsletter_access":"","_jetpack_dont_email_post_to_subs":false,"_jetpack_newsletter_tier_id":0,"_jetpack_memberships_contains_paywalled_content":false,"_jetpack_memberships_contains_paid_content":false,"footnotes":"","jetpack_publicize_message":"","jetpack_publicize_feature_enabled":true,"jetpack_social_post_already_shared":false,"jetpack_social_options":{"image_generator_settings":{"template":"highway","default_image_id":0,"font":"","enabled":false},"version":2}},"categories":[8,4],"tags":[2139,2141,2140,2244],"class_list":["post-2766","post","type-post","status-publish","format-standard","hentry","category-cazzate","category-pensieri","tag-ddl","tag-intercettazioni","tag-liberta-di-sta","tag-pensieri"],"yoast_head":"<!-- This site is optimized with the Yoast SEO plugin v27.5 - https:\/\/yoast.com\/product\/yoast-seo-wordpress\/ -->\n<title>E se passa la legge bavaglio? Nuovo disclaimer per il blog - Fullo<\/title>\n<meta name=\"robots\" content=\"index, follow, max-snippet:-1, max-image-preview:large, max-video-preview:-1\" \/>\n<link rel=\"canonical\" href=\"https:\/\/www.fullo.net\/blog\/2010\/08\/26\/e-se-passa-la-legge-bavaglio-nuovo-disclaimer-per-il-blog\/\" \/>\n<meta property=\"og:locale\" content=\"en_US\" \/>\n<meta property=\"og:type\" content=\"article\" \/>\n<meta property=\"og:title\" content=\"E se passa la legge bavaglio? Nuovo disclaimer per il blog - Fullo\" \/>\n<meta property=\"og:description\" content=\"Se fino a qualche tempo fa bisognava specificare che un blog non \u00e8 periodico e quindi non paragonabile a prodotto editoriale, a breve se veramente verr\u00e0 introdotta la legge bavaglio, detta anche &#8220;Ddl Intercettazioni&#8221;, bisogner\u00e0 correggere ulteriormente il proprio disclaimer. Io pensavo ad uno fatto pi\u00f9 o meno cos\u00ec: &#8220;Questo blog \u00e8 frutto dell&#8217;ingegno e [&hellip;]\" \/>\n<meta property=\"og:url\" content=\"https:\/\/www.fullo.net\/blog\/2010\/08\/26\/e-se-passa-la-legge-bavaglio-nuovo-disclaimer-per-il-blog\/\" \/>\n<meta property=\"og:site_name\" content=\"Fullo\" \/>\n<meta property=\"article:published_time\" content=\"2010-08-26T08:04:15+00:00\" \/>\n<meta property=\"article:modified_time\" content=\"2010-08-26T12:47:11+00:00\" \/>\n<meta name=\"author\" content=\"Francesco Fullone\" \/>\n<meta name=\"twitter:card\" content=\"summary_large_image\" \/>\n<meta name=\"twitter:creator\" content=\"@fullo\" \/>\n<meta name=\"twitter:site\" content=\"@fullo\" \/>\n<meta name=\"twitter:label1\" content=\"Written by\" \/>\n\t<meta name=\"twitter:data1\" content=\"Francesco Fullone\" \/>\n<script type=\"application\/ld+json\" class=\"yoast-schema-graph\">{\"@context\":\"https:\\\/\\\/schema.org\",\"@graph\":[{\"@type\":\"Article\",\"@id\":\"https:\\\/\\\/www.fullo.net\\\/blog\\\/2010\\\/08\\\/26\\\/e-se-passa-la-legge-bavaglio-nuovo-disclaimer-per-il-blog\\\/#article\",\"isPartOf\":{\"@id\":\"https:\\\/\\\/www.fullo.net\\\/blog\\\/2010\\\/08\\\/26\\\/e-se-passa-la-legge-bavaglio-nuovo-disclaimer-per-il-blog\\\/\"},\"author\":{\"name\":\"Francesco Fullone\",\"@id\":\"https:\\\/\\\/www.fullo.net\\\/blog\\\/#\\\/schema\\\/person\\\/24e91bc6caea6c411a8668df5639428c\"},\"headline\":\"E se passa la legge bavaglio? Nuovo disclaimer per il blog\",\"datePublished\":\"2010-08-26T08:04:15+00:00\",\"dateModified\":\"2010-08-26T12:47:11+00:00\",\"mainEntityOfPage\":{\"@id\":\"https:\\\/\\\/www.fullo.net\\\/blog\\\/2010\\\/08\\\/26\\\/e-se-passa-la-legge-bavaglio-nuovo-disclaimer-per-il-blog\\\/\"},\"wordCount\":100,\"commentCount\":6,\"publisher\":{\"@id\":\"https:\\\/\\\/www.fullo.net\\\/blog\\\/#\\\/schema\\\/person\\\/24e91bc6caea6c411a8668df5639428c\"},\"keywords\":[\"ddl\",\"intercettazioni\",\"libert\u00e0 di sta\",\"pensieri\"],\"articleSection\":[\"cazzate\",\"pensieri\"],\"inLanguage\":\"en-US\",\"potentialAction\":[{\"@type\":\"CommentAction\",\"name\":\"Comment\",\"target\":[\"https:\\\/\\\/www.fullo.net\\\/blog\\\/2010\\\/08\\\/26\\\/e-se-passa-la-legge-bavaglio-nuovo-disclaimer-per-il-blog\\\/#respond\"]}]},{\"@type\":\"WebPage\",\"@id\":\"https:\\\/\\\/www.fullo.net\\\/blog\\\/2010\\\/08\\\/26\\\/e-se-passa-la-legge-bavaglio-nuovo-disclaimer-per-il-blog\\\/\",\"url\":\"https:\\\/\\\/www.fullo.net\\\/blog\\\/2010\\\/08\\\/26\\\/e-se-passa-la-legge-bavaglio-nuovo-disclaimer-per-il-blog\\\/\",\"name\":\"E se passa la legge bavaglio? Nuovo disclaimer per il blog - Fullo\",\"isPartOf\":{\"@id\":\"https:\\\/\\\/www.fullo.net\\\/blog\\\/#website\"},\"datePublished\":\"2010-08-26T08:04:15+00:00\",\"dateModified\":\"2010-08-26T12:47:11+00:00\",\"breadcrumb\":{\"@id\":\"https:\\\/\\\/www.fullo.net\\\/blog\\\/2010\\\/08\\\/26\\\/e-se-passa-la-legge-bavaglio-nuovo-disclaimer-per-il-blog\\\/#breadcrumb\"},\"inLanguage\":\"en-US\",\"potentialAction\":[{\"@type\":\"ReadAction\",\"target\":[\"https:\\\/\\\/www.fullo.net\\\/blog\\\/2010\\\/08\\\/26\\\/e-se-passa-la-legge-bavaglio-nuovo-disclaimer-per-il-blog\\\/\"]}]},{\"@type\":\"BreadcrumbList\",\"@id\":\"https:\\\/\\\/www.fullo.net\\\/blog\\\/2010\\\/08\\\/26\\\/e-se-passa-la-legge-bavaglio-nuovo-disclaimer-per-il-blog\\\/#breadcrumb\",\"itemListElement\":[{\"@type\":\"ListItem\",\"position\":1,\"name\":\"Home\",\"item\":\"https:\\\/\\\/www.fullo.net\\\/blog\\\/\"},{\"@type\":\"ListItem\",\"position\":2,\"name\":\"E se passa la legge bavaglio? Nuovo disclaimer per il blog\"}]},{\"@type\":\"WebSite\",\"@id\":\"https:\\\/\\\/www.fullo.net\\\/blog\\\/#website\",\"url\":\"https:\\\/\\\/www.fullo.net\\\/blog\\\/\",\"name\":\"Fullo\",\"description\":\"nulla e&#039; impossibile per chi non lo deve fare!\",\"publisher\":{\"@id\":\"https:\\\/\\\/www.fullo.net\\\/blog\\\/#\\\/schema\\\/person\\\/24e91bc6caea6c411a8668df5639428c\"},\"potentialAction\":[{\"@type\":\"SearchAction\",\"target\":{\"@type\":\"EntryPoint\",\"urlTemplate\":\"https:\\\/\\\/www.fullo.net\\\/blog\\\/?s={search_term_string}\"},\"query-input\":{\"@type\":\"PropertyValueSpecification\",\"valueRequired\":true,\"valueName\":\"search_term_string\"}}],\"inLanguage\":\"en-US\"},{\"@type\":[\"Person\",\"Organization\"],\"@id\":\"https:\\\/\\\/www.fullo.net\\\/blog\\\/#\\\/schema\\\/person\\\/24e91bc6caea6c411a8668df5639428c\",\"name\":\"Francesco Fullone\",\"image\":{\"@type\":\"ImageObject\",\"inLanguage\":\"en-US\",\"@id\":\"https:\\\/\\\/i0.wp.com\\\/www.fullo.net\\\/blog\\\/wp-content\\\/uploads\\\/2024\\\/10\\\/hawiaina-gold-circled-white.png?fit=622%2C622&ssl=1\",\"url\":\"https:\\\/\\\/i0.wp.com\\\/www.fullo.net\\\/blog\\\/wp-content\\\/uploads\\\/2024\\\/10\\\/hawiaina-gold-circled-white.png?fit=622%2C622&ssl=1\",\"contentUrl\":\"https:\\\/\\\/i0.wp.com\\\/www.fullo.net\\\/blog\\\/wp-content\\\/uploads\\\/2024\\\/10\\\/hawiaina-gold-circled-white.png?fit=622%2C622&ssl=1\",\"width\":622,\"height\":622,\"caption\":\"Francesco Fullone\"},\"logo\":{\"@id\":\"https:\\\/\\\/i0.wp.com\\\/www.fullo.net\\\/blog\\\/wp-content\\\/uploads\\\/2024\\\/10\\\/hawiaina-gold-circled-white.png?fit=622%2C622&ssl=1\"},\"sameAs\":[\"http:\\\/\\\/www.fullo.net\",\"https:\\\/\\\/www.linkedin.com\\\/in\\\/fullo\",\"https:\\\/\\\/x.com\\\/fullo\"],\"url\":\"https:\\\/\\\/www.fullo.net\\\/blog\\\/author\\\/fullo\\\/\"}]}<\/script>\n<!-- \/ Yoast SEO plugin. -->","yoast_head_json":{"title":"E se passa la legge bavaglio? Nuovo disclaimer per il blog - Fullo","robots":{"index":"index","follow":"follow","max-snippet":"max-snippet:-1","max-image-preview":"max-image-preview:large","max-video-preview":"max-video-preview:-1"},"canonical":"https:\/\/www.fullo.net\/blog\/2010\/08\/26\/e-se-passa-la-legge-bavaglio-nuovo-disclaimer-per-il-blog\/","og_locale":"en_US","og_type":"article","og_title":"E se passa la legge bavaglio? Nuovo disclaimer per il blog - Fullo","og_description":"Se fino a qualche tempo fa bisognava specificare che un blog non \u00e8 periodico e quindi non paragonabile a prodotto editoriale, a breve se veramente verr\u00e0 introdotta la legge bavaglio, detta anche &#8220;Ddl Intercettazioni&#8221;, bisogner\u00e0 correggere ulteriormente il proprio disclaimer. Io pensavo ad uno fatto pi\u00f9 o meno cos\u00ec: &#8220;Questo blog \u00e8 frutto dell&#8217;ingegno e [&hellip;]","og_url":"https:\/\/www.fullo.net\/blog\/2010\/08\/26\/e-se-passa-la-legge-bavaglio-nuovo-disclaimer-per-il-blog\/","og_site_name":"Fullo","article_published_time":"2010-08-26T08:04:15+00:00","article_modified_time":"2010-08-26T12:47:11+00:00","author":"Francesco Fullone","twitter_card":"summary_large_image","twitter_creator":"@fullo","twitter_site":"@fullo","twitter_misc":{"Written by":"Francesco Fullone"},"schema":{"@context":"https:\/\/schema.org","@graph":[{"@type":"Article","@id":"https:\/\/www.fullo.net\/blog\/2010\/08\/26\/e-se-passa-la-legge-bavaglio-nuovo-disclaimer-per-il-blog\/#article","isPartOf":{"@id":"https:\/\/www.fullo.net\/blog\/2010\/08\/26\/e-se-passa-la-legge-bavaglio-nuovo-disclaimer-per-il-blog\/"},"author":{"name":"Francesco Fullone","@id":"https:\/\/www.fullo.net\/blog\/#\/schema\/person\/24e91bc6caea6c411a8668df5639428c"},"headline":"E se passa la legge bavaglio? Nuovo disclaimer per il blog","datePublished":"2010-08-26T08:04:15+00:00","dateModified":"2010-08-26T12:47:11+00:00","mainEntityOfPage":{"@id":"https:\/\/www.fullo.net\/blog\/2010\/08\/26\/e-se-passa-la-legge-bavaglio-nuovo-disclaimer-per-il-blog\/"},"wordCount":100,"commentCount":6,"publisher":{"@id":"https:\/\/www.fullo.net\/blog\/#\/schema\/person\/24e91bc6caea6c411a8668df5639428c"},"keywords":["ddl","intercettazioni","libert\u00e0 di sta","pensieri"],"articleSection":["cazzate","pensieri"],"inLanguage":"en-US","potentialAction":[{"@type":"CommentAction","name":"Comment","target":["https:\/\/www.fullo.net\/blog\/2010\/08\/26\/e-se-passa-la-legge-bavaglio-nuovo-disclaimer-per-il-blog\/#respond"]}]},{"@type":"WebPage","@id":"https:\/\/www.fullo.net\/blog\/2010\/08\/26\/e-se-passa-la-legge-bavaglio-nuovo-disclaimer-per-il-blog\/","url":"https:\/\/www.fullo.net\/blog\/2010\/08\/26\/e-se-passa-la-legge-bavaglio-nuovo-disclaimer-per-il-blog\/","name":"E se passa la legge bavaglio? Nuovo disclaimer per il blog - Fullo","isPartOf":{"@id":"https:\/\/www.fullo.net\/blog\/#website"},"datePublished":"2010-08-26T08:04:15+00:00","dateModified":"2010-08-26T12:47:11+00:00","breadcrumb":{"@id":"https:\/\/www.fullo.net\/blog\/2010\/08\/26\/e-se-passa-la-legge-bavaglio-nuovo-disclaimer-per-il-blog\/#breadcrumb"},"inLanguage":"en-US","potentialAction":[{"@type":"ReadAction","target":["https:\/\/www.fullo.net\/blog\/2010\/08\/26\/e-se-passa-la-legge-bavaglio-nuovo-disclaimer-per-il-blog\/"]}]},{"@type":"BreadcrumbList","@id":"https:\/\/www.fullo.net\/blog\/2010\/08\/26\/e-se-passa-la-legge-bavaglio-nuovo-disclaimer-per-il-blog\/#breadcrumb","itemListElement":[{"@type":"ListItem","position":1,"name":"Home","item":"https:\/\/www.fullo.net\/blog\/"},{"@type":"ListItem","position":2,"name":"E se passa la legge bavaglio? Nuovo disclaimer per il blog"}]},{"@type":"WebSite","@id":"https:\/\/www.fullo.net\/blog\/#website","url":"https:\/\/www.fullo.net\/blog\/","name":"Fullo","description":"nulla e&#039; impossibile per chi non lo deve fare!","publisher":{"@id":"https:\/\/www.fullo.net\/blog\/#\/schema\/person\/24e91bc6caea6c411a8668df5639428c"},"potentialAction":[{"@type":"SearchAction","target":{"@type":"EntryPoint","urlTemplate":"https:\/\/www.fullo.net\/blog\/?s={search_term_string}"},"query-input":{"@type":"PropertyValueSpecification","valueRequired":true,"valueName":"search_term_string"}}],"inLanguage":"en-US"},{"@type":["Person","Organization"],"@id":"https:\/\/www.fullo.net\/blog\/#\/schema\/person\/24e91bc6caea6c411a8668df5639428c","name":"Francesco Fullone","image":{"@type":"ImageObject","inLanguage":"en-US","@id":"https:\/\/i0.wp.com\/www.fullo.net\/blog\/wp-content\/uploads\/2024\/10\/hawiaina-gold-circled-white.png?fit=622%2C622&ssl=1","url":"https:\/\/i0.wp.com\/www.fullo.net\/blog\/wp-content\/uploads\/2024\/10\/hawiaina-gold-circled-white.png?fit=622%2C622&ssl=1","contentUrl":"https:\/\/i0.wp.com\/www.fullo.net\/blog\/wp-content\/uploads\/2024\/10\/hawiaina-gold-circled-white.png?fit=622%2C622&ssl=1","width":622,"height":622,"caption":"Francesco Fullone"},"logo":{"@id":"https:\/\/i0.wp.com\/www.fullo.net\/blog\/wp-content\/uploads\/2024\/10\/hawiaina-gold-circled-white.png?fit=622%2C622&ssl=1"},"sameAs":["http:\/\/www.fullo.net","https:\/\/www.linkedin.com\/in\/fullo","https:\/\/x.com\/fullo"],"url":"https:\/\/www.fullo.net\/blog\/author\/fullo\/"}]}},"jetpack_publicize_connections":[],"jetpack_featured_media_url":"","jetpack_sharing_enabled":true,"jetpack_shortlink":"https:\/\/wp.me\/p3OSc1-IC","jetpack_likes_enabled":true,"jetpack-related-posts":[{"id":841,"url":"https:\/\/www.fullo.net\/blog\/2004\/05\/12\/fatta-la-legge-stupida\/","url_meta":{"origin":2766,"position":0},"title":"fatta la legge (stupida)&#8230;","author":"Francesco Fullone","date":"12\/05\/2004","format":false,"excerpt":"ho trovato su manteblog un interessante stralcio della legge 106\/2004 che mi ha fatto capire quanto inizi a fare eccessivamente schifo (ma soprattutto quanto sia STUPIDO) l'attuale governo italiano, ovviamente seguito a ruota dal parlamento europeo per il discorso della brevettibilit\u00e0 del software. a questo punto il mio suggerimento \u00e8\u2026","rel":"","context":"In &quot;pensieri&quot;","block_context":{"text":"pensieri","link":"https:\/\/www.fullo.net\/blog\/category\/pensieri\/"},"img":{"alt_text":"","src":"","width":0,"height":0},"classes":[]},{"id":1071,"url":"https:\/\/www.fullo.net\/blog\/2004\/10\/26\/promuovere-la-legge-per-dare-lotto-per-mille-alla-ricerca\/","url_meta":{"origin":2766,"position":1},"title":"Promuovere la legge per dare l\u2019otto per mille alla ricerca","author":"Francesco Fullone","date":"26\/10\/2004","format":false,"excerpt":"accolgo, approvo e divulgo: Promuovere la legge per dare l\u2019otto per mille alla ricerca Il Circolo Culturale Beltrand Russell e l\u2019Associazione Mazziniana Italiana (sede di Treviso, Tel. 347-9259409\/0422-591852) sono impegnate a raccogliere firme di una petizione popolare (in base all\u2019art. 50 della Costituzione) per devolvere l\u2019otto per mille non alle\u2026","rel":"","context":"In &quot;pensieri&quot;","block_context":{"text":"pensieri","link":"https:\/\/www.fullo.net\/blog\/category\/pensieri\/"},"img":{"alt_text":"","src":"","width":0,"height":0},"classes":[]},{"id":2448,"url":"https:\/\/www.fullo.net\/blog\/2008\/07\/21\/la-dura-legge-del-mercato\/","url_meta":{"origin":2766,"position":2},"title":"La dura legge del mercato.","author":"Francesco Fullone","date":"21\/07\/2008","format":false,"excerpt":"Dopo 3\/4 preventivi (persi o illegibili a causa del misconosciuto formato PDF), innumerevoli discussioni telefoniche con soggetti differenti da idee diametralmente opposte ed offerte dell'ultimo minuto per venire incontro alle richieste di questo o quel personaggio che hanno trasformato un sito vetrina in una sofisticata extranet con possibilit\u00e0 di vendere\u2026","rel":"","context":"In &quot;pensieri&quot;","block_context":{"text":"pensieri","link":"https:\/\/www.fullo.net\/blog\/category\/pensieri\/"},"img":{"alt_text":"","src":"","width":0,"height":0},"classes":[]},{"id":1154,"url":"https:\/\/www.fullo.net\/blog\/2004\/12\/17\/speegle\/","url_meta":{"origin":2766,"position":3},"title":"speegle","author":"Francesco Fullone","date":"17\/12\/2004","format":false,"excerpt":"carino speegle, il motore di ricerca che ti legge i risultati... ma quello che vorrei io \u00e8 un motore di ricerca che ascolti e capisca quello vuoi:ehhm.... vorrei trovare quel film li... dai quello uscito qualche tempo fa con quell'attore che ha fatto quell'altro film... ciuaz","rel":"","context":"In &quot;pensieri&quot;","block_context":{"text":"pensieri","link":"https:\/\/www.fullo.net\/blog\/category\/pensieri\/"},"img":{"alt_text":"","src":"","width":0,"height":0},"classes":[]},{"id":1817,"url":"https:\/\/www.fullo.net\/blog\/2005\/12\/14\/delicious-e-yahoo\/","url_meta":{"origin":2766,"position":4},"title":"Del.icio.us e Yahoo!","author":"Francesco Fullone","date":"14\/12\/2005","format":false,"excerpt":"Oggi mi chiedono: pensando a del.icio.us comprato da Yahoo!, mi \u00e8 venuta in mente una domanda stupida alla quale non so rispondere. Cosa ci guadagna del.icio.us nel servizio che offre??? Qualcosa ci deve guadagnare ma non mi viene proprio in mente in che modo. Non penso di essere un grande\u2026","rel":"","context":"In &quot;pensieri&quot;","block_context":{"text":"pensieri","link":"https:\/\/www.fullo.net\/blog\/category\/pensieri\/"},"img":{"alt_text":"","src":"","width":0,"height":0},"classes":[]},{"id":2828,"url":"https:\/\/www.fullo.net\/blog\/2011\/12\/10\/ce-qualcosa-di-profondamente-sbagliato\/","url_meta":{"origin":2766,"position":5},"title":"C&#8217;\u00e8 qualcosa di profondamente sbagliato&#8230;","author":"Francesco Fullone","date":"10\/12\/2011","format":false,"excerpt":"Sono tornato da LeWeb con una valigia di gadget ed una di pensieri. Se la prima pi\u00f9 o meno era aspettata la seconda un po' di meno. Mi spiego, o almeno cerco di farlo dopo un paio di trappiste abbastanza cariche bevute in serata. Ho finalmente partecipato ad un vero\u2026","rel":"","context":"In &quot;pensieri&quot;","block_context":{"text":"pensieri","link":"https:\/\/www.fullo.net\/blog\/category\/pensieri\/"},"img":{"alt_text":"","src":"","width":0,"height":0},"classes":[]}],"_links":{"self":[{"href":"https:\/\/www.fullo.net\/blog\/wp-json\/wp\/v2\/posts\/2766","targetHints":{"allow":["GET"]}}],"collection":[{"href":"https:\/\/www.fullo.net\/blog\/wp-json\/wp\/v2\/posts"}],"about":[{"href":"https:\/\/www.fullo.net\/blog\/wp-json\/wp\/v2\/types\/post"}],"author":[{"embeddable":true,"href":"https:\/\/www.fullo.net\/blog\/wp-json\/wp\/v2\/users\/1"}],"replies":[{"embeddable":true,"href":"https:\/\/www.fullo.net\/blog\/wp-json\/wp\/v2\/comments?post=2766"}],"version-history":[{"count":3,"href":"https:\/\/www.fullo.net\/blog\/wp-json\/wp\/v2\/posts\/2766\/revisions"}],"predecessor-version":[{"id":2768,"href":"https:\/\/www.fullo.net\/blog\/wp-json\/wp\/v2\/posts\/2766\/revisions\/2768"}],"wp:attachment":[{"href":"https:\/\/www.fullo.net\/blog\/wp-json\/wp\/v2\/media?parent=2766"}],"wp:term":[{"taxonomy":"category","embeddable":true,"href":"https:\/\/www.fullo.net\/blog\/wp-json\/wp\/v2\/categories?post=2766"},{"taxonomy":"post_tag","embeddable":true,"href":"https:\/\/www.fullo.net\/blog\/wp-json\/wp\/v2\/tags?post=2766"}],"curies":[{"name":"wp","href":"https:\/\/api.w.org\/{rel}","templated":true}]}}