{"id":2790,"date":"2010-10-19T20:41:10","date_gmt":"2010-10-19T19:41:10","guid":{"rendered":"https:\/\/www.fullo.net\/blog\/?p=2790"},"modified":"2010-10-19T21:45:00","modified_gmt":"2010-10-19T20:45:00","slug":"sconferenze-di-settore","status":"publish","type":"post","link":"https:\/\/www.fullo.net\/blog\/2010\/10\/19\/sconferenze-di-settore\/","title":{"rendered":"(s)Conferenze di settore"},"content":{"rendered":"<p>Ultimamente mi \u00e8 giunto l&#8217;invito su facebook ad una conferenza di settore che punta a far incontrare una delle tante figure professionali necessarie a produrre prodotti-(applicazioni, portali, siti, etc) per il web per <em>decidere insieme il futuro del Web Italiano<\/em>.<\/p>\n<p>Il piano d&#8217;azione dell&#8217;evento \u00e8 semplice, riunirsi, studiare insieme come fare una lobby, applicarne le regolette. Magari sensibilizzando il pubblico grazie ad una nazionale di calcio.<\/p>\n<p>Una cosa per\u00f2 non mi \u00e8 chiara. <\/p>\n<p>Se i web designer hanno il grave compito di decidere le sorti del web italiano, allora tutte le figure professionali su cui queste persone dovrebbero basare il proprio lavoro (analisti, esperti di ux, architetti dell&#8217;informazione, etc), da cui il lavoro deve poi evolvere in qualcosa di concreto (copy, frontend developers, sistemisti, server side developers, etc) e con cui devono colloquiare (project managers, account, etc) che ci stanno a fare?<\/p>\n<p><!--more--><\/p>\n<p>Vi prego. Smettiamola di considerare la categoria alla quale apparteniamo come indispensabile ed iniziamo a capire che <strong>per fare prodotti di qualit\u00e0 bisogna avere un team multidisciplinare formato da professionisti<\/strong>.<\/p>\n<p>Piuttosto che un evento di <em>sensibilizzazione del mercato<\/em>, <strong>fate un evento serio<\/strong> in cui parlate di come migliorarVI. Discutendo magari delle nuove tecniche e tecnologie che potete usare nel lavoro di tutti i giorni, di come integrarvi in un flusso di lavoro di un team o anche semplicemente facendo una analisi (anche retrospettiva) di come e perch\u00e8 \u00e8 evoluto il web-design all&#8217;estero e perch\u00e8 qui da noi i veri <strong>web<\/strong> designer si contano sulle dita di una mano.<\/p>\n<p>Non capisco perch\u00e8 in Italia tutte le altre comunit\u00e0 di <a href=\"http:\/\/www.phpday.it\">professionisti<\/a> <a href=\"http:\/\/uxcamp.it\">hanno<\/a> <a href=\"http:\/\/www.iasummit.it\">eventi<\/a> <a href=\"http:\/\/www.webtechcon.it\">del<\/a> <a href=\"http:\/\/www.uxcon.com\/\">genere<\/a>, e voi NO. <\/p>\n<p>Ecco&#8230; magari durante la tavola rotonda, prendete spunto dal <a href=\"http:\/\/futureofwebdesign.com\/new-york-2010\/\">FOWD<\/a> ed organizzatevi un evento come si deve&#8230;<\/p>\n<p>ciuaz<\/p>\n","protected":false},"excerpt":{"rendered":"<p>Ultimamente mi \u00e8 giunto l&#8217;invito su facebook ad una conferenza di settore che punta a far incontrare una delle tante figure professionali necessarie a produrre prodotti-(applicazioni, portali, siti, etc) per il web per decidere insieme il futuro del Web Italiano. Il piano d&#8217;azione dell&#8217;evento \u00e8 semplice, riunirsi, studiare insieme come fare una lobby, applicarne le [&hellip;]<\/p>\n","protected":false},"author":1,"featured_media":0,"comment_status":"open","ping_status":"open","sticky":false,"template":"","format":"standard","meta":{"jetpack_post_was_ever_published":false,"_jetpack_newsletter_access":"","_jetpack_dont_email_post_to_subs":false,"_jetpack_newsletter_tier_id":0,"_jetpack_memberships_contains_paywalled_content":false,"_jetpack_memberships_contains_paid_content":false,"footnotes":"","jetpack_publicize_message":"","jetpack_publicize_feature_enabled":true,"jetpack_social_post_already_shared":false,"jetpack_social_options":{"image_generator_settings":{"template":"highway","default_image_id":0,"font":"","enabled":false},"version":2}},"categories":[17,4],"tags":[49,2254,2151,2150,457,2250],"class_list":["post-2790","post","type-post","status-publish","format-standard","hentry","category-eventi","category-pensieri","tag-conferenze","tag-eventi","tag-w-day","tag-wday","tag-webdesign","tag-webdev"],"yoast_head":"<!-- This site is optimized with the Yoast SEO plugin v27.5 - https:\/\/yoast.com\/product\/yoast-seo-wordpress\/ -->\n<title>(s)Conferenze di settore - Fullo<\/title>\n<meta name=\"robots\" content=\"index, follow, max-snippet:-1, max-image-preview:large, max-video-preview:-1\" \/>\n<link rel=\"canonical\" href=\"https:\/\/www.fullo.net\/blog\/2010\/10\/19\/sconferenze-di-settore\/\" \/>\n<meta property=\"og:locale\" content=\"en_US\" \/>\n<meta property=\"og:type\" content=\"article\" \/>\n<meta property=\"og:title\" content=\"(s)Conferenze di settore - Fullo\" \/>\n<meta property=\"og:description\" content=\"Ultimamente mi \u00e8 giunto l&#8217;invito su facebook ad una conferenza di settore che punta a far incontrare una delle tante figure professionali necessarie a produrre prodotti-(applicazioni, portali, siti, etc) per il web per decidere insieme il futuro del Web Italiano. Il piano d&#8217;azione dell&#8217;evento \u00e8 semplice, riunirsi, studiare insieme come fare una lobby, applicarne le [&hellip;]\" \/>\n<meta property=\"og:url\" content=\"https:\/\/www.fullo.net\/blog\/2010\/10\/19\/sconferenze-di-settore\/\" \/>\n<meta property=\"og:site_name\" content=\"Fullo\" \/>\n<meta property=\"article:published_time\" content=\"2010-10-19T19:41:10+00:00\" \/>\n<meta property=\"article:modified_time\" content=\"2010-10-19T20:45:00+00:00\" \/>\n<meta name=\"author\" content=\"Francesco Fullone\" \/>\n<meta name=\"twitter:card\" content=\"summary_large_image\" \/>\n<meta name=\"twitter:creator\" content=\"@fullo\" \/>\n<meta name=\"twitter:site\" content=\"@fullo\" \/>\n<meta name=\"twitter:label1\" content=\"Written by\" \/>\n\t<meta name=\"twitter:data1\" content=\"Francesco Fullone\" \/>\n\t<meta name=\"twitter:label2\" content=\"Est. reading time\" \/>\n\t<meta name=\"twitter:data2\" content=\"1 minute\" \/>\n<script type=\"application\/ld+json\" class=\"yoast-schema-graph\">{\"@context\":\"https:\\\/\\\/schema.org\",\"@graph\":[{\"@type\":\"Article\",\"@id\":\"https:\\\/\\\/www.fullo.net\\\/blog\\\/2010\\\/10\\\/19\\\/sconferenze-di-settore\\\/#article\",\"isPartOf\":{\"@id\":\"https:\\\/\\\/www.fullo.net\\\/blog\\\/2010\\\/10\\\/19\\\/sconferenze-di-settore\\\/\"},\"author\":{\"name\":\"Francesco Fullone\",\"@id\":\"https:\\\/\\\/www.fullo.net\\\/blog\\\/#\\\/schema\\\/person\\\/24e91bc6caea6c411a8668df5639428c\"},\"headline\":\"(s)Conferenze di settore\",\"datePublished\":\"2010-10-19T19:41:10+00:00\",\"dateModified\":\"2010-10-19T20:45:00+00:00\",\"mainEntityOfPage\":{\"@id\":\"https:\\\/\\\/www.fullo.net\\\/blog\\\/2010\\\/10\\\/19\\\/sconferenze-di-settore\\\/\"},\"wordCount\":292,\"commentCount\":9,\"publisher\":{\"@id\":\"https:\\\/\\\/www.fullo.net\\\/blog\\\/#\\\/schema\\\/person\\\/24e91bc6caea6c411a8668df5639428c\"},\"keywords\":[\"conferenze\",\"eventi\",\"w-day\",\"wday\",\"webdesign\",\"webdev\"],\"articleSection\":[\"eventi\",\"pensieri\"],\"inLanguage\":\"en-US\",\"potentialAction\":[{\"@type\":\"CommentAction\",\"name\":\"Comment\",\"target\":[\"https:\\\/\\\/www.fullo.net\\\/blog\\\/2010\\\/10\\\/19\\\/sconferenze-di-settore\\\/#respond\"]}]},{\"@type\":\"WebPage\",\"@id\":\"https:\\\/\\\/www.fullo.net\\\/blog\\\/2010\\\/10\\\/19\\\/sconferenze-di-settore\\\/\",\"url\":\"https:\\\/\\\/www.fullo.net\\\/blog\\\/2010\\\/10\\\/19\\\/sconferenze-di-settore\\\/\",\"name\":\"(s)Conferenze di settore - Fullo\",\"isPartOf\":{\"@id\":\"https:\\\/\\\/www.fullo.net\\\/blog\\\/#website\"},\"datePublished\":\"2010-10-19T19:41:10+00:00\",\"dateModified\":\"2010-10-19T20:45:00+00:00\",\"breadcrumb\":{\"@id\":\"https:\\\/\\\/www.fullo.net\\\/blog\\\/2010\\\/10\\\/19\\\/sconferenze-di-settore\\\/#breadcrumb\"},\"inLanguage\":\"en-US\",\"potentialAction\":[{\"@type\":\"ReadAction\",\"target\":[\"https:\\\/\\\/www.fullo.net\\\/blog\\\/2010\\\/10\\\/19\\\/sconferenze-di-settore\\\/\"]}]},{\"@type\":\"BreadcrumbList\",\"@id\":\"https:\\\/\\\/www.fullo.net\\\/blog\\\/2010\\\/10\\\/19\\\/sconferenze-di-settore\\\/#breadcrumb\",\"itemListElement\":[{\"@type\":\"ListItem\",\"position\":1,\"name\":\"Home\",\"item\":\"https:\\\/\\\/www.fullo.net\\\/blog\\\/\"},{\"@type\":\"ListItem\",\"position\":2,\"name\":\"(s)Conferenze di settore\"}]},{\"@type\":\"WebSite\",\"@id\":\"https:\\\/\\\/www.fullo.net\\\/blog\\\/#website\",\"url\":\"https:\\\/\\\/www.fullo.net\\\/blog\\\/\",\"name\":\"Fullo\",\"description\":\"nulla e&#039; impossibile per chi non lo deve fare!\",\"publisher\":{\"@id\":\"https:\\\/\\\/www.fullo.net\\\/blog\\\/#\\\/schema\\\/person\\\/24e91bc6caea6c411a8668df5639428c\"},\"potentialAction\":[{\"@type\":\"SearchAction\",\"target\":{\"@type\":\"EntryPoint\",\"urlTemplate\":\"https:\\\/\\\/www.fullo.net\\\/blog\\\/?s={search_term_string}\"},\"query-input\":{\"@type\":\"PropertyValueSpecification\",\"valueRequired\":true,\"valueName\":\"search_term_string\"}}],\"inLanguage\":\"en-US\"},{\"@type\":[\"Person\",\"Organization\"],\"@id\":\"https:\\\/\\\/www.fullo.net\\\/blog\\\/#\\\/schema\\\/person\\\/24e91bc6caea6c411a8668df5639428c\",\"name\":\"Francesco Fullone\",\"image\":{\"@type\":\"ImageObject\",\"inLanguage\":\"en-US\",\"@id\":\"https:\\\/\\\/i0.wp.com\\\/www.fullo.net\\\/blog\\\/wp-content\\\/uploads\\\/2024\\\/10\\\/hawiaina-gold-circled-white.png?fit=622%2C622&ssl=1\",\"url\":\"https:\\\/\\\/i0.wp.com\\\/www.fullo.net\\\/blog\\\/wp-content\\\/uploads\\\/2024\\\/10\\\/hawiaina-gold-circled-white.png?fit=622%2C622&ssl=1\",\"contentUrl\":\"https:\\\/\\\/i0.wp.com\\\/www.fullo.net\\\/blog\\\/wp-content\\\/uploads\\\/2024\\\/10\\\/hawiaina-gold-circled-white.png?fit=622%2C622&ssl=1\",\"width\":622,\"height\":622,\"caption\":\"Francesco Fullone\"},\"logo\":{\"@id\":\"https:\\\/\\\/i0.wp.com\\\/www.fullo.net\\\/blog\\\/wp-content\\\/uploads\\\/2024\\\/10\\\/hawiaina-gold-circled-white.png?fit=622%2C622&ssl=1\"},\"sameAs\":[\"http:\\\/\\\/www.fullo.net\",\"https:\\\/\\\/www.linkedin.com\\\/in\\\/fullo\",\"https:\\\/\\\/x.com\\\/fullo\"],\"url\":\"https:\\\/\\\/www.fullo.net\\\/blog\\\/author\\\/fullo\\\/\"}]}<\/script>\n<!-- \/ Yoast SEO plugin. -->","yoast_head_json":{"title":"(s)Conferenze di settore - Fullo","robots":{"index":"index","follow":"follow","max-snippet":"max-snippet:-1","max-image-preview":"max-image-preview:large","max-video-preview":"max-video-preview:-1"},"canonical":"https:\/\/www.fullo.net\/blog\/2010\/10\/19\/sconferenze-di-settore\/","og_locale":"en_US","og_type":"article","og_title":"(s)Conferenze di settore - Fullo","og_description":"Ultimamente mi \u00e8 giunto l&#8217;invito su facebook ad una conferenza di settore che punta a far incontrare una delle tante figure professionali necessarie a produrre prodotti-(applicazioni, portali, siti, etc) per il web per decidere insieme il futuro del Web Italiano. Il piano d&#8217;azione dell&#8217;evento \u00e8 semplice, riunirsi, studiare insieme come fare una lobby, applicarne le [&hellip;]","og_url":"https:\/\/www.fullo.net\/blog\/2010\/10\/19\/sconferenze-di-settore\/","og_site_name":"Fullo","article_published_time":"2010-10-19T19:41:10+00:00","article_modified_time":"2010-10-19T20:45:00+00:00","author":"Francesco Fullone","twitter_card":"summary_large_image","twitter_creator":"@fullo","twitter_site":"@fullo","twitter_misc":{"Written by":"Francesco Fullone","Est. reading time":"1 minute"},"schema":{"@context":"https:\/\/schema.org","@graph":[{"@type":"Article","@id":"https:\/\/www.fullo.net\/blog\/2010\/10\/19\/sconferenze-di-settore\/#article","isPartOf":{"@id":"https:\/\/www.fullo.net\/blog\/2010\/10\/19\/sconferenze-di-settore\/"},"author":{"name":"Francesco Fullone","@id":"https:\/\/www.fullo.net\/blog\/#\/schema\/person\/24e91bc6caea6c411a8668df5639428c"},"headline":"(s)Conferenze di settore","datePublished":"2010-10-19T19:41:10+00:00","dateModified":"2010-10-19T20:45:00+00:00","mainEntityOfPage":{"@id":"https:\/\/www.fullo.net\/blog\/2010\/10\/19\/sconferenze-di-settore\/"},"wordCount":292,"commentCount":9,"publisher":{"@id":"https:\/\/www.fullo.net\/blog\/#\/schema\/person\/24e91bc6caea6c411a8668df5639428c"},"keywords":["conferenze","eventi","w-day","wday","webdesign","webdev"],"articleSection":["eventi","pensieri"],"inLanguage":"en-US","potentialAction":[{"@type":"CommentAction","name":"Comment","target":["https:\/\/www.fullo.net\/blog\/2010\/10\/19\/sconferenze-di-settore\/#respond"]}]},{"@type":"WebPage","@id":"https:\/\/www.fullo.net\/blog\/2010\/10\/19\/sconferenze-di-settore\/","url":"https:\/\/www.fullo.net\/blog\/2010\/10\/19\/sconferenze-di-settore\/","name":"(s)Conferenze di settore - Fullo","isPartOf":{"@id":"https:\/\/www.fullo.net\/blog\/#website"},"datePublished":"2010-10-19T19:41:10+00:00","dateModified":"2010-10-19T20:45:00+00:00","breadcrumb":{"@id":"https:\/\/www.fullo.net\/blog\/2010\/10\/19\/sconferenze-di-settore\/#breadcrumb"},"inLanguage":"en-US","potentialAction":[{"@type":"ReadAction","target":["https:\/\/www.fullo.net\/blog\/2010\/10\/19\/sconferenze-di-settore\/"]}]},{"@type":"BreadcrumbList","@id":"https:\/\/www.fullo.net\/blog\/2010\/10\/19\/sconferenze-di-settore\/#breadcrumb","itemListElement":[{"@type":"ListItem","position":1,"name":"Home","item":"https:\/\/www.fullo.net\/blog\/"},{"@type":"ListItem","position":2,"name":"(s)Conferenze di settore"}]},{"@type":"WebSite","@id":"https:\/\/www.fullo.net\/blog\/#website","url":"https:\/\/www.fullo.net\/blog\/","name":"Fullo","description":"nulla e&#039; impossibile per chi non lo deve fare!","publisher":{"@id":"https:\/\/www.fullo.net\/blog\/#\/schema\/person\/24e91bc6caea6c411a8668df5639428c"},"potentialAction":[{"@type":"SearchAction","target":{"@type":"EntryPoint","urlTemplate":"https:\/\/www.fullo.net\/blog\/?s={search_term_string}"},"query-input":{"@type":"PropertyValueSpecification","valueRequired":true,"valueName":"search_term_string"}}],"inLanguage":"en-US"},{"@type":["Person","Organization"],"@id":"https:\/\/www.fullo.net\/blog\/#\/schema\/person\/24e91bc6caea6c411a8668df5639428c","name":"Francesco Fullone","image":{"@type":"ImageObject","inLanguage":"en-US","@id":"https:\/\/i0.wp.com\/www.fullo.net\/blog\/wp-content\/uploads\/2024\/10\/hawiaina-gold-circled-white.png?fit=622%2C622&ssl=1","url":"https:\/\/i0.wp.com\/www.fullo.net\/blog\/wp-content\/uploads\/2024\/10\/hawiaina-gold-circled-white.png?fit=622%2C622&ssl=1","contentUrl":"https:\/\/i0.wp.com\/www.fullo.net\/blog\/wp-content\/uploads\/2024\/10\/hawiaina-gold-circled-white.png?fit=622%2C622&ssl=1","width":622,"height":622,"caption":"Francesco Fullone"},"logo":{"@id":"https:\/\/i0.wp.com\/www.fullo.net\/blog\/wp-content\/uploads\/2024\/10\/hawiaina-gold-circled-white.png?fit=622%2C622&ssl=1"},"sameAs":["http:\/\/www.fullo.net","https:\/\/www.linkedin.com\/in\/fullo","https:\/\/x.com\/fullo"],"url":"https:\/\/www.fullo.net\/blog\/author\/fullo\/"}]}},"jetpack_publicize_connections":[],"jetpack_featured_media_url":"","jetpack_sharing_enabled":true,"jetpack_shortlink":"https:\/\/wp.me\/p3OSc1-J0","jetpack_likes_enabled":true,"jetpack-related-posts":[{"id":3083,"url":"https:\/\/www.fullo.net\/blog\/2013\/05\/27\/creare-un-ecosistema-sano-e-possibile\/","url_meta":{"origin":2790,"position":0},"title":"Creare un ecosistema sano, \u00e8 possibile.","author":"Francesco Fullone","date":"27\/05\/2013","format":false,"excerpt":"Qualche tempo fa, durante una riunione dell'xpug romagnolo (che ora ha anche una pagina su G+), emerse il discorso sul rimanere a combattere piuttosto che emigrare. La serata, piuttosto che vergere sul classico auto compatimento \u00e8 stata interessante ed ha portato a diversi punti chiave su cui lavorare. Il pi\u00f9\u2026","rel":"","context":"In &quot;eventi&quot;","block_context":{"text":"eventi","link":"https:\/\/www.fullo.net\/blog\/category\/eventi\/"},"img":{"alt_text":"","src":"","width":0,"height":0},"classes":[]},{"id":2367,"url":"https:\/\/www.fullo.net\/blog\/2007\/11\/21\/iasummit-larchitettura-dellinformazione-ha-una-sua-conferenza\/","url_meta":{"origin":2790,"position":1},"title":"IASummit, l&#8217;architettura dell&#8217;informazione ha una sua conferenza","author":"Francesco Fullone","date":"21\/11\/2007","format":false,"excerpt":"Con il delay che mi appartiene in questi gioni scrivo solo oggi della conferenza alla quale ho partecipato la scorsa settimana, l'IASummit 2007. Quest'anno l'IASummit si \u00e8 tenuta a Trento, vuoi per la disponibilit\u00e0 dell'illuminata amministrazione comunale, vuoi per il supporto della regione che per la disponibilit\u00e0 di alcuni organizzatori\u2026","rel":"","context":"In &quot;eventi&quot;","block_context":{"text":"eventi","link":"https:\/\/www.fullo.net\/blog\/category\/eventi\/"},"img":{"alt_text":"IASummit site","src":"https:\/\/i0.wp.com\/farm3.static.flickr.com\/2011\/2043845426_1e10b2b442_m.jpg?resize=350%2C200","width":350,"height":200},"classes":[]},{"id":3042,"url":"https:\/\/www.fullo.net\/blog\/2013\/01\/05\/ha-ancora-senso-fare-buona-impresa-in-italia\/","url_meta":{"origin":2790,"position":2},"title":"Ha ancora senso fare (buona) impresa in Italia?","author":"Francesco Fullone","date":"05\/01\/2013","format":false,"excerpt":"Un altro anno (di resistenza) \u00e8 passato e gran parte degli obbiettivi personali fissati sono stati raggiunti, gran parte ma non tutti (il mondo non \u00e8 ancora mio, non sono ricco da fare schifo e ho perso solo 10Kg dei 15 che mi ero ripromesso). Ho allargato la famiglia e\u2026","rel":"","context":"In &quot;pensieri&quot;","block_context":{"text":"pensieri","link":"https:\/\/www.fullo.net\/blog\/category\/pensieri\/"},"img":{"alt_text":"","src":"","width":0,"height":0},"classes":[]},{"id":2362,"url":"https:\/\/www.fullo.net\/blog\/2007\/11\/09\/ipc-international-php-conference\/","url_meta":{"origin":2790,"position":3},"title":"IPC, International PHP Conference","author":"Francesco Fullone","date":"09\/11\/2007","format":false,"excerpt":"Ormai sono tornato da un paio di giorni dall'IPC, devo dire che ne sono stato realmente entusiasta e che mi \u00e8 dispiaciuto veramente molto perdere l'ultima giornata di talk. La qualit\u00e0 dei talk, almeno per quelli a cui ho partecipato, \u00e8 stata decisamente alta. Inoltre ho apprezzato particolarmente i workshop\u2026","rel":"","context":"In &quot;eventi&quot;","block_context":{"text":"eventi","link":"https:\/\/www.fullo.net\/blog\/category\/eventi\/"},"img":{"alt_text":"","src":"","width":0,"height":0},"classes":[]},{"id":3374,"url":"https:\/\/www.fullo.net\/blog\/2020\/02\/27\/2020\/","url_meta":{"origin":2790,"position":4},"title":"2020","author":"Francesco Fullone","date":"27\/02\/2020","format":false,"excerpt":"Come i pi\u00f9 attenti umarell da socialini avranno notato negli ultimi due mesi c'\u00e8 stato un po' di fermendo sul mio account Linkedin. A partire da quest'anno ho deciso di rivedere le priorit\u00e0 personali concedendomi pi\u00f9 tempo per attivit\u00e0 che reputo a valore aggiunto (famiglia, me stesso, comunit\u00e0 delle persone\u2026","rel":"","context":"In &quot;Entrepreneurship&quot;","block_context":{"text":"Entrepreneurship","link":"https:\/\/www.fullo.net\/blog\/category\/entrepreneurship\/"},"img":{"alt_text":"panta rei, tutto scorre","src":"https:\/\/i0.wp.com\/www.fullo.net\/blog\/wp-content\/uploads\/2020\/02\/panta-rei.jpg?fit=638%2C359&ssl=1&resize=350%2C200","width":350,"height":200,"srcset":"https:\/\/i0.wp.com\/www.fullo.net\/blog\/wp-content\/uploads\/2020\/02\/panta-rei.jpg?fit=638%2C359&ssl=1&resize=350%2C200 1x, https:\/\/i0.wp.com\/www.fullo.net\/blog\/wp-content\/uploads\/2020\/02\/panta-rei.jpg?fit=638%2C359&ssl=1&resize=525%2C300 1.5x"},"classes":[]},{"id":1943,"url":"https:\/\/www.fullo.net\/blog\/2006\/04\/28\/maggio-periodo-di-conferenze\/","url_meta":{"origin":2790,"position":5},"title":"Maggio periodo di conferenze","author":"Francesco Fullone","date":"28\/04\/2006","format":false,"excerpt":"Maggio \u00e8 sempre stato un mese di eventi mondani, inizia la stagione dei concerti e quella delle le principali conferenze hi-tech in giro per l'Italia (compresa una certa Grande Fiera dell'Elettronica di Forl\u00ec della quale sono un abitu\u00e9). A parte il phpDay (al quale non posso mancare per ovvi motivi)\u2026","rel":"","context":"In &quot;di tutto un po'&quot;","block_context":{"text":"di tutto un po'","link":"https:\/\/www.fullo.net\/blog\/category\/di-tutto-un-po\/"},"img":{"alt_text":"","src":"","width":0,"height":0},"classes":[]}],"_links":{"self":[{"href":"https:\/\/www.fullo.net\/blog\/wp-json\/wp\/v2\/posts\/2790","targetHints":{"allow":["GET"]}}],"collection":[{"href":"https:\/\/www.fullo.net\/blog\/wp-json\/wp\/v2\/posts"}],"about":[{"href":"https:\/\/www.fullo.net\/blog\/wp-json\/wp\/v2\/types\/post"}],"author":[{"embeddable":true,"href":"https:\/\/www.fullo.net\/blog\/wp-json\/wp\/v2\/users\/1"}],"replies":[{"embeddable":true,"href":"https:\/\/www.fullo.net\/blog\/wp-json\/wp\/v2\/comments?post=2790"}],"version-history":[{"count":4,"href":"https:\/\/www.fullo.net\/blog\/wp-json\/wp\/v2\/posts\/2790\/revisions"}],"predecessor-version":[{"id":2795,"href":"https:\/\/www.fullo.net\/blog\/wp-json\/wp\/v2\/posts\/2790\/revisions\/2795"}],"wp:attachment":[{"href":"https:\/\/www.fullo.net\/blog\/wp-json\/wp\/v2\/media?parent=2790"}],"wp:term":[{"taxonomy":"category","embeddable":true,"href":"https:\/\/www.fullo.net\/blog\/wp-json\/wp\/v2\/categories?post=2790"},{"taxonomy":"post_tag","embeddable":true,"href":"https:\/\/www.fullo.net\/blog\/wp-json\/wp\/v2\/tags?post=2790"}],"curies":[{"name":"wp","href":"https:\/\/api.w.org\/{rel}","templated":true}]}}