{"id":2975,"date":"2012-03-19T11:50:11","date_gmt":"2012-03-19T10:50:11","guid":{"rendered":"https:\/\/www.fullo.net\/blog\/?p=2975"},"modified":"2012-03-19T11:52:22","modified_gmt":"2012-03-19T10:52:22","slug":"facciamo-un-tech-hub-a-cesena","status":"publish","type":"post","link":"https:\/\/www.fullo.net\/blog\/2012\/03\/19\/facciamo-un-tech-hub-a-cesena\/","title":{"rendered":"Facciamo un tech-hub a Cesena?"},"content":{"rendered":"<p>L&#8217;<a href=\"https:\/\/twitter.com\/#!\/fullo\/status\/177430597906604032\">idea<\/a> \u00e8 venuta fuori un po&#8217; cos\u00ec per scherzo durante una sessione di release planning (e mentoring) con una startup: &#8220;<em>Perch\u00e8 non creiamo un cowo dove ospitare le proto-startup e le startup che di volta in volta ci vengono a chiedere supporto nel metodo e nella tecnologia?<\/em>&#8220;. Dopo 30 minuti stavamo gi\u00e0 discutendo con il buon <a href=\"http:\/\/www.linkedin.com\/in\/brando\">Brando<\/a> e <a href=\"http:\/\/www.linkedin.com\/in\/nicolovolpato\">Nicol\u00f2<\/a> per capire come aprire qualcosa tra un <a href=\"http:\/\/coworkingproject.com\/\">cowo<\/a> ed un <a href=\"http:\/\/www.talentgarden.it\/\">talentgarden<\/a> a Cesena.<\/p>\n<p>Ad oggi abbiamo trovato (proprio sopra al <a href=\"http:\/\/www.ideato.it\/chi-siamo\/contattaci\/#mappa\">nuovo ufficio di ideato<\/a>) un openspace da 400mq (300mq open e 100mq in sala riunione\/corsi) ad un ottimo prezzo, siamo <a href=\"http:\/\/www.polocesena.unibo.it\/Polo+Cesena\/Offerta+formativa\/Corsidilaurea\/ListingCorsiXP.htm?CommandArgument=Matricole&#038;NomeCorso=&#038;Facolta=0000&#038;Polo=Cesena&#038;TipiLaurea=0000&#038;Anno=2011&#038;Immatricolabile=S\">circondati da facolt\u00e0<\/a> tecniche (informatica, ing. informatica, ing. biomedica, ing. elettronica, architettura ed agraria) ed umanistiche (psicologia ed scienze del comportamento) che ogni anno sfornano alcuni ottimi esemplari che poi &#8220;emigrano al nord&#8221; e possiamo fornire esperienza &#8220;sul campo&#8221; da condividere. <\/p>\n<p>Quello che ci manca \u00e8 un investitore (serio) interessato al progetto e feedback dai cowo che non vivono in zone popolose come Milano, Roma o Firenze. Chi \u00e8 interessato?<\/p>\n","protected":false},"excerpt":{"rendered":"<p>L&#8217;idea \u00e8 venuta fuori un po&#8217; cos\u00ec per scherzo durante una sessione di release planning (e mentoring) con una startup: &#8220;Perch\u00e8 non creiamo un cowo dove ospitare le proto-startup e le startup che di volta in volta ci vengono a chiedere supporto nel metodo e nella tecnologia?&#8220;. Dopo 30 minuti stavamo gi\u00e0 discutendo con il [&hellip;]<\/p>\n","protected":false},"author":1,"featured_media":0,"comment_status":"open","ping_status":"open","sticky":false,"template":"","format":"standard","meta":{"jetpack_post_was_ever_published":false,"_jetpack_newsletter_access":"","_jetpack_dont_email_post_to_subs":false,"_jetpack_newsletter_tier_id":0,"_jetpack_memberships_contains_paywalled_content":false,"_jetpack_memberships_contains_paid_content":false,"footnotes":"","jetpack_publicize_message":"","jetpack_publicize_feature_enabled":true,"jetpack_social_post_already_shared":false,"jetpack_social_options":{"image_generator_settings":{"template":"highway","default_image_id":0,"font":"","enabled":false},"version":2}},"categories":[1,4],"tags":[1258,2181,1962,726,2110,2177,2182],"class_list":["post-2975","post","type-post","status-publish","format-standard","hentry","category-di-tutto-un-po","category-pensieri","tag-business","tag-cowo","tag-ideato","tag-idee","tag-lean","tag-startup","tag-startupgarden"],"yoast_head":"<!-- This site is optimized with the Yoast SEO plugin v27.5 - https:\/\/yoast.com\/product\/yoast-seo-wordpress\/ -->\n<title>Facciamo un tech-hub a Cesena? - Fullo<\/title>\n<meta name=\"robots\" content=\"index, follow, max-snippet:-1, max-image-preview:large, max-video-preview:-1\" \/>\n<link rel=\"canonical\" href=\"https:\/\/www.fullo.net\/blog\/2012\/03\/19\/facciamo-un-tech-hub-a-cesena\/\" \/>\n<meta property=\"og:locale\" content=\"en_US\" \/>\n<meta property=\"og:type\" content=\"article\" \/>\n<meta property=\"og:title\" content=\"Facciamo un tech-hub a Cesena? - Fullo\" \/>\n<meta property=\"og:description\" content=\"L&#8217;idea \u00e8 venuta fuori un po&#8217; cos\u00ec per scherzo durante una sessione di release planning (e mentoring) con una startup: &#8220;Perch\u00e8 non creiamo un cowo dove ospitare le proto-startup e le startup che di volta in volta ci vengono a chiedere supporto nel metodo e nella tecnologia?&#8220;. Dopo 30 minuti stavamo gi\u00e0 discutendo con il [&hellip;]\" \/>\n<meta property=\"og:url\" content=\"https:\/\/www.fullo.net\/blog\/2012\/03\/19\/facciamo-un-tech-hub-a-cesena\/\" \/>\n<meta property=\"og:site_name\" content=\"Fullo\" \/>\n<meta property=\"article:published_time\" content=\"2012-03-19T10:50:11+00:00\" \/>\n<meta property=\"article:modified_time\" content=\"2012-03-19T10:52:22+00:00\" \/>\n<meta name=\"author\" content=\"Francesco Fullone\" \/>\n<meta name=\"twitter:card\" content=\"summary_large_image\" \/>\n<meta name=\"twitter:creator\" content=\"@fullo\" \/>\n<meta name=\"twitter:site\" content=\"@fullo\" \/>\n<meta name=\"twitter:label1\" content=\"Written by\" \/>\n\t<meta name=\"twitter:data1\" content=\"Francesco Fullone\" \/>\n\t<meta name=\"twitter:label2\" content=\"Est. reading time\" \/>\n\t<meta name=\"twitter:data2\" content=\"1 minute\" \/>\n<script type=\"application\/ld+json\" class=\"yoast-schema-graph\">{\"@context\":\"https:\\\/\\\/schema.org\",\"@graph\":[{\"@type\":\"Article\",\"@id\":\"https:\\\/\\\/www.fullo.net\\\/blog\\\/2012\\\/03\\\/19\\\/facciamo-un-tech-hub-a-cesena\\\/#article\",\"isPartOf\":{\"@id\":\"https:\\\/\\\/www.fullo.net\\\/blog\\\/2012\\\/03\\\/19\\\/facciamo-un-tech-hub-a-cesena\\\/\"},\"author\":{\"name\":\"Francesco Fullone\",\"@id\":\"https:\\\/\\\/www.fullo.net\\\/blog\\\/#\\\/schema\\\/person\\\/24e91bc6caea6c411a8668df5639428c\"},\"headline\":\"Facciamo un tech-hub a Cesena?\",\"datePublished\":\"2012-03-19T10:50:11+00:00\",\"dateModified\":\"2012-03-19T10:52:22+00:00\",\"mainEntityOfPage\":{\"@id\":\"https:\\\/\\\/www.fullo.net\\\/blog\\\/2012\\\/03\\\/19\\\/facciamo-un-tech-hub-a-cesena\\\/\"},\"wordCount\":172,\"commentCount\":1,\"publisher\":{\"@id\":\"https:\\\/\\\/www.fullo.net\\\/blog\\\/#\\\/schema\\\/person\\\/24e91bc6caea6c411a8668df5639428c\"},\"keywords\":[\"business\",\"cowo\",\"ideato\",\"idee\",\"lean\",\"startup\",\"startupgarden\"],\"articleSection\":[\"di tutto un po'\",\"pensieri\"],\"inLanguage\":\"en-US\",\"potentialAction\":[{\"@type\":\"CommentAction\",\"name\":\"Comment\",\"target\":[\"https:\\\/\\\/www.fullo.net\\\/blog\\\/2012\\\/03\\\/19\\\/facciamo-un-tech-hub-a-cesena\\\/#respond\"]}]},{\"@type\":\"WebPage\",\"@id\":\"https:\\\/\\\/www.fullo.net\\\/blog\\\/2012\\\/03\\\/19\\\/facciamo-un-tech-hub-a-cesena\\\/\",\"url\":\"https:\\\/\\\/www.fullo.net\\\/blog\\\/2012\\\/03\\\/19\\\/facciamo-un-tech-hub-a-cesena\\\/\",\"name\":\"Facciamo un tech-hub a Cesena? - Fullo\",\"isPartOf\":{\"@id\":\"https:\\\/\\\/www.fullo.net\\\/blog\\\/#website\"},\"datePublished\":\"2012-03-19T10:50:11+00:00\",\"dateModified\":\"2012-03-19T10:52:22+00:00\",\"breadcrumb\":{\"@id\":\"https:\\\/\\\/www.fullo.net\\\/blog\\\/2012\\\/03\\\/19\\\/facciamo-un-tech-hub-a-cesena\\\/#breadcrumb\"},\"inLanguage\":\"en-US\",\"potentialAction\":[{\"@type\":\"ReadAction\",\"target\":[\"https:\\\/\\\/www.fullo.net\\\/blog\\\/2012\\\/03\\\/19\\\/facciamo-un-tech-hub-a-cesena\\\/\"]}]},{\"@type\":\"BreadcrumbList\",\"@id\":\"https:\\\/\\\/www.fullo.net\\\/blog\\\/2012\\\/03\\\/19\\\/facciamo-un-tech-hub-a-cesena\\\/#breadcrumb\",\"itemListElement\":[{\"@type\":\"ListItem\",\"position\":1,\"name\":\"Home\",\"item\":\"https:\\\/\\\/www.fullo.net\\\/blog\\\/\"},{\"@type\":\"ListItem\",\"position\":2,\"name\":\"Facciamo un tech-hub a Cesena?\"}]},{\"@type\":\"WebSite\",\"@id\":\"https:\\\/\\\/www.fullo.net\\\/blog\\\/#website\",\"url\":\"https:\\\/\\\/www.fullo.net\\\/blog\\\/\",\"name\":\"Fullo\",\"description\":\"nulla e&#039; impossibile per chi non lo deve fare!\",\"publisher\":{\"@id\":\"https:\\\/\\\/www.fullo.net\\\/blog\\\/#\\\/schema\\\/person\\\/24e91bc6caea6c411a8668df5639428c\"},\"potentialAction\":[{\"@type\":\"SearchAction\",\"target\":{\"@type\":\"EntryPoint\",\"urlTemplate\":\"https:\\\/\\\/www.fullo.net\\\/blog\\\/?s={search_term_string}\"},\"query-input\":{\"@type\":\"PropertyValueSpecification\",\"valueRequired\":true,\"valueName\":\"search_term_string\"}}],\"inLanguage\":\"en-US\"},{\"@type\":[\"Person\",\"Organization\"],\"@id\":\"https:\\\/\\\/www.fullo.net\\\/blog\\\/#\\\/schema\\\/person\\\/24e91bc6caea6c411a8668df5639428c\",\"name\":\"Francesco Fullone\",\"image\":{\"@type\":\"ImageObject\",\"inLanguage\":\"en-US\",\"@id\":\"https:\\\/\\\/i0.wp.com\\\/www.fullo.net\\\/blog\\\/wp-content\\\/uploads\\\/2024\\\/10\\\/hawiaina-gold-circled-white.png?fit=622%2C622&ssl=1\",\"url\":\"https:\\\/\\\/i0.wp.com\\\/www.fullo.net\\\/blog\\\/wp-content\\\/uploads\\\/2024\\\/10\\\/hawiaina-gold-circled-white.png?fit=622%2C622&ssl=1\",\"contentUrl\":\"https:\\\/\\\/i0.wp.com\\\/www.fullo.net\\\/blog\\\/wp-content\\\/uploads\\\/2024\\\/10\\\/hawiaina-gold-circled-white.png?fit=622%2C622&ssl=1\",\"width\":622,\"height\":622,\"caption\":\"Francesco Fullone\"},\"logo\":{\"@id\":\"https:\\\/\\\/i0.wp.com\\\/www.fullo.net\\\/blog\\\/wp-content\\\/uploads\\\/2024\\\/10\\\/hawiaina-gold-circled-white.png?fit=622%2C622&ssl=1\"},\"sameAs\":[\"http:\\\/\\\/www.fullo.net\",\"https:\\\/\\\/www.linkedin.com\\\/in\\\/fullo\",\"https:\\\/\\\/x.com\\\/fullo\"],\"url\":\"https:\\\/\\\/www.fullo.net\\\/blog\\\/author\\\/fullo\\\/\"}]}<\/script>\n<!-- \/ Yoast SEO plugin. -->","yoast_head_json":{"title":"Facciamo un tech-hub a Cesena? - Fullo","robots":{"index":"index","follow":"follow","max-snippet":"max-snippet:-1","max-image-preview":"max-image-preview:large","max-video-preview":"max-video-preview:-1"},"canonical":"https:\/\/www.fullo.net\/blog\/2012\/03\/19\/facciamo-un-tech-hub-a-cesena\/","og_locale":"en_US","og_type":"article","og_title":"Facciamo un tech-hub a Cesena? - Fullo","og_description":"L&#8217;idea \u00e8 venuta fuori un po&#8217; cos\u00ec per scherzo durante una sessione di release planning (e mentoring) con una startup: &#8220;Perch\u00e8 non creiamo un cowo dove ospitare le proto-startup e le startup che di volta in volta ci vengono a chiedere supporto nel metodo e nella tecnologia?&#8220;. Dopo 30 minuti stavamo gi\u00e0 discutendo con il [&hellip;]","og_url":"https:\/\/www.fullo.net\/blog\/2012\/03\/19\/facciamo-un-tech-hub-a-cesena\/","og_site_name":"Fullo","article_published_time":"2012-03-19T10:50:11+00:00","article_modified_time":"2012-03-19T10:52:22+00:00","author":"Francesco Fullone","twitter_card":"summary_large_image","twitter_creator":"@fullo","twitter_site":"@fullo","twitter_misc":{"Written by":"Francesco Fullone","Est. reading time":"1 minute"},"schema":{"@context":"https:\/\/schema.org","@graph":[{"@type":"Article","@id":"https:\/\/www.fullo.net\/blog\/2012\/03\/19\/facciamo-un-tech-hub-a-cesena\/#article","isPartOf":{"@id":"https:\/\/www.fullo.net\/blog\/2012\/03\/19\/facciamo-un-tech-hub-a-cesena\/"},"author":{"name":"Francesco Fullone","@id":"https:\/\/www.fullo.net\/blog\/#\/schema\/person\/24e91bc6caea6c411a8668df5639428c"},"headline":"Facciamo un tech-hub a Cesena?","datePublished":"2012-03-19T10:50:11+00:00","dateModified":"2012-03-19T10:52:22+00:00","mainEntityOfPage":{"@id":"https:\/\/www.fullo.net\/blog\/2012\/03\/19\/facciamo-un-tech-hub-a-cesena\/"},"wordCount":172,"commentCount":1,"publisher":{"@id":"https:\/\/www.fullo.net\/blog\/#\/schema\/person\/24e91bc6caea6c411a8668df5639428c"},"keywords":["business","cowo","ideato","idee","lean","startup","startupgarden"],"articleSection":["di tutto un po'","pensieri"],"inLanguage":"en-US","potentialAction":[{"@type":"CommentAction","name":"Comment","target":["https:\/\/www.fullo.net\/blog\/2012\/03\/19\/facciamo-un-tech-hub-a-cesena\/#respond"]}]},{"@type":"WebPage","@id":"https:\/\/www.fullo.net\/blog\/2012\/03\/19\/facciamo-un-tech-hub-a-cesena\/","url":"https:\/\/www.fullo.net\/blog\/2012\/03\/19\/facciamo-un-tech-hub-a-cesena\/","name":"Facciamo un tech-hub a Cesena? - Fullo","isPartOf":{"@id":"https:\/\/www.fullo.net\/blog\/#website"},"datePublished":"2012-03-19T10:50:11+00:00","dateModified":"2012-03-19T10:52:22+00:00","breadcrumb":{"@id":"https:\/\/www.fullo.net\/blog\/2012\/03\/19\/facciamo-un-tech-hub-a-cesena\/#breadcrumb"},"inLanguage":"en-US","potentialAction":[{"@type":"ReadAction","target":["https:\/\/www.fullo.net\/blog\/2012\/03\/19\/facciamo-un-tech-hub-a-cesena\/"]}]},{"@type":"BreadcrumbList","@id":"https:\/\/www.fullo.net\/blog\/2012\/03\/19\/facciamo-un-tech-hub-a-cesena\/#breadcrumb","itemListElement":[{"@type":"ListItem","position":1,"name":"Home","item":"https:\/\/www.fullo.net\/blog\/"},{"@type":"ListItem","position":2,"name":"Facciamo un tech-hub a Cesena?"}]},{"@type":"WebSite","@id":"https:\/\/www.fullo.net\/blog\/#website","url":"https:\/\/www.fullo.net\/blog\/","name":"Fullo","description":"nulla e&#039; impossibile per chi non lo deve fare!","publisher":{"@id":"https:\/\/www.fullo.net\/blog\/#\/schema\/person\/24e91bc6caea6c411a8668df5639428c"},"potentialAction":[{"@type":"SearchAction","target":{"@type":"EntryPoint","urlTemplate":"https:\/\/www.fullo.net\/blog\/?s={search_term_string}"},"query-input":{"@type":"PropertyValueSpecification","valueRequired":true,"valueName":"search_term_string"}}],"inLanguage":"en-US"},{"@type":["Person","Organization"],"@id":"https:\/\/www.fullo.net\/blog\/#\/schema\/person\/24e91bc6caea6c411a8668df5639428c","name":"Francesco Fullone","image":{"@type":"ImageObject","inLanguage":"en-US","@id":"https:\/\/i0.wp.com\/www.fullo.net\/blog\/wp-content\/uploads\/2024\/10\/hawiaina-gold-circled-white.png?fit=622%2C622&ssl=1","url":"https:\/\/i0.wp.com\/www.fullo.net\/blog\/wp-content\/uploads\/2024\/10\/hawiaina-gold-circled-white.png?fit=622%2C622&ssl=1","contentUrl":"https:\/\/i0.wp.com\/www.fullo.net\/blog\/wp-content\/uploads\/2024\/10\/hawiaina-gold-circled-white.png?fit=622%2C622&ssl=1","width":622,"height":622,"caption":"Francesco Fullone"},"logo":{"@id":"https:\/\/i0.wp.com\/www.fullo.net\/blog\/wp-content\/uploads\/2024\/10\/hawiaina-gold-circled-white.png?fit=622%2C622&ssl=1"},"sameAs":["http:\/\/www.fullo.net","https:\/\/www.linkedin.com\/in\/fullo","https:\/\/x.com\/fullo"],"url":"https:\/\/www.fullo.net\/blog\/author\/fullo\/"}]}},"jetpack_publicize_connections":[],"jetpack_featured_media_url":"","jetpack_sharing_enabled":true,"jetpack_shortlink":"https:\/\/wp.me\/p3OSc1-LZ","jetpack_likes_enabled":true,"jetpack-related-posts":[{"id":3099,"url":"https:\/\/www.fullo.net\/blog\/2013\/08\/12\/from-june-2012-to-june-2013-a-recap\/","url_meta":{"origin":2975,"position":0},"title":"from June 2012 to June 2013: a recap","author":"Francesco Fullone","date":"12\/08\/2013","format":false,"excerpt":"I'm, more or less, 2 months late about this recap... but it took me a loooot of time to find some will to finish it... :) I spent 2012 testing new business opportunities, and the 1st semester of 2013 was spent refining those business model. The startup business for ideato\u2026","rel":"","context":"In &quot;lifehack&quot;","block_context":{"text":"lifehack","link":"https:\/\/www.fullo.net\/blog\/category\/di-tutto-un-po\/lifehack\/"},"img":{"alt_text":"","src":"","width":0,"height":0},"classes":[]},{"id":3042,"url":"https:\/\/www.fullo.net\/blog\/2013\/01\/05\/ha-ancora-senso-fare-buona-impresa-in-italia\/","url_meta":{"origin":2975,"position":1},"title":"Ha ancora senso fare (buona) impresa in Italia?","author":"Francesco Fullone","date":"05\/01\/2013","format":false,"excerpt":"Un altro anno (di resistenza) \u00e8 passato e gran parte degli obbiettivi personali fissati sono stati raggiunti, gran parte ma non tutti (il mondo non \u00e8 ancora mio, non sono ricco da fare schifo e ho perso solo 10Kg dei 15 che mi ero ripromesso). Ho allargato la famiglia e\u2026","rel":"","context":"In &quot;pensieri&quot;","block_context":{"text":"pensieri","link":"https:\/\/www.fullo.net\/blog\/category\/pensieri\/"},"img":{"alt_text":"","src":"","width":0,"height":0},"classes":[]},{"id":2442,"url":"https:\/\/www.fullo.net\/blog\/2008\/07\/17\/blogdinner-romagna-summer-season\/","url_meta":{"origin":2975,"position":2},"title":"blogDinner roMagna summer season #2","author":"Francesco Fullone","date":"17\/07\/2008","format":false,"excerpt":"Ecco quindi le ultime informazioni per il blogDinner roMagna: \u201cOstaria del Mare\u201d Via Casette, 5 - Montaletto di Cervia (RA) tel. 0544 965617 - chiuso luned\u00ec Per chi viene da Nord (faenza\/bologna) o da Sud (cattolina\/rimini) il luogo di appuntamento \u00e8 davanti casello di Cesena Sud (mi fanno presente che\u2026","rel":"","context":"In &quot;eventi&quot;","block_context":{"text":"eventi","link":"https:\/\/www.fullo.net\/blog\/category\/eventi\/"},"img":{"alt_text":"","src":"","width":0,"height":0},"classes":[]},{"id":2995,"url":"https:\/\/www.fullo.net\/blog\/2012\/05\/07\/novita-dal-fronte-phpday-e-jsday-2012-nuovi-business-model-e-startup\/","url_meta":{"origin":2975,"position":3},"title":"Novit\u00e0 dal fronte: phpDay e jsDay 2012, nuovi business model e startup","author":"Francesco Fullone","date":"07\/05\/2012","format":false,"excerpt":"Manca ormai una settimana all'evento che con gli altri ragazzi del GrUSP abbiamo iniziato ad organizzare a Novembre: jsDay e phpDay. I programmi di entrambe le conferenze sono saturi di relatori di gran calibro e parlare nella stessa conferenza insieme a Douglas Crockford mi fa sentire un po' un privilegiato\u2026","rel":"","context":"In &quot;di tutto un po'&quot;","block_context":{"text":"di tutto un po'","link":"https:\/\/www.fullo.net\/blog\/category\/di-tutto-un-po\/"},"img":{"alt_text":"","src":"https:\/\/i0.wp.com\/www.fullo.net\/blog\/wp-content\/uploads\/2012\/05\/cover-150x150.png?resize=350%2C200","width":350,"height":200},"classes":[]},{"id":2435,"url":"https:\/\/www.fullo.net\/blog\/2008\/06\/18\/techgarage-arrivo\/","url_meta":{"origin":2975,"position":4},"title":"TechGarage, arrivo!","author":"Francesco Fullone","date":"18\/06\/2008","format":false,"excerpt":"Domani parto per un paio di giorni per recarmi a Roma, in capitale (oltre che rivedere con immenso piacere amici e colleghi) parteciper\u00f2 al TechGarage come partner tecnico di un paio di Startup. Sono veramente curioso di vedere come agiscono, in reallife, investitori e venture capitalist con cui finora ho\u2026","rel":"","context":"In &quot;eventi&quot;","block_context":{"text":"eventi","link":"https:\/\/www.fullo.net\/blog\/category\/eventi\/"},"img":{"alt_text":"","src":"","width":0,"height":0},"classes":[]},{"id":2288,"url":"https:\/\/www.fullo.net\/blog\/2007\/06\/18\/blogdinner-romagna-5\/","url_meta":{"origin":2975,"position":5},"title":"BlogDinner roMagna","author":"Francesco Fullone","date":"18\/06\/2007","format":false,"excerpt":"Me ne aveva riparlato Daniele, poi per\u00f2, come al solito, ce ne siamo dimenticati bellamente ed \u00e8 passato qualche mese... beh.. Siccome a Luglio non si pu\u00f2 non andare a cesenatico a mangiare il pesce (o le alghe se si \u00e8 vegetariani) direi che la prossima blogDinner roMagnola (la quarta\u2026","rel":"","context":"In &quot;di tutto un po'&quot;","block_context":{"text":"di tutto un po'","link":"https:\/\/www.fullo.net\/blog\/category\/di-tutto-un-po\/"},"img":{"alt_text":"","src":"","width":0,"height":0},"classes":[]}],"_links":{"self":[{"href":"https:\/\/www.fullo.net\/blog\/wp-json\/wp\/v2\/posts\/2975","targetHints":{"allow":["GET"]}}],"collection":[{"href":"https:\/\/www.fullo.net\/blog\/wp-json\/wp\/v2\/posts"}],"about":[{"href":"https:\/\/www.fullo.net\/blog\/wp-json\/wp\/v2\/types\/post"}],"author":[{"embeddable":true,"href":"https:\/\/www.fullo.net\/blog\/wp-json\/wp\/v2\/users\/1"}],"replies":[{"embeddable":true,"href":"https:\/\/www.fullo.net\/blog\/wp-json\/wp\/v2\/comments?post=2975"}],"version-history":[{"count":3,"href":"https:\/\/www.fullo.net\/blog\/wp-json\/wp\/v2\/posts\/2975\/revisions"}],"predecessor-version":[{"id":2977,"href":"https:\/\/www.fullo.net\/blog\/wp-json\/wp\/v2\/posts\/2975\/revisions\/2977"}],"wp:attachment":[{"href":"https:\/\/www.fullo.net\/blog\/wp-json\/wp\/v2\/media?parent=2975"}],"wp:term":[{"taxonomy":"category","embeddable":true,"href":"https:\/\/www.fullo.net\/blog\/wp-json\/wp\/v2\/categories?post=2975"},{"taxonomy":"post_tag","embeddable":true,"href":"https:\/\/www.fullo.net\/blog\/wp-json\/wp\/v2\/tags?post=2975"}],"curies":[{"name":"wp","href":"https:\/\/api.w.org\/{rel}","templated":true}]}}