{"id":3502,"date":"2021-03-31T18:15:55","date_gmt":"2021-03-31T17:15:55","guid":{"rendered":"https:\/\/www.fullo.net\/blog\/?p=3502"},"modified":"2021-03-31T18:16:31","modified_gmt":"2021-03-31T17:16:31","slug":"strategia-di-sostenibilita","status":"publish","type":"post","link":"https:\/\/www.fullo.net\/blog\/2021\/03\/31\/strategia-di-sostenibilita\/","title":{"rendered":"Strategia di Sostenibilit\u00e0"},"content":{"rendered":"\n<p>Sfruttando un paio di braccia rotte e l&#8217;impossibilit\u00e0 di usare il computer in modo continuo ho investito il mio tempo libero, negli ultimi due mesi, per chiaccherare con imprenditori<sup>1<\/sup> conosciuti nel mio percorso per capire se e come stavano valutando temi di sostenibilit\u00e0 all&#8217;interno della loro quotidianit\u00e0. L&#8217;ho fatto per mera curiosit\u00e0 e per capire come l&#8217;ecosistema di persone che mi circondano percepiscono i temi ai quali mi sono affacciato in modo pi\u00f9 strutturato negli ultimi due anni.<\/p>\n\n\n\n<!--more-->\n\n\n\n<p>In alcune call non ho neppure approfondito i <a href=\"https:\/\/sdgs.un.org\/goals\">17 SDGs delle Nazioni Unite<\/a>, non per mancanza di interesse nel mio interlocutore ma perch\u00e9 gi\u00e0 oltre al semplice scopo della discussione.<\/p>\n\n\n\n<p>Parto dicendo che di positivo molti dei miei contatti sono diventati particolarmente attenti al tema, anche se c&#8217;\u00e8 chi continua a pensare alla sostenibilit\u00e0 come un tema solo relegato all&#8217;impatto ambientale. <\/p>\n\n\n\n<p>Se \u00e8 vero che l&#8217;aspetto pi\u00f9 evidente, perch\u00e9 sotto gli occhi di tutti, \u00e8 quello ambientale bisogna considerarlo come solo uno dei tre Pilasti (Planet, People and Profit) e che tutti e tre contribuiscono ad avere un impatto da micro (persona, azienda) al macro (citt\u00e0, stato, pianeta <em>e che non affronter\u00f2 in questo post<\/em>) in maniera diversa. <\/p>\n\n\n\n<p>Pertanto quando si parla di Sostenibilit\u00e0 bisogna sempre considerarla dal punto di vista sistemico anche se applicata solo sulle scelte che far\u00e0 la propria azienda. <\/p>\n\n\n\n<figure class=\"wp-block-image size-large\"><a href=\"https:\/\/i0.wp.com\/www.fullo.net\/blog\/wp-content\/uploads\/2021\/03\/image-1.png?ssl=1\"><img data-recalc-dims=\"1\" loading=\"lazy\" decoding=\"async\" width=\"580\" height=\"486\" src=\"https:\/\/i0.wp.com\/www.fullo.net\/blog\/wp-content\/uploads\/2021\/03\/image-1.png?resize=580%2C486&#038;ssl=1\" alt=\"\" class=\"wp-image-3709\" srcset=\"https:\/\/i0.wp.com\/www.fullo.net\/blog\/wp-content\/uploads\/2021\/03\/image-1.png?resize=700%2C586&amp;ssl=1 700w, https:\/\/i0.wp.com\/www.fullo.net\/blog\/wp-content\/uploads\/2021\/03\/image-1.png?resize=300%2C251&amp;ssl=1 300w, https:\/\/i0.wp.com\/www.fullo.net\/blog\/wp-content\/uploads\/2021\/03\/image-1.png?resize=768%2C643&amp;ssl=1 768w, https:\/\/i0.wp.com\/www.fullo.net\/blog\/wp-content\/uploads\/2021\/03\/image-1.png?w=869&amp;ssl=1 869w\" sizes=\"auto, (max-width: 580px) 100vw, 580px\" \/><\/a><\/figure>\n\n\n\n<p>Provando a fare un esempio banale. Supponiamo di essere una knowledge company che decide di eliminare gli spostamenti delle persone anche per ridurre la CO2. Cosa succede per\u00f2 se poi impediamo alle stesse persone, per un principio sulla carta lodevole, di organizzare incontri fisici per attivit\u00e0 complesse sostituendole con call lunghissime o con strumenti non adeguati al lavoro (impattando quindi negativamente sulla qualit\u00e0 della vita)? O ancora peggio rendendole poco produttive ed efficaci (impattando sulla sostenibilit\u00e0 economica dell&#8217;azienda)?  Con questo esempio, al limite della generalizzazione, non voglio dire che \u00e8 consigliato non lavorare per ridurre la CO2 prodotta nel commuting dei dipendenti verso l&#8217;azienda, ma che questo \u00e8 solo uno degli aspetti da tenere in considerazione per ragionare in termini di reale sostenibilit\u00e0 (e diciamolo, anche <a href=\"https:\/\/www.fullo.net\/blog\/2020\/03\/09\/remote-working-facciamolo-meglio\/\" data-type=\"post\" data-id=\"3423\">smart working<\/a>).<\/p>\n\n\n\n<figure class=\"wp-block-image size-large\"><a href=\"https:\/\/i0.wp.com\/www.fullo.net\/blog\/wp-content\/uploads\/2021\/03\/image-3.png?ssl=1\"><img data-recalc-dims=\"1\" loading=\"lazy\" decoding=\"async\" width=\"580\" height=\"461\" src=\"https:\/\/i0.wp.com\/www.fullo.net\/blog\/wp-content\/uploads\/2021\/03\/image-3.png?resize=580%2C461&#038;ssl=1\" alt=\"\" class=\"wp-image-3711\" srcset=\"https:\/\/i0.wp.com\/www.fullo.net\/blog\/wp-content\/uploads\/2021\/03\/image-3.png?w=625&amp;ssl=1 625w, https:\/\/i0.wp.com\/www.fullo.net\/blog\/wp-content\/uploads\/2021\/03\/image-3.png?resize=300%2C239&amp;ssl=1 300w\" sizes=\"auto, (max-width: 580px) 100vw, 580px\" \/><\/a><\/figure>\n\n\n\n<p><strong>La sostenibilit\u00e0 \u00e8 quindi una scelta strategica, a medio-lungo termine, che deve aderire a tutto il modello di business e visione di impresa.<\/strong> <\/p>\n\n\n\n<p>Non ci si pu\u00f2 limitare a piccoli accorgimenti tattici per ridurre determinati parametri ma bisogna guardare all&#8217;insieme delle cose. <br><br>Andando pi\u00f9 a fondo questo approccio deve essere visto sia nel modo di operare dell&#8217;azienda ma anche nella strategia degli acquisti, chiedendo ai propri fornitori come impattano nella filiera. La supply chain deve diventare sempre di pi\u00f9 una value chain che ha una visione a lungo termine sul portare miglioramenti sia all&#8217;ambiente che agli stakeholder coinvolti.<\/p>\n\n\n\n<p>Affrontare questi aspetti in modo concreto e pragmatico ha dei benefici che si ripercuotono negli anni, ed \u00e8 ulteriormente dimostrato dal fatto che le aziende che stanno crescendo meglio sono quelle che hanno una visione a lungo termine <a href=\"https:\/\/www.brookings.edu\/wp-content\/uploads\/2016\/06\/serafeim.pdf\">che include la sostenibilit\u00e0 come modo di fare, e migliorare il proprio, business<\/a>.<\/p>\n\n\n\n<p><\/p>\n\n\n\n<ol class=\"has-small-font-size wp-block-list\"><li>A dirla tutta ho chiamato e parlato prevalentemente con persone che erano gi\u00e0 interessate ai temi o addirittura hanno fatto passi concreti verso la sostenibilit\u00e0 della propria impresa. Mi piace vincere facile.<\/li><\/ol>\n\n\n\n<p><\/p>\n","protected":false},"excerpt":{"rendered":"<p>Sfruttando un paio di braccia rotte e l&#8217;impossibilit\u00e0 di usare il computer in modo continuo ho investito il mio tempo libero, negli ultimi due mesi, per chiaccherare con imprenditori1 conosciuti nel mio percorso per capire se e come stavano valutando temi di sostenibilit\u00e0 all&#8217;interno della loro quotidianit\u00e0. L&#8217;ho fatto per mera curiosit\u00e0 e per capire [&hellip;]<\/p>\n","protected":false},"author":1,"featured_media":3709,"comment_status":"closed","ping_status":"open","sticky":false,"template":"templates\/template-cover.php","format":"standard","meta":{"jetpack_post_was_ever_published":false,"_jetpack_newsletter_access":"","_jetpack_dont_email_post_to_subs":false,"_jetpack_newsletter_tier_id":0,"_jetpack_memberships_contains_paywalled_content":false,"_jetpack_memberships_contains_paid_content":false,"footnotes":"","jetpack_publicize_message":"La sostenibilit\u00e0 \u00e8 una scelta strategica, a medio-lungo termine, che deve aderire a tutto il modello di business e visione di impresa e bisogna sempre considerarla dal punto di vista sistemico. ","jetpack_publicize_feature_enabled":true,"jetpack_social_post_already_shared":true,"jetpack_social_options":{"image_generator_settings":{"template":"highway","default_image_id":0,"font":"","enabled":false},"version":2}},"categories":[2301,2348],"tags":[2350,2349,2262,2292,2315,2351],"class_list":["post-3502","post","type-post","status-publish","format-standard","has-post-thumbnail","hentry","category-advisoring","category-sustainability","tag-complessita","tag-complexity","tag-smartworking","tag-sustainability","tag-sustainability-designer","tag-system-thinking"],"yoast_head":"<!-- This site is optimized with the Yoast SEO plugin v27.5 - https:\/\/yoast.com\/product\/yoast-seo-wordpress\/ -->\n<title>Strategia di Sostenibilit\u00e0 - Fullo<\/title>\n<meta name=\"robots\" content=\"index, follow, max-snippet:-1, max-image-preview:large, max-video-preview:-1\" \/>\n<link rel=\"canonical\" href=\"https:\/\/www.fullo.net\/blog\/2021\/03\/31\/strategia-di-sostenibilita\/\" \/>\n<meta property=\"og:locale\" content=\"en_US\" \/>\n<meta property=\"og:type\" content=\"article\" \/>\n<meta property=\"og:title\" content=\"Strategia di Sostenibilit\u00e0 - Fullo\" \/>\n<meta property=\"og:description\" content=\"Sfruttando un paio di braccia rotte e l&#8217;impossibilit\u00e0 di usare il computer in modo continuo ho investito il mio tempo libero, negli ultimi due mesi, per chiaccherare con imprenditori1 conosciuti nel mio percorso per capire se e come stavano valutando temi di sostenibilit\u00e0 all&#8217;interno della loro quotidianit\u00e0. L&#8217;ho fatto per mera curiosit\u00e0 e per capire [&hellip;]\" \/>\n<meta property=\"og:url\" content=\"https:\/\/www.fullo.net\/blog\/2021\/03\/31\/strategia-di-sostenibilita\/\" \/>\n<meta property=\"og:site_name\" content=\"Fullo\" \/>\n<meta property=\"article:published_time\" content=\"2021-03-31T17:15:55+00:00\" \/>\n<meta property=\"article:modified_time\" content=\"2021-03-31T17:16:31+00:00\" \/>\n<meta property=\"og:image\" content=\"https:\/\/i0.wp.com\/www.fullo.net\/blog\/wp-content\/uploads\/2021\/03\/image-1.png?fit=869%2C727&ssl=1\" \/>\n\t<meta property=\"og:image:width\" content=\"869\" \/>\n\t<meta property=\"og:image:height\" content=\"727\" \/>\n\t<meta property=\"og:image:type\" content=\"image\/png\" \/>\n<meta name=\"author\" content=\"Francesco Fullone\" \/>\n<meta name=\"twitter:card\" content=\"summary_large_image\" \/>\n<meta name=\"twitter:creator\" content=\"@fullo\" \/>\n<meta name=\"twitter:site\" content=\"@fullo\" \/>\n<meta name=\"twitter:label1\" content=\"Written by\" \/>\n\t<meta name=\"twitter:data1\" content=\"Francesco Fullone\" \/>\n\t<meta name=\"twitter:label2\" content=\"Est. reading time\" \/>\n\t<meta name=\"twitter:data2\" content=\"3 minutes\" \/>\n<script type=\"application\/ld+json\" class=\"yoast-schema-graph\">{\"@context\":\"https:\\\/\\\/schema.org\",\"@graph\":[{\"@type\":\"Article\",\"@id\":\"https:\\\/\\\/www.fullo.net\\\/blog\\\/2021\\\/03\\\/31\\\/strategia-di-sostenibilita\\\/#article\",\"isPartOf\":{\"@id\":\"https:\\\/\\\/www.fullo.net\\\/blog\\\/2021\\\/03\\\/31\\\/strategia-di-sostenibilita\\\/\"},\"author\":{\"name\":\"Francesco Fullone\",\"@id\":\"https:\\\/\\\/www.fullo.net\\\/blog\\\/#\\\/schema\\\/person\\\/24e91bc6caea6c411a8668df5639428c\"},\"headline\":\"Strategia di Sostenibilit\u00e0\",\"datePublished\":\"2021-03-31T17:15:55+00:00\",\"dateModified\":\"2021-03-31T17:16:31+00:00\",\"mainEntityOfPage\":{\"@id\":\"https:\\\/\\\/www.fullo.net\\\/blog\\\/2021\\\/03\\\/31\\\/strategia-di-sostenibilita\\\/\"},\"wordCount\":537,\"publisher\":{\"@id\":\"https:\\\/\\\/www.fullo.net\\\/blog\\\/#\\\/schema\\\/person\\\/24e91bc6caea6c411a8668df5639428c\"},\"image\":{\"@id\":\"https:\\\/\\\/www.fullo.net\\\/blog\\\/2021\\\/03\\\/31\\\/strategia-di-sostenibilita\\\/#primaryimage\"},\"thumbnailUrl\":\"https:\\\/\\\/i0.wp.com\\\/www.fullo.net\\\/blog\\\/wp-content\\\/uploads\\\/2021\\\/03\\\/image-1.png?fit=869%2C727&ssl=1\",\"keywords\":[\"complessit\u00e0\",\"complexity\",\"smartworking\",\"sustainability\",\"sustainability designer\",\"system thinking\"],\"articleSection\":[\"advisoring\",\"sustainability\"],\"inLanguage\":\"en-US\"},{\"@type\":\"WebPage\",\"@id\":\"https:\\\/\\\/www.fullo.net\\\/blog\\\/2021\\\/03\\\/31\\\/strategia-di-sostenibilita\\\/\",\"url\":\"https:\\\/\\\/www.fullo.net\\\/blog\\\/2021\\\/03\\\/31\\\/strategia-di-sostenibilita\\\/\",\"name\":\"Strategia di Sostenibilit\u00e0 - Fullo\",\"isPartOf\":{\"@id\":\"https:\\\/\\\/www.fullo.net\\\/blog\\\/#website\"},\"primaryImageOfPage\":{\"@id\":\"https:\\\/\\\/www.fullo.net\\\/blog\\\/2021\\\/03\\\/31\\\/strategia-di-sostenibilita\\\/#primaryimage\"},\"image\":{\"@id\":\"https:\\\/\\\/www.fullo.net\\\/blog\\\/2021\\\/03\\\/31\\\/strategia-di-sostenibilita\\\/#primaryimage\"},\"thumbnailUrl\":\"https:\\\/\\\/i0.wp.com\\\/www.fullo.net\\\/blog\\\/wp-content\\\/uploads\\\/2021\\\/03\\\/image-1.png?fit=869%2C727&ssl=1\",\"datePublished\":\"2021-03-31T17:15:55+00:00\",\"dateModified\":\"2021-03-31T17:16:31+00:00\",\"breadcrumb\":{\"@id\":\"https:\\\/\\\/www.fullo.net\\\/blog\\\/2021\\\/03\\\/31\\\/strategia-di-sostenibilita\\\/#breadcrumb\"},\"inLanguage\":\"en-US\",\"potentialAction\":[{\"@type\":\"ReadAction\",\"target\":[\"https:\\\/\\\/www.fullo.net\\\/blog\\\/2021\\\/03\\\/31\\\/strategia-di-sostenibilita\\\/\"]}]},{\"@type\":\"ImageObject\",\"inLanguage\":\"en-US\",\"@id\":\"https:\\\/\\\/www.fullo.net\\\/blog\\\/2021\\\/03\\\/31\\\/strategia-di-sostenibilita\\\/#primaryimage\",\"url\":\"https:\\\/\\\/i0.wp.com\\\/www.fullo.net\\\/blog\\\/wp-content\\\/uploads\\\/2021\\\/03\\\/image-1.png?fit=869%2C727&ssl=1\",\"contentUrl\":\"https:\\\/\\\/i0.wp.com\\\/www.fullo.net\\\/blog\\\/wp-content\\\/uploads\\\/2021\\\/03\\\/image-1.png?fit=869%2C727&ssl=1\",\"width\":869,\"height\":727},{\"@type\":\"BreadcrumbList\",\"@id\":\"https:\\\/\\\/www.fullo.net\\\/blog\\\/2021\\\/03\\\/31\\\/strategia-di-sostenibilita\\\/#breadcrumb\",\"itemListElement\":[{\"@type\":\"ListItem\",\"position\":1,\"name\":\"Home\",\"item\":\"https:\\\/\\\/www.fullo.net\\\/blog\\\/\"},{\"@type\":\"ListItem\",\"position\":2,\"name\":\"Strategia di Sostenibilit\u00e0\"}]},{\"@type\":\"WebSite\",\"@id\":\"https:\\\/\\\/www.fullo.net\\\/blog\\\/#website\",\"url\":\"https:\\\/\\\/www.fullo.net\\\/blog\\\/\",\"name\":\"Fullo\",\"description\":\"nulla e&#039; impossibile per chi non lo deve fare!\",\"publisher\":{\"@id\":\"https:\\\/\\\/www.fullo.net\\\/blog\\\/#\\\/schema\\\/person\\\/24e91bc6caea6c411a8668df5639428c\"},\"potentialAction\":[{\"@type\":\"SearchAction\",\"target\":{\"@type\":\"EntryPoint\",\"urlTemplate\":\"https:\\\/\\\/www.fullo.net\\\/blog\\\/?s={search_term_string}\"},\"query-input\":{\"@type\":\"PropertyValueSpecification\",\"valueRequired\":true,\"valueName\":\"search_term_string\"}}],\"inLanguage\":\"en-US\"},{\"@type\":[\"Person\",\"Organization\"],\"@id\":\"https:\\\/\\\/www.fullo.net\\\/blog\\\/#\\\/schema\\\/person\\\/24e91bc6caea6c411a8668df5639428c\",\"name\":\"Francesco Fullone\",\"image\":{\"@type\":\"ImageObject\",\"inLanguage\":\"en-US\",\"@id\":\"https:\\\/\\\/i0.wp.com\\\/www.fullo.net\\\/blog\\\/wp-content\\\/uploads\\\/2024\\\/10\\\/hawiaina-gold-circled-white.png?fit=622%2C622&ssl=1\",\"url\":\"https:\\\/\\\/i0.wp.com\\\/www.fullo.net\\\/blog\\\/wp-content\\\/uploads\\\/2024\\\/10\\\/hawiaina-gold-circled-white.png?fit=622%2C622&ssl=1\",\"contentUrl\":\"https:\\\/\\\/i0.wp.com\\\/www.fullo.net\\\/blog\\\/wp-content\\\/uploads\\\/2024\\\/10\\\/hawiaina-gold-circled-white.png?fit=622%2C622&ssl=1\",\"width\":622,\"height\":622,\"caption\":\"Francesco Fullone\"},\"logo\":{\"@id\":\"https:\\\/\\\/i0.wp.com\\\/www.fullo.net\\\/blog\\\/wp-content\\\/uploads\\\/2024\\\/10\\\/hawiaina-gold-circled-white.png?fit=622%2C622&ssl=1\"},\"sameAs\":[\"http:\\\/\\\/www.fullo.net\",\"https:\\\/\\\/www.linkedin.com\\\/in\\\/fullo\",\"https:\\\/\\\/x.com\\\/fullo\"],\"url\":\"https:\\\/\\\/www.fullo.net\\\/blog\\\/author\\\/fullo\\\/\"}]}<\/script>\n<!-- \/ Yoast SEO plugin. -->","yoast_head_json":{"title":"Strategia di Sostenibilit\u00e0 - Fullo","robots":{"index":"index","follow":"follow","max-snippet":"max-snippet:-1","max-image-preview":"max-image-preview:large","max-video-preview":"max-video-preview:-1"},"canonical":"https:\/\/www.fullo.net\/blog\/2021\/03\/31\/strategia-di-sostenibilita\/","og_locale":"en_US","og_type":"article","og_title":"Strategia di Sostenibilit\u00e0 - Fullo","og_description":"Sfruttando un paio di braccia rotte e l&#8217;impossibilit\u00e0 di usare il computer in modo continuo ho investito il mio tempo libero, negli ultimi due mesi, per chiaccherare con imprenditori1 conosciuti nel mio percorso per capire se e come stavano valutando temi di sostenibilit\u00e0 all&#8217;interno della loro quotidianit\u00e0. L&#8217;ho fatto per mera curiosit\u00e0 e per capire [&hellip;]","og_url":"https:\/\/www.fullo.net\/blog\/2021\/03\/31\/strategia-di-sostenibilita\/","og_site_name":"Fullo","article_published_time":"2021-03-31T17:15:55+00:00","article_modified_time":"2021-03-31T17:16:31+00:00","og_image":[{"width":869,"height":727,"url":"https:\/\/i0.wp.com\/www.fullo.net\/blog\/wp-content\/uploads\/2021\/03\/image-1.png?fit=869%2C727&ssl=1","type":"image\/png"}],"author":"Francesco Fullone","twitter_card":"summary_large_image","twitter_creator":"@fullo","twitter_site":"@fullo","twitter_misc":{"Written by":"Francesco Fullone","Est. reading time":"3 minutes"},"schema":{"@context":"https:\/\/schema.org","@graph":[{"@type":"Article","@id":"https:\/\/www.fullo.net\/blog\/2021\/03\/31\/strategia-di-sostenibilita\/#article","isPartOf":{"@id":"https:\/\/www.fullo.net\/blog\/2021\/03\/31\/strategia-di-sostenibilita\/"},"author":{"name":"Francesco Fullone","@id":"https:\/\/www.fullo.net\/blog\/#\/schema\/person\/24e91bc6caea6c411a8668df5639428c"},"headline":"Strategia di Sostenibilit\u00e0","datePublished":"2021-03-31T17:15:55+00:00","dateModified":"2021-03-31T17:16:31+00:00","mainEntityOfPage":{"@id":"https:\/\/www.fullo.net\/blog\/2021\/03\/31\/strategia-di-sostenibilita\/"},"wordCount":537,"publisher":{"@id":"https:\/\/www.fullo.net\/blog\/#\/schema\/person\/24e91bc6caea6c411a8668df5639428c"},"image":{"@id":"https:\/\/www.fullo.net\/blog\/2021\/03\/31\/strategia-di-sostenibilita\/#primaryimage"},"thumbnailUrl":"https:\/\/i0.wp.com\/www.fullo.net\/blog\/wp-content\/uploads\/2021\/03\/image-1.png?fit=869%2C727&ssl=1","keywords":["complessit\u00e0","complexity","smartworking","sustainability","sustainability designer","system thinking"],"articleSection":["advisoring","sustainability"],"inLanguage":"en-US"},{"@type":"WebPage","@id":"https:\/\/www.fullo.net\/blog\/2021\/03\/31\/strategia-di-sostenibilita\/","url":"https:\/\/www.fullo.net\/blog\/2021\/03\/31\/strategia-di-sostenibilita\/","name":"Strategia di Sostenibilit\u00e0 - Fullo","isPartOf":{"@id":"https:\/\/www.fullo.net\/blog\/#website"},"primaryImageOfPage":{"@id":"https:\/\/www.fullo.net\/blog\/2021\/03\/31\/strategia-di-sostenibilita\/#primaryimage"},"image":{"@id":"https:\/\/www.fullo.net\/blog\/2021\/03\/31\/strategia-di-sostenibilita\/#primaryimage"},"thumbnailUrl":"https:\/\/i0.wp.com\/www.fullo.net\/blog\/wp-content\/uploads\/2021\/03\/image-1.png?fit=869%2C727&ssl=1","datePublished":"2021-03-31T17:15:55+00:00","dateModified":"2021-03-31T17:16:31+00:00","breadcrumb":{"@id":"https:\/\/www.fullo.net\/blog\/2021\/03\/31\/strategia-di-sostenibilita\/#breadcrumb"},"inLanguage":"en-US","potentialAction":[{"@type":"ReadAction","target":["https:\/\/www.fullo.net\/blog\/2021\/03\/31\/strategia-di-sostenibilita\/"]}]},{"@type":"ImageObject","inLanguage":"en-US","@id":"https:\/\/www.fullo.net\/blog\/2021\/03\/31\/strategia-di-sostenibilita\/#primaryimage","url":"https:\/\/i0.wp.com\/www.fullo.net\/blog\/wp-content\/uploads\/2021\/03\/image-1.png?fit=869%2C727&ssl=1","contentUrl":"https:\/\/i0.wp.com\/www.fullo.net\/blog\/wp-content\/uploads\/2021\/03\/image-1.png?fit=869%2C727&ssl=1","width":869,"height":727},{"@type":"BreadcrumbList","@id":"https:\/\/www.fullo.net\/blog\/2021\/03\/31\/strategia-di-sostenibilita\/#breadcrumb","itemListElement":[{"@type":"ListItem","position":1,"name":"Home","item":"https:\/\/www.fullo.net\/blog\/"},{"@type":"ListItem","position":2,"name":"Strategia di Sostenibilit\u00e0"}]},{"@type":"WebSite","@id":"https:\/\/www.fullo.net\/blog\/#website","url":"https:\/\/www.fullo.net\/blog\/","name":"Fullo","description":"nulla e&#039; impossibile per chi non lo deve fare!","publisher":{"@id":"https:\/\/www.fullo.net\/blog\/#\/schema\/person\/24e91bc6caea6c411a8668df5639428c"},"potentialAction":[{"@type":"SearchAction","target":{"@type":"EntryPoint","urlTemplate":"https:\/\/www.fullo.net\/blog\/?s={search_term_string}"},"query-input":{"@type":"PropertyValueSpecification","valueRequired":true,"valueName":"search_term_string"}}],"inLanguage":"en-US"},{"@type":["Person","Organization"],"@id":"https:\/\/www.fullo.net\/blog\/#\/schema\/person\/24e91bc6caea6c411a8668df5639428c","name":"Francesco Fullone","image":{"@type":"ImageObject","inLanguage":"en-US","@id":"https:\/\/i0.wp.com\/www.fullo.net\/blog\/wp-content\/uploads\/2024\/10\/hawiaina-gold-circled-white.png?fit=622%2C622&ssl=1","url":"https:\/\/i0.wp.com\/www.fullo.net\/blog\/wp-content\/uploads\/2024\/10\/hawiaina-gold-circled-white.png?fit=622%2C622&ssl=1","contentUrl":"https:\/\/i0.wp.com\/www.fullo.net\/blog\/wp-content\/uploads\/2024\/10\/hawiaina-gold-circled-white.png?fit=622%2C622&ssl=1","width":622,"height":622,"caption":"Francesco Fullone"},"logo":{"@id":"https:\/\/i0.wp.com\/www.fullo.net\/blog\/wp-content\/uploads\/2024\/10\/hawiaina-gold-circled-white.png?fit=622%2C622&ssl=1"},"sameAs":["http:\/\/www.fullo.net","https:\/\/www.linkedin.com\/in\/fullo","https:\/\/x.com\/fullo"],"url":"https:\/\/www.fullo.net\/blog\/author\/fullo\/"}]}},"jetpack_publicize_connections":[],"jetpack_featured_media_url":"https:\/\/i0.wp.com\/www.fullo.net\/blog\/wp-content\/uploads\/2021\/03\/image-1.png?fit=869%2C727&ssl=1","jetpack_sharing_enabled":true,"jetpack_shortlink":"https:\/\/wp.me\/p3OSc1-Uu","jetpack_likes_enabled":true,"jetpack-related-posts":[{"id":3448,"url":"https:\/\/www.fullo.net\/blog\/2020\/04\/07\/resilienza-e-sostenibilita\/","url_meta":{"origin":3502,"position":0},"title":"Resilienza e Sostenibilit\u00e0","author":"Francesco Fullone","date":"07\/04\/2020","format":false,"excerpt":"Sono ormai 3 anni che collaboro come mentor per il Contamination Lab organizzato dalla Fondazione di Banca del Monte di Faenza. La collaborazione, svolta senza fine di lucro, verte interamente nell'aiutare la nascita di startup sociali ed ad impatto sul territorio fondate da giovani e futuri imprenditori. Lo faccio perch\u00e9\u2026","rel":"","context":"In &quot;mentorship&quot;","block_context":{"text":"mentorship","link":"https:\/\/www.fullo.net\/blog\/category\/entrepreneurship\/mentorship\/"},"img":{"alt_text":"Sustainable Business Model Canvas","src":"https:\/\/i0.wp.com\/www.fullo.net\/blog\/wp-content\/uploads\/2020\/04\/SustainableBusinessModelCanvas_highresolution-scaled.jpg?fit=1200%2C849&ssl=1&resize=350%2C200","width":350,"height":200,"srcset":"https:\/\/i0.wp.com\/www.fullo.net\/blog\/wp-content\/uploads\/2020\/04\/SustainableBusinessModelCanvas_highresolution-scaled.jpg?fit=1200%2C849&ssl=1&resize=350%2C200 1x, https:\/\/i0.wp.com\/www.fullo.net\/blog\/wp-content\/uploads\/2020\/04\/SustainableBusinessModelCanvas_highresolution-scaled.jpg?fit=1200%2C849&ssl=1&resize=525%2C300 1.5x, https:\/\/i0.wp.com\/www.fullo.net\/blog\/wp-content\/uploads\/2020\/04\/SustainableBusinessModelCanvas_highresolution-scaled.jpg?fit=1200%2C849&ssl=1&resize=700%2C400 2x, https:\/\/i0.wp.com\/www.fullo.net\/blog\/wp-content\/uploads\/2020\/04\/SustainableBusinessModelCanvas_highresolution-scaled.jpg?fit=1200%2C849&ssl=1&resize=1050%2C600 3x"},"classes":[]},{"id":3374,"url":"https:\/\/www.fullo.net\/blog\/2020\/02\/27\/2020\/","url_meta":{"origin":3502,"position":1},"title":"2020","author":"Francesco Fullone","date":"27\/02\/2020","format":false,"excerpt":"Come i pi\u00f9 attenti umarell da socialini avranno notato negli ultimi due mesi c'\u00e8 stato un po' di fermendo sul mio account Linkedin. A partire da quest'anno ho deciso di rivedere le priorit\u00e0 personali concedendomi pi\u00f9 tempo per attivit\u00e0 che reputo a valore aggiunto (famiglia, me stesso, comunit\u00e0 delle persone\u2026","rel":"","context":"In &quot;Entrepreneurship&quot;","block_context":{"text":"Entrepreneurship","link":"https:\/\/www.fullo.net\/blog\/category\/entrepreneurship\/"},"img":{"alt_text":"panta rei, tutto scorre","src":"https:\/\/i0.wp.com\/www.fullo.net\/blog\/wp-content\/uploads\/2020\/02\/panta-rei.jpg?fit=638%2C359&ssl=1&resize=350%2C200","width":350,"height":200,"srcset":"https:\/\/i0.wp.com\/www.fullo.net\/blog\/wp-content\/uploads\/2020\/02\/panta-rei.jpg?fit=638%2C359&ssl=1&resize=350%2C200 1x, https:\/\/i0.wp.com\/www.fullo.net\/blog\/wp-content\/uploads\/2020\/02\/panta-rei.jpg?fit=638%2C359&ssl=1&resize=525%2C300 1.5x"},"classes":[]},{"id":3547,"url":"https:\/\/www.fullo.net\/blog\/2020\/08\/14\/trova-il-tuo-perche\/","url_meta":{"origin":3502,"position":2},"title":"Trova il tuo perch\u00e9","author":"Francesco Fullone","date":"14\/08\/2020","format":false,"excerpt":"Un paio di anni fa lessi di fila \"Inizia dal perch\u00e9\" (Start with why) e \"Trova il tuo perch\u00e9\" (Find your Why) di Simon Sinek. Il libro mi colp\u00ec abbastanza, non tanto per il modello\/framework\/workshop di ricerca del proprio perch\u00e9 (lasciatemi passare il termine \"una americanata\") ma, per come determinati\u2026","rel":"","context":"In &quot;lifehack&quot;","block_context":{"text":"lifehack","link":"https:\/\/www.fullo.net\/blog\/category\/di-tutto-un-po\/lifehack\/"},"img":{"alt_text":"start with why, reading graphic","src":"https:\/\/i0.wp.com\/www.fullo.net\/blog\/wp-content\/uploads\/2020\/08\/Start-with-Why_Book-Summary.png?fit=703%2C397&ssl=1&resize=350%2C200","width":350,"height":200,"srcset":"https:\/\/i0.wp.com\/www.fullo.net\/blog\/wp-content\/uploads\/2020\/08\/Start-with-Why_Book-Summary.png?fit=703%2C397&ssl=1&resize=350%2C200 1x, https:\/\/i0.wp.com\/www.fullo.net\/blog\/wp-content\/uploads\/2020\/08\/Start-with-Why_Book-Summary.png?fit=703%2C397&ssl=1&resize=525%2C300 1.5x, https:\/\/i0.wp.com\/www.fullo.net\/blog\/wp-content\/uploads\/2020\/08\/Start-with-Why_Book-Summary.png?fit=703%2C397&ssl=1&resize=700%2C400 2x"},"classes":[]},{"id":4179,"url":"https:\/\/www.fullo.net\/blog\/2024\/03\/01\/la-sostenibilita-digitale-e-un-vantaggio-competitivo\/","url_meta":{"origin":3502,"position":3},"title":"La sostenibilit\u00e0 digitale \u00e8 un vantaggio competitivo","author":"Francesco Fullone","date":"01\/03\/2024","format":false,"excerpt":"La sostenibilit\u00e0 digitale \u00e8, in fondo, un vantaggio competitivo che le aiuter\u00e0 a gestire al meglio il futuro.","rel":"","context":"In &quot;Entrepreneurship&quot;","block_context":{"text":"Entrepreneurship","link":"https:\/\/www.fullo.net\/blog\/category\/entrepreneurship\/"},"img":{"alt_text":"What people think building a sustainable internet involves vs what it might actually be","src":"https:\/\/www.fullo.net\/blog\/wp-content\/uploads\/2024\/03\/pdzh2986.bmp","width":350,"height":200,"srcset":"https:\/\/www.fullo.net\/blog\/wp-content\/uploads\/2024\/03\/pdzh2986.bmp 1x, https:\/\/www.fullo.net\/blog\/wp-content\/uploads\/2024\/03\/pdzh2986.bmp 1.5x, https:\/\/www.fullo.net\/blog\/wp-content\/uploads\/2024\/03\/pdzh2986.bmp 2x"},"classes":[]},{"id":4548,"url":"https:\/\/www.fullo.net\/blog\/2025\/11\/29\/wei-ciao-come-stai\/","url_meta":{"origin":3502,"position":4},"title":"Wei, ciao come stai?","author":"Francesco Fullone","date":"29\/11\/2025","format":false,"excerpt":"Era da un po' di tempo che non usavo questo blog come strumento di sfogo, ma non vedo perch\u00e9 non riprendere ad usarlo anche per questo scopo. Wei, ciao come stai? era il saluto retorico che negli ultimi mesi mi sono scambiato con mio padre. Sapevamo entrambi come stava, ma\u2026","rel":"","context":"In &quot;pensieri&quot;","block_context":{"text":"pensieri","link":"https:\/\/www.fullo.net\/blog\/category\/pensieri\/"},"img":{"alt_text":"","src":"https:\/\/i0.wp.com\/www.fullo.net\/blog\/wp-content\/uploads\/2025\/11\/image.png?fit=1200%2C785&ssl=1&resize=350%2C200","width":350,"height":200,"srcset":"https:\/\/i0.wp.com\/www.fullo.net\/blog\/wp-content\/uploads\/2025\/11\/image.png?fit=1200%2C785&ssl=1&resize=350%2C200 1x, https:\/\/i0.wp.com\/www.fullo.net\/blog\/wp-content\/uploads\/2025\/11\/image.png?fit=1200%2C785&ssl=1&resize=525%2C300 1.5x, https:\/\/i0.wp.com\/www.fullo.net\/blog\/wp-content\/uploads\/2025\/11\/image.png?fit=1200%2C785&ssl=1&resize=700%2C400 2x, https:\/\/i0.wp.com\/www.fullo.net\/blog\/wp-content\/uploads\/2025\/11\/image.png?fit=1200%2C785&ssl=1&resize=1050%2C600 3x"},"classes":[]},{"id":3464,"url":"https:\/\/www.fullo.net\/blog\/2020\/04\/28\/business-design\/","url_meta":{"origin":3502,"position":5},"title":"Business Design","author":"Francesco Fullone","date":"28\/04\/2020","format":false,"excerpt":"Negli ultimi decenni si \u00e8 vista una sostanziale crescita dei temi di design all'interno di molti settori, partendo dal design industriale associato anche a temi di ergonomia per arrivare alle pratiche pi\u00f9 recenti di user, service e customer experience design del mondo digitale (e non solo). Negli anni la forte\u2026","rel":"","context":"In &quot;advisoring&quot;","block_context":{"text":"advisoring","link":"https:\/\/www.fullo.net\/blog\/category\/entrepreneurship\/advisoring\/"},"img":{"alt_text":"","src":"https:\/\/i0.wp.com\/www.fullo.net\/blog\/wp-content\/uploads\/2020\/04\/Slide-5.jpeg?fit=1200%2C505&ssl=1&resize=350%2C200","width":350,"height":200,"srcset":"https:\/\/i0.wp.com\/www.fullo.net\/blog\/wp-content\/uploads\/2020\/04\/Slide-5.jpeg?fit=1200%2C505&ssl=1&resize=350%2C200 1x, https:\/\/i0.wp.com\/www.fullo.net\/blog\/wp-content\/uploads\/2020\/04\/Slide-5.jpeg?fit=1200%2C505&ssl=1&resize=525%2C300 1.5x, https:\/\/i0.wp.com\/www.fullo.net\/blog\/wp-content\/uploads\/2020\/04\/Slide-5.jpeg?fit=1200%2C505&ssl=1&resize=700%2C400 2x, https:\/\/i0.wp.com\/www.fullo.net\/blog\/wp-content\/uploads\/2020\/04\/Slide-5.jpeg?fit=1200%2C505&ssl=1&resize=1050%2C600 3x"},"classes":[]}],"_links":{"self":[{"href":"https:\/\/www.fullo.net\/blog\/wp-json\/wp\/v2\/posts\/3502","targetHints":{"allow":["GET"]}}],"collection":[{"href":"https:\/\/www.fullo.net\/blog\/wp-json\/wp\/v2\/posts"}],"about":[{"href":"https:\/\/www.fullo.net\/blog\/wp-json\/wp\/v2\/types\/post"}],"author":[{"embeddable":true,"href":"https:\/\/www.fullo.net\/blog\/wp-json\/wp\/v2\/users\/1"}],"replies":[{"embeddable":true,"href":"https:\/\/www.fullo.net\/blog\/wp-json\/wp\/v2\/comments?post=3502"}],"version-history":[{"count":6,"href":"https:\/\/www.fullo.net\/blog\/wp-json\/wp\/v2\/posts\/3502\/revisions"}],"predecessor-version":[{"id":3713,"href":"https:\/\/www.fullo.net\/blog\/wp-json\/wp\/v2\/posts\/3502\/revisions\/3713"}],"wp:featuredmedia":[{"embeddable":true,"href":"https:\/\/www.fullo.net\/blog\/wp-json\/wp\/v2\/media\/3709"}],"wp:attachment":[{"href":"https:\/\/www.fullo.net\/blog\/wp-json\/wp\/v2\/media?parent=3502"}],"wp:term":[{"taxonomy":"category","embeddable":true,"href":"https:\/\/www.fullo.net\/blog\/wp-json\/wp\/v2\/categories?post=3502"},{"taxonomy":"post_tag","embeddable":true,"href":"https:\/\/www.fullo.net\/blog\/wp-json\/wp\/v2\/tags?post=3502"}],"curies":[{"name":"wp","href":"https:\/\/api.w.org\/{rel}","templated":true}]}}