{"id":3961,"date":"2022-08-30T22:52:31","date_gmt":"2022-08-30T21:52:31","guid":{"rendered":"https:\/\/www.fullo.net\/blog\/?p=3961"},"modified":"2023-08-03T16:27:10","modified_gmt":"2023-08-03T15:27:10","slug":"comunicazione-asincrona-perche-e-da-usare-per-massimizzare-lo-smart-working","status":"publish","type":"post","link":"https:\/\/www.fullo.net\/blog\/2022\/08\/30\/comunicazione-asincrona-perche-e-da-usare-per-massimizzare-lo-smart-working\/","title":{"rendered":"Comunicazione Asincrona, perch\u00e9 \u00e8 da usare per massimizzare lo smart working"},"content":{"rendered":"\n<p>L&#8217;asynchronous communication (comunicazione asincrona) non \u00e8 una novit\u00e0. <\/p>\n\n\n\n<p>Anche le pi\u00f9 conservatrici tra le aziende che richiedono la presenza in ufficio usano gi\u00e0 una qualche forma di comunicazione asincrona, ad esempio quando i dipendenti impiegano un paio d&#8217;ore per rispondere a un&#8217;e-mail perch\u00e9 stanno ultimando un progetto o partecipando a una riunione. <\/p>\n\n\n\n<p>I manager di solito si servono di testi o messaggi diretti su Slack per trasmettere informazioni ai dipendenti. E Google Docs consente a tutti di collaborare su un memo dalla propria postazione. Tutti questi sono esempi di comunicazione asincrona &#8220;passiva&#8221; cio\u00e8 portata avanti grazie a dei tool e non (sempre) cercata.<\/p>\n\n\n\n<p>La comunicazione asincrona, quella vera, richiede per\u00f2 un notevole sforzo e capacit\u00e0 di pianificazione della comunicazione per essere efficace. <\/p>\n\n\n\n<p>Infatti, tutte le persone devono pianificare come devono comunicare una determinata informazione, i manager devono avere fiducia nei propri dipendenti perch\u00e9 lavorino autonomamente con gli strumenti di cui hanno bisogno per farlo bene e devono accettare il fatto non solo che \u00e8 possibile tenere una riunione asincrona con i propri collaboratori, ma anche che \u00e8 preferibile.<\/p>\n\n\n\n<p>Ma cosa significa in soldoni <em>pianificare il proprio modo di comunicare<\/em>?<\/p>\n\n\n\n<!--more-->\n\n\n\n<p>In un ambiente di lavoro, orientato alla forte asincronicit\u00e0, i dipendenti devono sapere, e potere, suddividere le proprie attivit\u00e0 in pi\u00f9 piccoli compiti. Ci\u00f2 consente ai manager di identificare rapidamente i problemi e di reagire nel minor tempo possibile e poich\u00e9 la quantit\u00e0 di lavoro \u00e8 minore, verranno eseguite pi\u00f9 attivit\u00e0 poich\u00e9 un singolo problema non bloccher\u00e0 l&#8217;intero processo in quanto le persone possono semplicemente passare da un compito all&#8217;altro quando identificano un problema. <\/p>\n\n\n\n<p>Scegliere un metodo di comunicazione asincrono \u00e8 quindi molto importante per mantenere questo flusso di lavoro e per, contestualmente, non rimanere bloccati nel proprio quotidiano. <\/p>\n\n\n\n<p>Consideriamo i seguenti punti quando si invia un messaggio asincrono:<\/p>\n\n\n\n<ul class=\"wp-block-list\">\n<li>Sto inviando questo messaggio nella migliore forma o tramite il miglior canale? <\/li>\n\n\n\n<li>Sto fornendo tutti i contesti e le risorse necessarie per questo messaggio? <\/li>\n\n\n\n<li>Comunico chiaramente, concisamente e rapidamente? <\/li>\n\n\n\n<li>Sto considerando il tono del mio messaggio? <\/li>\n\n\n\n<li>Fornisco istruzioni o richieste di follow-up?<\/li>\n\n\n\n<li>Dovrei usare la comunicazione sincrona?<\/li>\n<\/ul>\n\n\n\n<p>Vediamo uno per uno i singoli punti.<\/p>\n\n\n\n<h3 class=\"wp-block-heading\">Sto inviando questo messaggio nella migliore forma o tramite il miglior canale? <\/h3>\n\n\n\n<p>Una buona norma \u00e8 ad esempio quella di utilizzare un canale specifico per quei messaggi che non necessitano di risposte (ie. comunicati aziendali) ma che \u00e8 importante che tutti entro la fine della giornata lavorativa leggano. <\/p>\n\n\n\n<p>Alcuni messaggi possono anche essere inviati in un formato audio\/video, affiancato ad un riassunto testuale (ed i tool che permettono di farlo ce ne sono sempre di pi\u00f9) per facilitarne la fruizione anche lontano dal monitor. Ad esempio, questo potrebbe essere il caso di report di andamento aziendale, di chiusura retrospettiva di uno sprint o di una decisione presa in una riunione. <\/p>\n\n\n\n<p>Altri messaggi potrebbero invece necessitare di citare i diretti interessati per renderli partecipi fin da subito in un particolare thread (su Slack, Jira, Asana o Google Docs).<\/p>\n\n\n\n<h3 class=\"wp-block-heading\">Sto fornendo tutti i contesti e le risorse necessarie per questo messaggio? <\/h3>\n\n\n\n<p>Un buon trucco per rispondere a questo punto \u00e8: <em>la domanda che sto facendo pu\u00f2 ricevere come risposta un SI o un NO?<\/em><\/p>\n\n\n\n<p>Domande di questo genere hanno tutte le informazioni di contesto, eventualmente anche link ad allegati con documenti di approfondimento e, cosa non banale, sono difficilmente fraintendibili.<\/p>\n\n\n\n<p>Un libro che illustra molto bene come porre queste domande \u00e8 <a href=\"https:\/\/amzn.to\/3R1iCy4\" data-type=\"URL\" data-id=\"https:\/\/amzn.to\/3R1iCy4\">Turn the ship around<\/a> di David Marquet.<\/p>\n\n\n\n<h3 class=\"wp-block-heading\">Comunico chiaramente, concisamente e rapidamente? <\/h3>\n\n\n\n<p>La comunicazione asincrona dovrebbe essere concisa e pulita, deve evitare incisi e costrutti particolarmente contorti o in politichese\/burocratese. <\/p>\n\n\n\n<p>Per esercitarvi provate ad usare uno strumento di parafrasi\/riassunto del testo (come <a href=\"https:\/\/www.zulla.ai\/?utm_source=fullo\">Zulla<\/a>) per vedere se i concetti chiave da voi espressi continuano a rimanere chiari ed evidenti.<\/p>\n\n\n\n<h3 class=\"wp-block-heading\">Sto considerando il tono del mio messaggio? <\/h3>\n\n\n\n<p><em>(Ma anche i problemi culturali in caso di  azienda multi-etnica)<\/em><br>Qui il discorso si fa molto complesso, a parit\u00e0 di contenuto del messaggio la lingua parlata e quella scritta, possono essere interpretate in modo radicalmente diverso e non stiamo ancora prendendo in considerazione forme gergali derivate da aspetti culturali non facilmente traducibili. <\/p>\n\n\n\n<p>In questo caso quello che vi aiuter\u00e0 sar\u00e0 tanta esperienza, affiancata al ricordarsi di usare sempre <a href=\"https:\/\/www.amazon.it\/parole-finestre-Introduzione-comunicazione-nonviolenta\">un tono cordiale e disponibile e che punti all&#8217;empatia<\/a>. <\/p>\n\n\n\n<h3 class=\"wp-block-heading\">Fornisco istruzioni o richieste di follow-up?<\/h3>\n\n\n\n<p>La comunicazione pu\u00f2 essere bidirezionale o no, nel primo caso sto rispondendo a richieste di follow-up, \u00e8 necessario quindi rispondere a tutti i punti fatti emergere dall&#8217;interlocutore. Eventualmente spezzando il messaggio di risposta in pi\u00f9 parti.<em> <\/em><\/p>\n\n\n\n<blockquote class=\"wp-block-quote is-style-default is-layout-flow wp-block-quote-is-layout-flow\">\n<p><em>Quotare &#8211; si s\u00e0 &#8211; \u00e8 un&#8217;arte<\/em>. Vi ricordate la <a href=\"https:\/\/www.netmeister.org\/news\/learn2quote2.html\">vecchia etiquette dei vecchi newsgroup<\/a>?<\/p>\n<\/blockquote>\n\n\n\n<p>Nel caso invece stessimo fornendo istruzioni (quindi siamo in un caso di comunicazione monodirezionale) proviamole noi stessi, magari arricchendole di screenshot o video. Diamo tutte le informazioni di contesto a replicare il bug o a comprendere meglio la procedura, cos\u00ec non dovremo, poi, rispiegare tutto di nuovo in call. ;)<\/p>\n\n\n\n<h3 class=\"wp-block-heading\">Dovrei usare la comunicazione sincrona? <\/h3>\n\n\n\n<p>Le conversazioni complesse richiedono una comunicazione sincrona. Se si ha un nuovo assunto, se si svolge un incontro one-to-one o se si verifica una crisi, sar\u00e0 necessario essere sulla stessa chiamata o videochat allo stesso tempo. <\/p>\n\n\n\n<h2 class=\"wp-block-heading\">In sostanza&#8230;<\/h2>\n\n\n\n<p>La comunicazione asincrona necessita come prima cosa di una forte cultura aziendale orientata all&#8217;autonomia, al rispetto ed al saper comunicare senza lasciare nulla per scontato. Necessita avere quella consapevolezza operativa che una risposta non deve per forza arrivare in minuti, e forse neanche in ore, e che ci\u00f2 non bloccher\u00e0 il lavoro di nessuno irrimediabilmente. Ma necessita anche di un maggiore sforzo delle persone per non inviare informazioni frammentarie, equivocabili o senza un chiaro scopo. <\/p>\n","protected":false},"excerpt":{"rendered":"<p>La comunicazione asincrona, quella vera, richiede per\u00f2 un notevole sforzo e capacit\u00e0 di pianificazione della comunicazione per essere efficace. <\/p>\n","protected":false},"author":1,"featured_media":4057,"comment_status":"closed","ping_status":"open","sticky":false,"template":"templates\/template-cover.php","format":"standard","meta":{"jetpack_post_was_ever_published":false,"_jetpack_newsletter_access":"","_jetpack_dont_email_post_to_subs":false,"_jetpack_newsletter_tier_id":0,"_jetpack_memberships_contains_paywalled_content":false,"_jetpack_memberships_contains_paid_content":false,"footnotes":"","jetpack_publicize_message":"La comunicazione asincrona, quella vera, richiede per\u00f2 un notevole sforzo e capacit\u00e0 di pianificazione della comunicazione per essere efficace. ","jetpack_publicize_feature_enabled":true,"jetpack_social_post_already_shared":true,"jetpack_social_options":{"image_generator_settings":{"template":"highway","default_image_id":0,"font":"","enabled":false},"version":2}},"categories":[2301,2268,2261],"tags":[2374,2375,2264,2262],"class_list":["post-3961","post","type-post","status-publish","format-standard","has-post-thumbnail","hentry","category-advisoring","category-entrepreneurship","category-smartworking","tag-asynchronous-communication","tag-comunicazione-asincrona","tag-remoteworking","tag-smartworking"],"yoast_head":"<!-- This site is optimized with the Yoast SEO plugin v27.5 - https:\/\/yoast.com\/product\/yoast-seo-wordpress\/ -->\n<title>Comunicazione Asincrona, perch\u00e9 \u00e8 da usare per massimizzare lo smart working - Fullo<\/title>\n<meta name=\"robots\" content=\"index, follow, max-snippet:-1, max-image-preview:large, max-video-preview:-1\" \/>\n<link rel=\"canonical\" href=\"https:\/\/www.fullo.net\/blog\/2022\/08\/30\/comunicazione-asincrona-perche-e-da-usare-per-massimizzare-lo-smart-working\/\" \/>\n<meta property=\"og:locale\" content=\"en_US\" \/>\n<meta property=\"og:type\" content=\"article\" \/>\n<meta property=\"og:title\" content=\"Comunicazione Asincrona, perch\u00e9 \u00e8 da usare per massimizzare lo smart working - Fullo\" \/>\n<meta property=\"og:description\" content=\"La comunicazione asincrona, quella vera, richiede per\u00f2 un notevole sforzo e capacit\u00e0 di pianificazione della comunicazione per essere efficace.\" \/>\n<meta property=\"og:url\" content=\"https:\/\/www.fullo.net\/blog\/2022\/08\/30\/comunicazione-asincrona-perche-e-da-usare-per-massimizzare-lo-smart-working\/\" \/>\n<meta property=\"og:site_name\" content=\"Fullo\" \/>\n<meta property=\"article:published_time\" content=\"2022-08-30T21:52:31+00:00\" \/>\n<meta property=\"article:modified_time\" content=\"2023-08-03T15:27:10+00:00\" \/>\n<meta property=\"og:image\" content=\"https:\/\/i0.wp.com\/www.fullo.net\/blog\/wp-content\/uploads\/2022\/08\/25-3f42813f-bb04-4a9a-904b-a6768c71d0ad.png?fit=1024%2C1024&ssl=1\" \/>\n\t<meta property=\"og:image:width\" content=\"1024\" \/>\n\t<meta property=\"og:image:height\" content=\"1024\" \/>\n\t<meta property=\"og:image:type\" content=\"image\/png\" \/>\n<meta name=\"author\" content=\"Francesco Fullone\" \/>\n<meta name=\"twitter:card\" content=\"summary_large_image\" \/>\n<meta name=\"twitter:creator\" content=\"@fullo\" \/>\n<meta name=\"twitter:site\" content=\"@fullo\" \/>\n<meta name=\"twitter:label1\" content=\"Written by\" \/>\n\t<meta name=\"twitter:data1\" content=\"Francesco Fullone\" \/>\n\t<meta name=\"twitter:label2\" content=\"Est. reading time\" \/>\n\t<meta name=\"twitter:data2\" content=\"5 minutes\" \/>\n<script type=\"application\/ld+json\" class=\"yoast-schema-graph\">{\"@context\":\"https:\\\/\\\/schema.org\",\"@graph\":[{\"@type\":\"Article\",\"@id\":\"https:\\\/\\\/www.fullo.net\\\/blog\\\/2022\\\/08\\\/30\\\/comunicazione-asincrona-perche-e-da-usare-per-massimizzare-lo-smart-working\\\/#article\",\"isPartOf\":{\"@id\":\"https:\\\/\\\/www.fullo.net\\\/blog\\\/2022\\\/08\\\/30\\\/comunicazione-asincrona-perche-e-da-usare-per-massimizzare-lo-smart-working\\\/\"},\"author\":{\"name\":\"Francesco Fullone\",\"@id\":\"https:\\\/\\\/www.fullo.net\\\/blog\\\/#\\\/schema\\\/person\\\/24e91bc6caea6c411a8668df5639428c\"},\"headline\":\"Comunicazione Asincrona, perch\u00e9 \u00e8 da usare per massimizzare lo smart working\",\"datePublished\":\"2022-08-30T21:52:31+00:00\",\"dateModified\":\"2023-08-03T15:27:10+00:00\",\"mainEntityOfPage\":{\"@id\":\"https:\\\/\\\/www.fullo.net\\\/blog\\\/2022\\\/08\\\/30\\\/comunicazione-asincrona-perche-e-da-usare-per-massimizzare-lo-smart-working\\\/\"},\"wordCount\":938,\"publisher\":{\"@id\":\"https:\\\/\\\/www.fullo.net\\\/blog\\\/#\\\/schema\\\/person\\\/24e91bc6caea6c411a8668df5639428c\"},\"image\":{\"@id\":\"https:\\\/\\\/www.fullo.net\\\/blog\\\/2022\\\/08\\\/30\\\/comunicazione-asincrona-perche-e-da-usare-per-massimizzare-lo-smart-working\\\/#primaryimage\"},\"thumbnailUrl\":\"https:\\\/\\\/i0.wp.com\\\/www.fullo.net\\\/blog\\\/wp-content\\\/uploads\\\/2022\\\/08\\\/25-3f42813f-bb04-4a9a-904b-a6768c71d0ad.png?fit=1024%2C1024&ssl=1\",\"keywords\":[\"asynchronous communication\",\"comunicazione asincrona\",\"remoteworking\",\"smartworking\"],\"articleSection\":[\"advisoring\",\"Entrepreneurship\",\"SmartWorking\"],\"inLanguage\":\"en-US\"},{\"@type\":\"WebPage\",\"@id\":\"https:\\\/\\\/www.fullo.net\\\/blog\\\/2022\\\/08\\\/30\\\/comunicazione-asincrona-perche-e-da-usare-per-massimizzare-lo-smart-working\\\/\",\"url\":\"https:\\\/\\\/www.fullo.net\\\/blog\\\/2022\\\/08\\\/30\\\/comunicazione-asincrona-perche-e-da-usare-per-massimizzare-lo-smart-working\\\/\",\"name\":\"Comunicazione Asincrona, perch\u00e9 \u00e8 da usare per massimizzare lo smart working - Fullo\",\"isPartOf\":{\"@id\":\"https:\\\/\\\/www.fullo.net\\\/blog\\\/#website\"},\"primaryImageOfPage\":{\"@id\":\"https:\\\/\\\/www.fullo.net\\\/blog\\\/2022\\\/08\\\/30\\\/comunicazione-asincrona-perche-e-da-usare-per-massimizzare-lo-smart-working\\\/#primaryimage\"},\"image\":{\"@id\":\"https:\\\/\\\/www.fullo.net\\\/blog\\\/2022\\\/08\\\/30\\\/comunicazione-asincrona-perche-e-da-usare-per-massimizzare-lo-smart-working\\\/#primaryimage\"},\"thumbnailUrl\":\"https:\\\/\\\/i0.wp.com\\\/www.fullo.net\\\/blog\\\/wp-content\\\/uploads\\\/2022\\\/08\\\/25-3f42813f-bb04-4a9a-904b-a6768c71d0ad.png?fit=1024%2C1024&ssl=1\",\"datePublished\":\"2022-08-30T21:52:31+00:00\",\"dateModified\":\"2023-08-03T15:27:10+00:00\",\"breadcrumb\":{\"@id\":\"https:\\\/\\\/www.fullo.net\\\/blog\\\/2022\\\/08\\\/30\\\/comunicazione-asincrona-perche-e-da-usare-per-massimizzare-lo-smart-working\\\/#breadcrumb\"},\"inLanguage\":\"en-US\",\"potentialAction\":[{\"@type\":\"ReadAction\",\"target\":[\"https:\\\/\\\/www.fullo.net\\\/blog\\\/2022\\\/08\\\/30\\\/comunicazione-asincrona-perche-e-da-usare-per-massimizzare-lo-smart-working\\\/\"]}]},{\"@type\":\"ImageObject\",\"inLanguage\":\"en-US\",\"@id\":\"https:\\\/\\\/www.fullo.net\\\/blog\\\/2022\\\/08\\\/30\\\/comunicazione-asincrona-perche-e-da-usare-per-massimizzare-lo-smart-working\\\/#primaryimage\",\"url\":\"https:\\\/\\\/i0.wp.com\\\/www.fullo.net\\\/blog\\\/wp-content\\\/uploads\\\/2022\\\/08\\\/25-3f42813f-bb04-4a9a-904b-a6768c71d0ad.png?fit=1024%2C1024&ssl=1\",\"contentUrl\":\"https:\\\/\\\/i0.wp.com\\\/www.fullo.net\\\/blog\\\/wp-content\\\/uploads\\\/2022\\\/08\\\/25-3f42813f-bb04-4a9a-904b-a6768c71d0ad.png?fit=1024%2C1024&ssl=1\",\"width\":1024,\"height\":1024,\"caption\":\"immagine generata con zulla.it\"},{\"@type\":\"BreadcrumbList\",\"@id\":\"https:\\\/\\\/www.fullo.net\\\/blog\\\/2022\\\/08\\\/30\\\/comunicazione-asincrona-perche-e-da-usare-per-massimizzare-lo-smart-working\\\/#breadcrumb\",\"itemListElement\":[{\"@type\":\"ListItem\",\"position\":1,\"name\":\"Home\",\"item\":\"https:\\\/\\\/www.fullo.net\\\/blog\\\/\"},{\"@type\":\"ListItem\",\"position\":2,\"name\":\"Comunicazione Asincrona, perch\u00e9 \u00e8 da usare per massimizzare lo smart working\"}]},{\"@type\":\"WebSite\",\"@id\":\"https:\\\/\\\/www.fullo.net\\\/blog\\\/#website\",\"url\":\"https:\\\/\\\/www.fullo.net\\\/blog\\\/\",\"name\":\"Fullo\",\"description\":\"nulla e&#039; impossibile per chi non lo deve fare!\",\"publisher\":{\"@id\":\"https:\\\/\\\/www.fullo.net\\\/blog\\\/#\\\/schema\\\/person\\\/24e91bc6caea6c411a8668df5639428c\"},\"potentialAction\":[{\"@type\":\"SearchAction\",\"target\":{\"@type\":\"EntryPoint\",\"urlTemplate\":\"https:\\\/\\\/www.fullo.net\\\/blog\\\/?s={search_term_string}\"},\"query-input\":{\"@type\":\"PropertyValueSpecification\",\"valueRequired\":true,\"valueName\":\"search_term_string\"}}],\"inLanguage\":\"en-US\"},{\"@type\":[\"Person\",\"Organization\"],\"@id\":\"https:\\\/\\\/www.fullo.net\\\/blog\\\/#\\\/schema\\\/person\\\/24e91bc6caea6c411a8668df5639428c\",\"name\":\"Francesco Fullone\",\"image\":{\"@type\":\"ImageObject\",\"inLanguage\":\"en-US\",\"@id\":\"https:\\\/\\\/i0.wp.com\\\/www.fullo.net\\\/blog\\\/wp-content\\\/uploads\\\/2024\\\/10\\\/hawiaina-gold-circled-white.png?fit=622%2C622&ssl=1\",\"url\":\"https:\\\/\\\/i0.wp.com\\\/www.fullo.net\\\/blog\\\/wp-content\\\/uploads\\\/2024\\\/10\\\/hawiaina-gold-circled-white.png?fit=622%2C622&ssl=1\",\"contentUrl\":\"https:\\\/\\\/i0.wp.com\\\/www.fullo.net\\\/blog\\\/wp-content\\\/uploads\\\/2024\\\/10\\\/hawiaina-gold-circled-white.png?fit=622%2C622&ssl=1\",\"width\":622,\"height\":622,\"caption\":\"Francesco Fullone\"},\"logo\":{\"@id\":\"https:\\\/\\\/i0.wp.com\\\/www.fullo.net\\\/blog\\\/wp-content\\\/uploads\\\/2024\\\/10\\\/hawiaina-gold-circled-white.png?fit=622%2C622&ssl=1\"},\"sameAs\":[\"http:\\\/\\\/www.fullo.net\",\"https:\\\/\\\/www.linkedin.com\\\/in\\\/fullo\",\"https:\\\/\\\/x.com\\\/fullo\"],\"url\":\"https:\\\/\\\/www.fullo.net\\\/blog\\\/author\\\/fullo\\\/\"}]}<\/script>\n<!-- \/ Yoast SEO plugin. -->","yoast_head_json":{"title":"Comunicazione Asincrona, perch\u00e9 \u00e8 da usare per massimizzare lo smart working - Fullo","robots":{"index":"index","follow":"follow","max-snippet":"max-snippet:-1","max-image-preview":"max-image-preview:large","max-video-preview":"max-video-preview:-1"},"canonical":"https:\/\/www.fullo.net\/blog\/2022\/08\/30\/comunicazione-asincrona-perche-e-da-usare-per-massimizzare-lo-smart-working\/","og_locale":"en_US","og_type":"article","og_title":"Comunicazione Asincrona, perch\u00e9 \u00e8 da usare per massimizzare lo smart working - Fullo","og_description":"La comunicazione asincrona, quella vera, richiede per\u00f2 un notevole sforzo e capacit\u00e0 di pianificazione della comunicazione per essere efficace.","og_url":"https:\/\/www.fullo.net\/blog\/2022\/08\/30\/comunicazione-asincrona-perche-e-da-usare-per-massimizzare-lo-smart-working\/","og_site_name":"Fullo","article_published_time":"2022-08-30T21:52:31+00:00","article_modified_time":"2023-08-03T15:27:10+00:00","og_image":[{"width":1024,"height":1024,"url":"https:\/\/i0.wp.com\/www.fullo.net\/blog\/wp-content\/uploads\/2022\/08\/25-3f42813f-bb04-4a9a-904b-a6768c71d0ad.png?fit=1024%2C1024&ssl=1","type":"image\/png"}],"author":"Francesco Fullone","twitter_card":"summary_large_image","twitter_creator":"@fullo","twitter_site":"@fullo","twitter_misc":{"Written by":"Francesco Fullone","Est. reading time":"5 minutes"},"schema":{"@context":"https:\/\/schema.org","@graph":[{"@type":"Article","@id":"https:\/\/www.fullo.net\/blog\/2022\/08\/30\/comunicazione-asincrona-perche-e-da-usare-per-massimizzare-lo-smart-working\/#article","isPartOf":{"@id":"https:\/\/www.fullo.net\/blog\/2022\/08\/30\/comunicazione-asincrona-perche-e-da-usare-per-massimizzare-lo-smart-working\/"},"author":{"name":"Francesco Fullone","@id":"https:\/\/www.fullo.net\/blog\/#\/schema\/person\/24e91bc6caea6c411a8668df5639428c"},"headline":"Comunicazione Asincrona, perch\u00e9 \u00e8 da usare per massimizzare lo smart working","datePublished":"2022-08-30T21:52:31+00:00","dateModified":"2023-08-03T15:27:10+00:00","mainEntityOfPage":{"@id":"https:\/\/www.fullo.net\/blog\/2022\/08\/30\/comunicazione-asincrona-perche-e-da-usare-per-massimizzare-lo-smart-working\/"},"wordCount":938,"publisher":{"@id":"https:\/\/www.fullo.net\/blog\/#\/schema\/person\/24e91bc6caea6c411a8668df5639428c"},"image":{"@id":"https:\/\/www.fullo.net\/blog\/2022\/08\/30\/comunicazione-asincrona-perche-e-da-usare-per-massimizzare-lo-smart-working\/#primaryimage"},"thumbnailUrl":"https:\/\/i0.wp.com\/www.fullo.net\/blog\/wp-content\/uploads\/2022\/08\/25-3f42813f-bb04-4a9a-904b-a6768c71d0ad.png?fit=1024%2C1024&ssl=1","keywords":["asynchronous communication","comunicazione asincrona","remoteworking","smartworking"],"articleSection":["advisoring","Entrepreneurship","SmartWorking"],"inLanguage":"en-US"},{"@type":"WebPage","@id":"https:\/\/www.fullo.net\/blog\/2022\/08\/30\/comunicazione-asincrona-perche-e-da-usare-per-massimizzare-lo-smart-working\/","url":"https:\/\/www.fullo.net\/blog\/2022\/08\/30\/comunicazione-asincrona-perche-e-da-usare-per-massimizzare-lo-smart-working\/","name":"Comunicazione Asincrona, perch\u00e9 \u00e8 da usare per massimizzare lo smart working - Fullo","isPartOf":{"@id":"https:\/\/www.fullo.net\/blog\/#website"},"primaryImageOfPage":{"@id":"https:\/\/www.fullo.net\/blog\/2022\/08\/30\/comunicazione-asincrona-perche-e-da-usare-per-massimizzare-lo-smart-working\/#primaryimage"},"image":{"@id":"https:\/\/www.fullo.net\/blog\/2022\/08\/30\/comunicazione-asincrona-perche-e-da-usare-per-massimizzare-lo-smart-working\/#primaryimage"},"thumbnailUrl":"https:\/\/i0.wp.com\/www.fullo.net\/blog\/wp-content\/uploads\/2022\/08\/25-3f42813f-bb04-4a9a-904b-a6768c71d0ad.png?fit=1024%2C1024&ssl=1","datePublished":"2022-08-30T21:52:31+00:00","dateModified":"2023-08-03T15:27:10+00:00","breadcrumb":{"@id":"https:\/\/www.fullo.net\/blog\/2022\/08\/30\/comunicazione-asincrona-perche-e-da-usare-per-massimizzare-lo-smart-working\/#breadcrumb"},"inLanguage":"en-US","potentialAction":[{"@type":"ReadAction","target":["https:\/\/www.fullo.net\/blog\/2022\/08\/30\/comunicazione-asincrona-perche-e-da-usare-per-massimizzare-lo-smart-working\/"]}]},{"@type":"ImageObject","inLanguage":"en-US","@id":"https:\/\/www.fullo.net\/blog\/2022\/08\/30\/comunicazione-asincrona-perche-e-da-usare-per-massimizzare-lo-smart-working\/#primaryimage","url":"https:\/\/i0.wp.com\/www.fullo.net\/blog\/wp-content\/uploads\/2022\/08\/25-3f42813f-bb04-4a9a-904b-a6768c71d0ad.png?fit=1024%2C1024&ssl=1","contentUrl":"https:\/\/i0.wp.com\/www.fullo.net\/blog\/wp-content\/uploads\/2022\/08\/25-3f42813f-bb04-4a9a-904b-a6768c71d0ad.png?fit=1024%2C1024&ssl=1","width":1024,"height":1024,"caption":"immagine generata con zulla.it"},{"@type":"BreadcrumbList","@id":"https:\/\/www.fullo.net\/blog\/2022\/08\/30\/comunicazione-asincrona-perche-e-da-usare-per-massimizzare-lo-smart-working\/#breadcrumb","itemListElement":[{"@type":"ListItem","position":1,"name":"Home","item":"https:\/\/www.fullo.net\/blog\/"},{"@type":"ListItem","position":2,"name":"Comunicazione Asincrona, perch\u00e9 \u00e8 da usare per massimizzare lo smart working"}]},{"@type":"WebSite","@id":"https:\/\/www.fullo.net\/blog\/#website","url":"https:\/\/www.fullo.net\/blog\/","name":"Fullo","description":"nulla e&#039; impossibile per chi non lo deve fare!","publisher":{"@id":"https:\/\/www.fullo.net\/blog\/#\/schema\/person\/24e91bc6caea6c411a8668df5639428c"},"potentialAction":[{"@type":"SearchAction","target":{"@type":"EntryPoint","urlTemplate":"https:\/\/www.fullo.net\/blog\/?s={search_term_string}"},"query-input":{"@type":"PropertyValueSpecification","valueRequired":true,"valueName":"search_term_string"}}],"inLanguage":"en-US"},{"@type":["Person","Organization"],"@id":"https:\/\/www.fullo.net\/blog\/#\/schema\/person\/24e91bc6caea6c411a8668df5639428c","name":"Francesco Fullone","image":{"@type":"ImageObject","inLanguage":"en-US","@id":"https:\/\/i0.wp.com\/www.fullo.net\/blog\/wp-content\/uploads\/2024\/10\/hawiaina-gold-circled-white.png?fit=622%2C622&ssl=1","url":"https:\/\/i0.wp.com\/www.fullo.net\/blog\/wp-content\/uploads\/2024\/10\/hawiaina-gold-circled-white.png?fit=622%2C622&ssl=1","contentUrl":"https:\/\/i0.wp.com\/www.fullo.net\/blog\/wp-content\/uploads\/2024\/10\/hawiaina-gold-circled-white.png?fit=622%2C622&ssl=1","width":622,"height":622,"caption":"Francesco Fullone"},"logo":{"@id":"https:\/\/i0.wp.com\/www.fullo.net\/blog\/wp-content\/uploads\/2024\/10\/hawiaina-gold-circled-white.png?fit=622%2C622&ssl=1"},"sameAs":["http:\/\/www.fullo.net","https:\/\/www.linkedin.com\/in\/fullo","https:\/\/x.com\/fullo"],"url":"https:\/\/www.fullo.net\/blog\/author\/fullo\/"}]}},"jetpack_publicize_connections":[],"jetpack_featured_media_url":"https:\/\/i0.wp.com\/www.fullo.net\/blog\/wp-content\/uploads\/2022\/08\/25-3f42813f-bb04-4a9a-904b-a6768c71d0ad.png?fit=1024%2C1024&ssl=1","jetpack_sharing_enabled":true,"jetpack_shortlink":"https:\/\/wp.me\/p3OSc1-11T","jetpack_likes_enabled":true,"jetpack-related-posts":[{"id":3326,"url":"https:\/\/www.fullo.net\/blog\/2016\/11\/11\/smart-working-istruzioni-per-luso\/","url_meta":{"origin":3961,"position":0},"title":"Smart Working istruzioni per l\u2019uso","author":"Francesco Fullone","date":"11\/11\/2016","format":false,"excerpt":"Ho un ufficio, raramente ho una scrivania dedicata a me. Quello che vi voglio lasciare in questo articolo \u00e8 il perch\u00e9 di questa scelta, cosa abbiamo imparato in ideato sullo Smart Working e come l\u2019abbiamo messo in pratica. https:\/\/www.youtube.com\/watch?v=thAvcDrf870 Come siamo arrivati a fare Smart Working Abbiamo aperto ideato ad\u2026","rel":"","context":"In &quot;SmartWorking&quot;","block_context":{"text":"SmartWorking","link":"https:\/\/www.fullo.net\/blog\/category\/smartworking\/"},"img":{"alt_text":"Smart Working, istruzioni per l'uso","src":"https:\/\/i0.wp.com\/www.fullo.net\/blog\/wp-content\/uploads\/2016\/11\/1-SOw_OIuvl68v7z19KD-URA.png?fit=695%2C520&ssl=1&resize=350%2C200","width":350,"height":200,"srcset":"https:\/\/i0.wp.com\/www.fullo.net\/blog\/wp-content\/uploads\/2016\/11\/1-SOw_OIuvl68v7z19KD-URA.png?fit=695%2C520&ssl=1&resize=350%2C200 1x, https:\/\/i0.wp.com\/www.fullo.net\/blog\/wp-content\/uploads\/2016\/11\/1-SOw_OIuvl68v7z19KD-URA.png?fit=695%2C520&ssl=1&resize=525%2C300 1.5x"},"classes":[]},{"id":3423,"url":"https:\/\/www.fullo.net\/blog\/2020\/03\/09\/remote-working-facciamolo-meglio\/","url_meta":{"origin":3961,"position":1},"title":"Remote working, facciamolo meglio","author":"Francesco Fullone","date":"09\/03\/2020","format":false,"excerpt":"Negli ultimi giorni, grazie ad un mio vecchio articolo, e relativo video, ho ricevuto da alcuni imprenditori richieste di approfondimento su come fare smart working efficamente. Richieste che andavano da qual'\u00e8 il miglior software di VPN a quali tools utilizzare. Ecco, il fatto \u00e8 che per fare bene remote smart\u2026","rel":"","context":"In &quot;lifehack&quot;","block_context":{"text":"lifehack","link":"https:\/\/www.fullo.net\/blog\/category\/di-tutto-un-po\/lifehack\/"},"img":{"alt_text":"","src":"https:\/\/i0.wp.com\/www.fullo.net\/blog\/wp-content\/uploads\/2020\/03\/ibm5140a.jpg?fit=360%2C345&ssl=1&resize=350%2C200","width":350,"height":200},"classes":[]},{"id":4114,"url":"https:\/\/www.fullo.net\/blog\/2023\/10\/16\/green-web-smart-working-software\/","url_meta":{"origin":3961,"position":2},"title":"Green Web Smart Working Software","author":"Francesco Fullone","date":"16\/10\/2023","format":false,"excerpt":"Come al solito preparare talk ed aggiornare slide per le lezioni mi porta ad approfondire temi gi\u00e0 visti con nuovi paper, informazioni collaterali e report. Mentre preparavo il talk per l'AgileDay sul Sustainable Software, talk a corredo di quello fatto lo scorso anno riguardo ai Green Principles mi sono accorto\u2026","rel":"","context":"In &quot;cazzate&quot;","block_context":{"text":"cazzate","link":"https:\/\/www.fullo.net\/blog\/category\/cazzate\/"},"img":{"alt_text":"una e-mail produce meno co2 di una video call.","src":"https:\/\/i0.wp.com\/www.fullo.net\/blog\/wp-content\/uploads\/2023\/10\/25-7c7739e3-b8d6-4064-812b-97f737768ce8.png?fit=1024%2C1024&ssl=1&resize=350%2C200","width":350,"height":200,"srcset":"https:\/\/i0.wp.com\/www.fullo.net\/blog\/wp-content\/uploads\/2023\/10\/25-7c7739e3-b8d6-4064-812b-97f737768ce8.png?fit=1024%2C1024&ssl=1&resize=350%2C200 1x, https:\/\/i0.wp.com\/www.fullo.net\/blog\/wp-content\/uploads\/2023\/10\/25-7c7739e3-b8d6-4064-812b-97f737768ce8.png?fit=1024%2C1024&ssl=1&resize=525%2C300 1.5x, https:\/\/i0.wp.com\/www.fullo.net\/blog\/wp-content\/uploads\/2023\/10\/25-7c7739e3-b8d6-4064-812b-97f737768ce8.png?fit=1024%2C1024&ssl=1&resize=700%2C400 2x"},"classes":[]},{"id":1117,"url":"https:\/\/www.fullo.net\/blog\/2004\/12\/01\/apropos-comunicazione-aperta-e-innovazione\/","url_meta":{"origin":3961,"position":3},"title":"Apropos: Comunicazione Aperta e Innovazione","author":"Francesco Fullone","date":"01\/12\/2004","format":false,"excerpt":"L'autore di questo blog organizza: per favore spargete la voce! qualche informazione in pi\u00f9: Comunicazione Aperta e Innovazione: Le potenzialit\u00e0 dell'Open Source e delle tecnologie libere per un territorio competitivo L'economia \u00e8 in una fase di stasi su tutti i piani: da quello globale a quello locale. \u00c8 possibile cercarne\u2026","rel":"","context":"In &quot;di tutto un po'&quot;","block_context":{"text":"di tutto un po'","link":"https:\/\/www.fullo.net\/blog\/category\/di-tutto-un-po\/"},"img":{"alt_text":"","src":"","width":0,"height":0},"classes":[]},{"id":2401,"url":"https:\/\/www.fullo.net\/blog\/2008\/02\/08\/comunicazione-di-servizio\/","url_meta":{"origin":3961,"position":4},"title":"Comunicazione di servizio","author":"Francesco Fullone","date":"08\/02\/2008","format":false,"excerpt":"Dreamhost sta upgradando il cluster su cui si trova questo sito e il mio indirizzo email, quindi non ne garantir\u00e0 il funzionamento per tutta la giornata di domani. Per contatti urgenti usate gmail o qualche IM. Questo messaggio si autodistrugger\u00e0, se ne avr\u00e0 voglia, il 9 Febbraio alle ore 18.\u2026","rel":"","context":"In &quot;di tutto un po'&quot;","block_context":{"text":"di tutto un po'","link":"https:\/\/www.fullo.net\/blog\/category\/di-tutto-un-po\/"},"img":{"alt_text":"","src":"","width":0,"height":0},"classes":[]},{"id":2004,"url":"https:\/\/www.fullo.net\/blog\/2006\/07\/13\/comunicazione-di-servizio-bianchi-thomisus-wanted\/","url_meta":{"origin":3961,"position":5},"title":"Comunicazione di servizio: Bianchi Thomisus wanted!","author":"Francesco Fullone","date":"13\/07\/2006","format":false,"excerpt":"guarda thomisus-3 su flickr Oggi sono tornato alla mia magione, dopo qualche giorno di assenza, scoprendo che mi hanno rubato la bici parcheggiata dentro al cortile sotto casa. Siccome di Bianchi \"Thomisus\" in giro non ce ne sono tantissime (\u00e8 una bici che risale al '92 ed anche all'epoca erano\u2026","rel":"","context":"In &quot;di tutto un po'&quot;","block_context":{"text":"di tutto un po'","link":"https:\/\/www.fullo.net\/blog\/category\/di-tutto-un-po\/"},"img":{"alt_text":"","src":"","width":0,"height":0},"classes":[]}],"_links":{"self":[{"href":"https:\/\/www.fullo.net\/blog\/wp-json\/wp\/v2\/posts\/3961","targetHints":{"allow":["GET"]}}],"collection":[{"href":"https:\/\/www.fullo.net\/blog\/wp-json\/wp\/v2\/posts"}],"about":[{"href":"https:\/\/www.fullo.net\/blog\/wp-json\/wp\/v2\/types\/post"}],"author":[{"embeddable":true,"href":"https:\/\/www.fullo.net\/blog\/wp-json\/wp\/v2\/users\/1"}],"replies":[{"embeddable":true,"href":"https:\/\/www.fullo.net\/blog\/wp-json\/wp\/v2\/comments?post=3961"}],"version-history":[{"count":3,"href":"https:\/\/www.fullo.net\/blog\/wp-json\/wp\/v2\/posts\/3961\/revisions"}],"predecessor-version":[{"id":4058,"href":"https:\/\/www.fullo.net\/blog\/wp-json\/wp\/v2\/posts\/3961\/revisions\/4058"}],"wp:featuredmedia":[{"embeddable":true,"href":"https:\/\/www.fullo.net\/blog\/wp-json\/wp\/v2\/media\/4057"}],"wp:attachment":[{"href":"https:\/\/www.fullo.net\/blog\/wp-json\/wp\/v2\/media?parent=3961"}],"wp:term":[{"taxonomy":"category","embeddable":true,"href":"https:\/\/www.fullo.net\/blog\/wp-json\/wp\/v2\/categories?post=3961"},{"taxonomy":"post_tag","embeddable":true,"href":"https:\/\/www.fullo.net\/blog\/wp-json\/wp\/v2\/tags?post=3961"}],"curies":[{"name":"wp","href":"https:\/\/api.w.org\/{rel}","templated":true}]}}