{"id":4019,"date":"2023-06-08T18:08:11","date_gmt":"2023-06-08T17:08:11","guid":{"rendered":"https:\/\/www.fullo.net\/blog\/?p=4019"},"modified":"2023-07-24T15:15:34","modified_gmt":"2023-07-24T14:15:34","slug":"life-cycle-thinking-e-pensiero-critico","status":"publish","type":"post","link":"https:\/\/www.fullo.net\/blog\/2023\/06\/08\/life-cycle-thinking-e-pensiero-critico\/","title":{"rendered":"Life Cycle Thinking e Pensiero Critico"},"content":{"rendered":"\n<p>Ieri, durante il Q&amp;A il workshop sul\u00a0Life Cycle Assessment\u00a0a\u00a0<a href=\"https:\/\/www.linkedin.com\/company\/green-blue-gedi\/\">Green&amp;Blue<\/a>\u00a0Festival \u00e8 nata una interessante discussione su cosa significa fare framing e come scegliere indicatori e mi sono accorto che usare (ed insegnare) gli\u00a0<a href=\"https:\/\/www.fullo.net\/blog\/2021\/05\/05\/purpose-driven-company-cultura-aziendale-e-okr\/\" data-type=\"post\" data-id=\"3693\">OKR<\/a> mi ha dato un notevole vantaggio sul tema.<\/p>\n\n\n\n<p>Imparare a<strong> fare framing dei problemi<\/strong> e sviluppare competenze come il\u00a0<strong>Pensiero Critico<\/strong>\u00a0\u00e8 importante per diverse ragioni, non solo nel contesto del\u00a0<a href=\"https:\/\/www.fullo.net\/blog\/2021\/01\/10\/reshoring-sostenibilita-e-guerre-economiche\/\" data-type=\"post\" data-id=\"3662\">LCA<\/a>, ma anche per identificare le metriche da perseguire per migliorare il proprio impatto complessivo.<\/p>\n\n\n\n<!--more-->\n\n\n\n<p>Innanzitutto, fare framing dei problemi significa riuscire a definire in modo chiaro e preciso quale sia la questione principale che si vuole affrontare. \u00c8 come mettere una cornice intorno al problema per comprenderlo meglio e determinare quali aspetti siano rilevanti. Questa abilit\u00e0 \u00e8 fondamentale perch\u00e9 ci permette di concentrarti sugli aspetti chiave, evitando di disperdere tempo ed energie su questioni meno rilevanti.<\/p>\n\n\n\n<p>Il pensiero critico, d&#8217;altra parte, ci aiuta ad analizzare, valutare e comprendere in modo approfondito le informazioni disponibili. Ci permette di valutare le fonti, riconoscere i pregiudizi e le ambiguit\u00e0, formulare argomentazioni ben fondate, e fare le giuste domande.<\/p>\n\n\n\n<p>Questa competenza \u00e8 preziosa per un life cycle assessment, dove \u00e8 necessario analizzare dati complessi provenienti da diverse fasi di un prodotto o processo, identificare eventuali criticit\u00e0 e formulare conclusioni basate su una valutazione oggettiva.<\/p>\n\n\n\n<p>Ora, passando all&#8217;identificazione delle metriche (<a href=\"https:\/\/www.fullo.net\/blog\/2021\/03\/05\/come-scrivere-un-kpi-utile\/\" data-type=\"post\" data-id=\"3694\">KPI<\/a>) per migliorare l&#8217;impatto complessivo, il framing dei problemi diventa ancora pi\u00f9 importante. Identificare le metriche appropriate significa definire quali sono gli obiettivi da raggiungere e quali misure sono significative per valutare il progresso. Ad esempio, nel caso del LCA, potremmo voler identificare le metriche che misurano l&#8217;impatto ambientale di un prodotto, come le emissioni di gas serra o l&#8217;uso di risorse naturali.<\/p>\n\n\n\n<p>In sintesi, imparare a fare framing dei problemi e sviluppare competenze di pensiero critico sono essenziali sia per un LCA che per identificare le metriche da perseguire per migliorare l&#8217;impatto complessivo. Queste competenze aiutano a focalizzarsi sui punti chiave, analizzare in modo approfondito le informazioni disponibili e selezionare le metriche significative per valutare e migliorare i risultati, che sono anche i &#8220;superpoteri&#8221; degli\u00a0OKR.<\/p>\n\n\n\n<p>Incidentalmente sono anche\u00a0soft skills\u00a0necessarie per imparare a fare\u00a0prompt engineering\u00a0efficace, come questo articolo di\u00a0HBR\u00a0spiega efficacemente: ?<a href=\"https:\/\/lnkd.in\/dggBwtf3\">https:\/\/lnkd.in\/dggBwtf3<\/a>\u00a0e su cui\u00a0<a href=\"https:\/\/www.linkedin.com\/company\/apropos-srl\/\">Apropos Srl<\/a>\u00a0sta preparando un corso con\u00a0<a href=\"https:\/\/www.linkedin.com\/in\/ACoAAAC1Fe8BP2uEWbP99gv3bqodZ5I3V5IGFJI\">Enrico Zimuel<\/a>.<\/p>\n\n\n\n<p>Se vuoi invece <strong>imparare gli OKR<\/strong> ti ricordo che a settembre inizier\u00e0 la\u00a0<a href=\"https:\/\/www.avanscoperta.it\/it\/training\/okr-per-aziende-e-persone\/\" data-type=\"URL\" data-id=\"https:\/\/www.avanscoperta.it\/it\/training\/okr-per-aziende-e-persone\/\">masterclass\u00a0con\u00a0Avanscoperta\u00a0sul tema<\/a>.<\/p>\n\n\n\n<div class=\"wp-block-group has-primary-color has-text-color has-subtle-background-background-color has-background\"><div class=\"wp-block-group__inner-container is-layout-flow wp-block-group-is-layout-flow\">\n<p>Se vuoi approfondire ulteriormente iscriviti al corso sugli OKR che terr\u00f2 prossimamente.<br><\/p>\n\n\n\n<div class=\"wp-block-columns is-layout-flex wp-container-core-columns-is-layout-9d6595d7 wp-block-columns-is-layout-flex\">\n<div class=\"wp-block-column is-layout-flow wp-block-column-is-layout-flow\" style=\"flex-basis:100%\"><div id=\"eventbrite-widget-1\" class=\"wp-block-jetpack-eventbrite wp-block-jetpack-eventbrite--embed\"><a href=\"https:\/\/www.eventbrite.it\/e\/biglietti-okr-workshop-marzo-2026-1784785113319\" rel=\"noopener noreferrer\" target=\"_blank\" class=\"eventbrite__direct-link\" >Register on Eventbrite<\/a><\/div><\/div>\n<\/div>\n<\/div><\/div>\n","protected":false},"excerpt":{"rendered":"<p>Per fare LCA ed indentificare le giuste metriche di impatto, serve saper fare framing dei problemi ed avere pensiero critico. Gli OKR mi hanno aiutato su questo tema perch\u00e9 aiutano a definire, analizzare, valutare e selezionare ci\u00f2 che conta. .<\/p>\n","protected":false},"author":1,"featured_media":4021,"comment_status":"closed","ping_status":"open","sticky":false,"template":"","format":"standard","meta":{"jetpack_post_was_ever_published":false,"_jetpack_newsletter_access":"","_jetpack_dont_email_post_to_subs":false,"_jetpack_newsletter_tier_id":0,"_jetpack_memberships_contains_paywalled_content":false,"_jetpack_memberships_contains_paid_content":false,"footnotes":"","jetpack_publicize_message":"","jetpack_publicize_feature_enabled":true,"jetpack_social_post_already_shared":false,"jetpack_social_options":{"image_generator_settings":{"template":"highway","default_image_id":0,"font":"","enabled":false},"version":2}},"categories":[2313,2384,2348],"tags":[1495,33,2364,2365,2378,2377,2321,2376,2292,2287],"class_list":["post-4019","post","type-post","status-publish","format-standard","has-post-thumbnail","hentry","category-business-design","category-environmental","category-sustainability","tag-apropos","tag-corsi","tag-lca","tag-lct","tag-lifecycleassessment","tag-lifecyclethinking","tag-okr","tag-promptengineering","tag-sustainability","tag-workshop"],"yoast_head":"<!-- This site is optimized with the Yoast SEO plugin v27.5 - https:\/\/yoast.com\/product\/yoast-seo-wordpress\/ -->\n<title>Life Cycle Thinking e Pensiero Critico - Fullo<\/title>\n<meta name=\"robots\" content=\"index, follow, max-snippet:-1, max-image-preview:large, max-video-preview:-1\" \/>\n<link rel=\"canonical\" href=\"https:\/\/www.fullo.net\/blog\/2023\/06\/08\/life-cycle-thinking-e-pensiero-critico\/\" \/>\n<meta property=\"og:locale\" content=\"en_US\" \/>\n<meta property=\"og:type\" content=\"article\" \/>\n<meta property=\"og:title\" content=\"Life Cycle Thinking e Pensiero Critico - Fullo\" \/>\n<meta property=\"og:description\" content=\"Per fare LCA ed indentificare le giuste metriche di impatto, serve saper fare framing dei problemi ed avere pensiero critico. Gli OKR mi hanno aiutato su questo tema perch\u00e9 aiutano a definire, analizzare, valutare e selezionare ci\u00f2 che conta. .\" \/>\n<meta property=\"og:url\" content=\"https:\/\/www.fullo.net\/blog\/2023\/06\/08\/life-cycle-thinking-e-pensiero-critico\/\" \/>\n<meta property=\"og:site_name\" content=\"Fullo\" \/>\n<meta property=\"article:published_time\" content=\"2023-06-08T17:08:11+00:00\" \/>\n<meta property=\"article:modified_time\" content=\"2023-07-24T14:15:34+00:00\" \/>\n<meta property=\"og:image\" content=\"https:\/\/i0.wp.com\/www.fullo.net\/blog\/wp-content\/uploads\/2023\/06\/pexels-photo-4668356.jpeg?fit=1880%2C1253&ssl=1\" \/>\n\t<meta property=\"og:image:width\" content=\"1880\" \/>\n\t<meta property=\"og:image:height\" content=\"1253\" \/>\n\t<meta property=\"og:image:type\" content=\"image\/jpeg\" \/>\n<meta name=\"author\" content=\"Francesco Fullone\" \/>\n<meta name=\"twitter:card\" content=\"summary_large_image\" \/>\n<meta name=\"twitter:creator\" content=\"@fullo\" \/>\n<meta name=\"twitter:site\" content=\"@fullo\" \/>\n<meta name=\"twitter:label1\" content=\"Written by\" \/>\n\t<meta name=\"twitter:data1\" content=\"Francesco Fullone\" \/>\n\t<meta name=\"twitter:label2\" content=\"Est. reading time\" \/>\n\t<meta name=\"twitter:data2\" content=\"2 minutes\" \/>\n<script type=\"application\/ld+json\" class=\"yoast-schema-graph\">{\"@context\":\"https:\\\/\\\/schema.org\",\"@graph\":[{\"@type\":\"Article\",\"@id\":\"https:\\\/\\\/www.fullo.net\\\/blog\\\/2023\\\/06\\\/08\\\/life-cycle-thinking-e-pensiero-critico\\\/#article\",\"isPartOf\":{\"@id\":\"https:\\\/\\\/www.fullo.net\\\/blog\\\/2023\\\/06\\\/08\\\/life-cycle-thinking-e-pensiero-critico\\\/\"},\"author\":{\"name\":\"Francesco Fullone\",\"@id\":\"https:\\\/\\\/www.fullo.net\\\/blog\\\/#\\\/schema\\\/person\\\/24e91bc6caea6c411a8668df5639428c\"},\"headline\":\"Life Cycle Thinking e Pensiero Critico\",\"datePublished\":\"2023-06-08T17:08:11+00:00\",\"dateModified\":\"2023-07-24T14:15:34+00:00\",\"mainEntityOfPage\":{\"@id\":\"https:\\\/\\\/www.fullo.net\\\/blog\\\/2023\\\/06\\\/08\\\/life-cycle-thinking-e-pensiero-critico\\\/\"},\"wordCount\":415,\"publisher\":{\"@id\":\"https:\\\/\\\/www.fullo.net\\\/blog\\\/#\\\/schema\\\/person\\\/24e91bc6caea6c411a8668df5639428c\"},\"image\":{\"@id\":\"https:\\\/\\\/www.fullo.net\\\/blog\\\/2023\\\/06\\\/08\\\/life-cycle-thinking-e-pensiero-critico\\\/#primaryimage\"},\"thumbnailUrl\":\"https:\\\/\\\/i0.wp.com\\\/www.fullo.net\\\/blog\\\/wp-content\\\/uploads\\\/2023\\\/06\\\/pexels-photo-4668356.jpeg?fit=1880%2C1253&ssl=1\",\"keywords\":[\"apropos\",\"corsi\",\"lca\",\"lct\",\"lifecycleassessment\",\"lifecyclethinking\",\"okr\",\"promptengineering\",\"sustainability\",\"workshop\"],\"articleSection\":[\"business design\",\"environmental\",\"sustainability\"],\"inLanguage\":\"en-US\"},{\"@type\":\"WebPage\",\"@id\":\"https:\\\/\\\/www.fullo.net\\\/blog\\\/2023\\\/06\\\/08\\\/life-cycle-thinking-e-pensiero-critico\\\/\",\"url\":\"https:\\\/\\\/www.fullo.net\\\/blog\\\/2023\\\/06\\\/08\\\/life-cycle-thinking-e-pensiero-critico\\\/\",\"name\":\"Life Cycle Thinking e Pensiero Critico - Fullo\",\"isPartOf\":{\"@id\":\"https:\\\/\\\/www.fullo.net\\\/blog\\\/#website\"},\"primaryImageOfPage\":{\"@id\":\"https:\\\/\\\/www.fullo.net\\\/blog\\\/2023\\\/06\\\/08\\\/life-cycle-thinking-e-pensiero-critico\\\/#primaryimage\"},\"image\":{\"@id\":\"https:\\\/\\\/www.fullo.net\\\/blog\\\/2023\\\/06\\\/08\\\/life-cycle-thinking-e-pensiero-critico\\\/#primaryimage\"},\"thumbnailUrl\":\"https:\\\/\\\/i0.wp.com\\\/www.fullo.net\\\/blog\\\/wp-content\\\/uploads\\\/2023\\\/06\\\/pexels-photo-4668356.jpeg?fit=1880%2C1253&ssl=1\",\"datePublished\":\"2023-06-08T17:08:11+00:00\",\"dateModified\":\"2023-07-24T14:15:34+00:00\",\"breadcrumb\":{\"@id\":\"https:\\\/\\\/www.fullo.net\\\/blog\\\/2023\\\/06\\\/08\\\/life-cycle-thinking-e-pensiero-critico\\\/#breadcrumb\"},\"inLanguage\":\"en-US\",\"potentialAction\":[{\"@type\":\"ReadAction\",\"target\":[\"https:\\\/\\\/www.fullo.net\\\/blog\\\/2023\\\/06\\\/08\\\/life-cycle-thinking-e-pensiero-critico\\\/\"]}]},{\"@type\":\"ImageObject\",\"inLanguage\":\"en-US\",\"@id\":\"https:\\\/\\\/www.fullo.net\\\/blog\\\/2023\\\/06\\\/08\\\/life-cycle-thinking-e-pensiero-critico\\\/#primaryimage\",\"url\":\"https:\\\/\\\/i0.wp.com\\\/www.fullo.net\\\/blog\\\/wp-content\\\/uploads\\\/2023\\\/06\\\/pexels-photo-4668356.jpeg?fit=1880%2C1253&ssl=1\",\"contentUrl\":\"https:\\\/\\\/i0.wp.com\\\/www.fullo.net\\\/blog\\\/wp-content\\\/uploads\\\/2023\\\/06\\\/pexels-photo-4668356.jpeg?fit=1880%2C1253&ssl=1\",\"width\":1880,\"height\":1253,\"caption\":\"Photo by Vlada Karpovich on Pexels.com\"},{\"@type\":\"BreadcrumbList\",\"@id\":\"https:\\\/\\\/www.fullo.net\\\/blog\\\/2023\\\/06\\\/08\\\/life-cycle-thinking-e-pensiero-critico\\\/#breadcrumb\",\"itemListElement\":[{\"@type\":\"ListItem\",\"position\":1,\"name\":\"Home\",\"item\":\"https:\\\/\\\/www.fullo.net\\\/blog\\\/\"},{\"@type\":\"ListItem\",\"position\":2,\"name\":\"Life Cycle Thinking e Pensiero Critico\"}]},{\"@type\":\"WebSite\",\"@id\":\"https:\\\/\\\/www.fullo.net\\\/blog\\\/#website\",\"url\":\"https:\\\/\\\/www.fullo.net\\\/blog\\\/\",\"name\":\"Fullo\",\"description\":\"nulla e&#039; impossibile per chi non lo deve fare!\",\"publisher\":{\"@id\":\"https:\\\/\\\/www.fullo.net\\\/blog\\\/#\\\/schema\\\/person\\\/24e91bc6caea6c411a8668df5639428c\"},\"potentialAction\":[{\"@type\":\"SearchAction\",\"target\":{\"@type\":\"EntryPoint\",\"urlTemplate\":\"https:\\\/\\\/www.fullo.net\\\/blog\\\/?s={search_term_string}\"},\"query-input\":{\"@type\":\"PropertyValueSpecification\",\"valueRequired\":true,\"valueName\":\"search_term_string\"}}],\"inLanguage\":\"en-US\"},{\"@type\":[\"Person\",\"Organization\"],\"@id\":\"https:\\\/\\\/www.fullo.net\\\/blog\\\/#\\\/schema\\\/person\\\/24e91bc6caea6c411a8668df5639428c\",\"name\":\"Francesco Fullone\",\"image\":{\"@type\":\"ImageObject\",\"inLanguage\":\"en-US\",\"@id\":\"https:\\\/\\\/i0.wp.com\\\/www.fullo.net\\\/blog\\\/wp-content\\\/uploads\\\/2024\\\/10\\\/hawiaina-gold-circled-white.png?fit=622%2C622&ssl=1\",\"url\":\"https:\\\/\\\/i0.wp.com\\\/www.fullo.net\\\/blog\\\/wp-content\\\/uploads\\\/2024\\\/10\\\/hawiaina-gold-circled-white.png?fit=622%2C622&ssl=1\",\"contentUrl\":\"https:\\\/\\\/i0.wp.com\\\/www.fullo.net\\\/blog\\\/wp-content\\\/uploads\\\/2024\\\/10\\\/hawiaina-gold-circled-white.png?fit=622%2C622&ssl=1\",\"width\":622,\"height\":622,\"caption\":\"Francesco Fullone\"},\"logo\":{\"@id\":\"https:\\\/\\\/i0.wp.com\\\/www.fullo.net\\\/blog\\\/wp-content\\\/uploads\\\/2024\\\/10\\\/hawiaina-gold-circled-white.png?fit=622%2C622&ssl=1\"},\"sameAs\":[\"http:\\\/\\\/www.fullo.net\",\"https:\\\/\\\/www.linkedin.com\\\/in\\\/fullo\",\"https:\\\/\\\/x.com\\\/fullo\"],\"url\":\"https:\\\/\\\/www.fullo.net\\\/blog\\\/author\\\/fullo\\\/\"}]}<\/script>\n<!-- \/ Yoast SEO plugin. -->","yoast_head_json":{"title":"Life Cycle Thinking e Pensiero Critico - Fullo","robots":{"index":"index","follow":"follow","max-snippet":"max-snippet:-1","max-image-preview":"max-image-preview:large","max-video-preview":"max-video-preview:-1"},"canonical":"https:\/\/www.fullo.net\/blog\/2023\/06\/08\/life-cycle-thinking-e-pensiero-critico\/","og_locale":"en_US","og_type":"article","og_title":"Life Cycle Thinking e Pensiero Critico - Fullo","og_description":"Per fare LCA ed indentificare le giuste metriche di impatto, serve saper fare framing dei problemi ed avere pensiero critico. Gli OKR mi hanno aiutato su questo tema perch\u00e9 aiutano a definire, analizzare, valutare e selezionare ci\u00f2 che conta. .","og_url":"https:\/\/www.fullo.net\/blog\/2023\/06\/08\/life-cycle-thinking-e-pensiero-critico\/","og_site_name":"Fullo","article_published_time":"2023-06-08T17:08:11+00:00","article_modified_time":"2023-07-24T14:15:34+00:00","og_image":[{"width":1880,"height":1253,"url":"https:\/\/i0.wp.com\/www.fullo.net\/blog\/wp-content\/uploads\/2023\/06\/pexels-photo-4668356.jpeg?fit=1880%2C1253&ssl=1","type":"image\/jpeg"}],"author":"Francesco Fullone","twitter_card":"summary_large_image","twitter_creator":"@fullo","twitter_site":"@fullo","twitter_misc":{"Written by":"Francesco Fullone","Est. reading time":"2 minutes"},"schema":{"@context":"https:\/\/schema.org","@graph":[{"@type":"Article","@id":"https:\/\/www.fullo.net\/blog\/2023\/06\/08\/life-cycle-thinking-e-pensiero-critico\/#article","isPartOf":{"@id":"https:\/\/www.fullo.net\/blog\/2023\/06\/08\/life-cycle-thinking-e-pensiero-critico\/"},"author":{"name":"Francesco Fullone","@id":"https:\/\/www.fullo.net\/blog\/#\/schema\/person\/24e91bc6caea6c411a8668df5639428c"},"headline":"Life Cycle Thinking e Pensiero Critico","datePublished":"2023-06-08T17:08:11+00:00","dateModified":"2023-07-24T14:15:34+00:00","mainEntityOfPage":{"@id":"https:\/\/www.fullo.net\/blog\/2023\/06\/08\/life-cycle-thinking-e-pensiero-critico\/"},"wordCount":415,"publisher":{"@id":"https:\/\/www.fullo.net\/blog\/#\/schema\/person\/24e91bc6caea6c411a8668df5639428c"},"image":{"@id":"https:\/\/www.fullo.net\/blog\/2023\/06\/08\/life-cycle-thinking-e-pensiero-critico\/#primaryimage"},"thumbnailUrl":"https:\/\/i0.wp.com\/www.fullo.net\/blog\/wp-content\/uploads\/2023\/06\/pexels-photo-4668356.jpeg?fit=1880%2C1253&ssl=1","keywords":["apropos","corsi","lca","lct","lifecycleassessment","lifecyclethinking","okr","promptengineering","sustainability","workshop"],"articleSection":["business design","environmental","sustainability"],"inLanguage":"en-US"},{"@type":"WebPage","@id":"https:\/\/www.fullo.net\/blog\/2023\/06\/08\/life-cycle-thinking-e-pensiero-critico\/","url":"https:\/\/www.fullo.net\/blog\/2023\/06\/08\/life-cycle-thinking-e-pensiero-critico\/","name":"Life Cycle Thinking e Pensiero Critico - Fullo","isPartOf":{"@id":"https:\/\/www.fullo.net\/blog\/#website"},"primaryImageOfPage":{"@id":"https:\/\/www.fullo.net\/blog\/2023\/06\/08\/life-cycle-thinking-e-pensiero-critico\/#primaryimage"},"image":{"@id":"https:\/\/www.fullo.net\/blog\/2023\/06\/08\/life-cycle-thinking-e-pensiero-critico\/#primaryimage"},"thumbnailUrl":"https:\/\/i0.wp.com\/www.fullo.net\/blog\/wp-content\/uploads\/2023\/06\/pexels-photo-4668356.jpeg?fit=1880%2C1253&ssl=1","datePublished":"2023-06-08T17:08:11+00:00","dateModified":"2023-07-24T14:15:34+00:00","breadcrumb":{"@id":"https:\/\/www.fullo.net\/blog\/2023\/06\/08\/life-cycle-thinking-e-pensiero-critico\/#breadcrumb"},"inLanguage":"en-US","potentialAction":[{"@type":"ReadAction","target":["https:\/\/www.fullo.net\/blog\/2023\/06\/08\/life-cycle-thinking-e-pensiero-critico\/"]}]},{"@type":"ImageObject","inLanguage":"en-US","@id":"https:\/\/www.fullo.net\/blog\/2023\/06\/08\/life-cycle-thinking-e-pensiero-critico\/#primaryimage","url":"https:\/\/i0.wp.com\/www.fullo.net\/blog\/wp-content\/uploads\/2023\/06\/pexels-photo-4668356.jpeg?fit=1880%2C1253&ssl=1","contentUrl":"https:\/\/i0.wp.com\/www.fullo.net\/blog\/wp-content\/uploads\/2023\/06\/pexels-photo-4668356.jpeg?fit=1880%2C1253&ssl=1","width":1880,"height":1253,"caption":"Photo by Vlada Karpovich on Pexels.com"},{"@type":"BreadcrumbList","@id":"https:\/\/www.fullo.net\/blog\/2023\/06\/08\/life-cycle-thinking-e-pensiero-critico\/#breadcrumb","itemListElement":[{"@type":"ListItem","position":1,"name":"Home","item":"https:\/\/www.fullo.net\/blog\/"},{"@type":"ListItem","position":2,"name":"Life Cycle Thinking e Pensiero Critico"}]},{"@type":"WebSite","@id":"https:\/\/www.fullo.net\/blog\/#website","url":"https:\/\/www.fullo.net\/blog\/","name":"Fullo","description":"nulla e&#039; impossibile per chi non lo deve fare!","publisher":{"@id":"https:\/\/www.fullo.net\/blog\/#\/schema\/person\/24e91bc6caea6c411a8668df5639428c"},"potentialAction":[{"@type":"SearchAction","target":{"@type":"EntryPoint","urlTemplate":"https:\/\/www.fullo.net\/blog\/?s={search_term_string}"},"query-input":{"@type":"PropertyValueSpecification","valueRequired":true,"valueName":"search_term_string"}}],"inLanguage":"en-US"},{"@type":["Person","Organization"],"@id":"https:\/\/www.fullo.net\/blog\/#\/schema\/person\/24e91bc6caea6c411a8668df5639428c","name":"Francesco Fullone","image":{"@type":"ImageObject","inLanguage":"en-US","@id":"https:\/\/i0.wp.com\/www.fullo.net\/blog\/wp-content\/uploads\/2024\/10\/hawiaina-gold-circled-white.png?fit=622%2C622&ssl=1","url":"https:\/\/i0.wp.com\/www.fullo.net\/blog\/wp-content\/uploads\/2024\/10\/hawiaina-gold-circled-white.png?fit=622%2C622&ssl=1","contentUrl":"https:\/\/i0.wp.com\/www.fullo.net\/blog\/wp-content\/uploads\/2024\/10\/hawiaina-gold-circled-white.png?fit=622%2C622&ssl=1","width":622,"height":622,"caption":"Francesco Fullone"},"logo":{"@id":"https:\/\/i0.wp.com\/www.fullo.net\/blog\/wp-content\/uploads\/2024\/10\/hawiaina-gold-circled-white.png?fit=622%2C622&ssl=1"},"sameAs":["http:\/\/www.fullo.net","https:\/\/www.linkedin.com\/in\/fullo","https:\/\/x.com\/fullo"],"url":"https:\/\/www.fullo.net\/blog\/author\/fullo\/"}]}},"jetpack_publicize_connections":[],"jetpack_featured_media_url":"https:\/\/i0.wp.com\/www.fullo.net\/blog\/wp-content\/uploads\/2023\/06\/pexels-photo-4668356.jpeg?fit=1880%2C1253&ssl=1","jetpack_sharing_enabled":true,"jetpack_shortlink":"https:\/\/wp.me\/p3OSc1-12P","jetpack_likes_enabled":true,"jetpack-related-posts":[{"id":3816,"url":"https:\/\/www.fullo.net\/blog\/2021\/07\/11\/okr-e-lean-canvas-board-come-usarli-insieme\/","url_meta":{"origin":4019,"position":0},"title":"OKR e Lean Canvas Board, come usarli insieme","author":"Francesco Fullone","date":"11\/07\/2021","format":false,"excerpt":"Una delle cose pi\u00f9 complesse da fare quando si stanno iniziando ad usare gli OKR \u00e8 capire come poterli scrivere in modo che siano efficaci e non ricordino una mera to-do list, non che avere (qualche) OKR di tipo committed sia un problema insormontabile, ma limitarsi a questo tipo di\u2026","rel":"","context":"In &quot;advisoring&quot;","block_context":{"text":"advisoring","link":"https:\/\/www.fullo.net\/blog\/category\/entrepreneurship\/advisoring\/"},"img":{"alt_text":"","src":"https:\/\/i0.wp.com\/www.fullo.net\/blog\/wp-content\/uploads\/2021\/07\/okr_canvas.png?fit=1200%2C800&ssl=1&resize=350%2C200","width":350,"height":200,"srcset":"https:\/\/i0.wp.com\/www.fullo.net\/blog\/wp-content\/uploads\/2021\/07\/okr_canvas.png?fit=1200%2C800&ssl=1&resize=350%2C200 1x, https:\/\/i0.wp.com\/www.fullo.net\/blog\/wp-content\/uploads\/2021\/07\/okr_canvas.png?fit=1200%2C800&ssl=1&resize=525%2C300 1.5x, https:\/\/i0.wp.com\/www.fullo.net\/blog\/wp-content\/uploads\/2021\/07\/okr_canvas.png?fit=1200%2C800&ssl=1&resize=700%2C400 2x, https:\/\/i0.wp.com\/www.fullo.net\/blog\/wp-content\/uploads\/2021\/07\/okr_canvas.png?fit=1200%2C800&ssl=1&resize=1050%2C600 3x"},"classes":[]},{"id":4482,"url":"https:\/\/www.fullo.net\/blog\/2025\/10\/21\/theory-of-change-ed-editoria\/","url_meta":{"origin":4019,"position":1},"title":"Theory of Change ed editoria","author":"Francesco Fullone","date":"21\/10\/2025","format":false,"excerpt":"Ho impiegato 5 anni, innumerevoli workshop e corsi per arrivare a scrivere 3 libri utili a far capire ai miei clienti perch\u00e9 \u00e8 importante ragionare sulle giuste metriche per il sustainable IT. Spoiler: Studiare la Theory of Change per certificarmi come facilitatore per un workshop sulla sostenibilit\u00e0 mi ha fatto\u2026","rel":"","context":"In &quot;advisoring&quot;","block_context":{"text":"advisoring","link":"https:\/\/www.fullo.net\/blog\/category\/entrepreneurship\/advisoring\/"},"img":{"alt_text":"ToC Books","src":"https:\/\/i0.wp.com\/www.fullo.net\/blog\/wp-content\/uploads\/2025\/10\/toc-books.png?fit=1200%2C611&ssl=1&resize=350%2C200","width":350,"height":200,"srcset":"https:\/\/i0.wp.com\/www.fullo.net\/blog\/wp-content\/uploads\/2025\/10\/toc-books.png?fit=1200%2C611&ssl=1&resize=350%2C200 1x, https:\/\/i0.wp.com\/www.fullo.net\/blog\/wp-content\/uploads\/2025\/10\/toc-books.png?fit=1200%2C611&ssl=1&resize=525%2C300 1.5x, https:\/\/i0.wp.com\/www.fullo.net\/blog\/wp-content\/uploads\/2025\/10\/toc-books.png?fit=1200%2C611&ssl=1&resize=700%2C400 2x, https:\/\/i0.wp.com\/www.fullo.net\/blog\/wp-content\/uploads\/2025\/10\/toc-books.png?fit=1200%2C611&ssl=1&resize=1050%2C600 3x"},"classes":[]},{"id":3513,"url":"https:\/\/www.fullo.net\/blog\/2020\/07\/07\/okr-ed-elon-musk\/","url_meta":{"origin":4019,"position":2},"title":"OKR ed Elon Musk","author":"Francesco Fullone","date":"07\/07\/2020","format":false,"excerpt":"Durante uno degli ultimi master che in cui ho fatto docenza ho portato, per spiegare gli OKR (Objective Key Result) l'esempio di Elon Musk e della costellazione di aziende che ha creato negli ultimi anni. Prima per\u00f2 di parlare di come questi due temi vadano a braccetto introduciamo brevemente gli\u2026","rel":"","context":"In &quot;advisoring&quot;","block_context":{"text":"advisoring","link":"https:\/\/www.fullo.net\/blog\/category\/entrepreneurship\/advisoring\/"},"img":{"alt_text":"Measure what matters","src":"https:\/\/i0.wp.com\/www.fullo.net\/blog\/wp-content\/uploads\/2020\/07\/Book.jpg?fit=780%2C640&ssl=1&resize=350%2C200","width":350,"height":200,"srcset":"https:\/\/i0.wp.com\/www.fullo.net\/blog\/wp-content\/uploads\/2020\/07\/Book.jpg?fit=780%2C640&ssl=1&resize=350%2C200 1x, https:\/\/i0.wp.com\/www.fullo.net\/blog\/wp-content\/uploads\/2020\/07\/Book.jpg?fit=780%2C640&ssl=1&resize=525%2C300 1.5x, https:\/\/i0.wp.com\/www.fullo.net\/blog\/wp-content\/uploads\/2020\/07\/Book.jpg?fit=780%2C640&ssl=1&resize=700%2C400 2x"},"classes":[]},{"id":4173,"url":"https:\/\/www.fullo.net\/blog\/2024\/02\/12\/un-effetto-voluto\/","url_meta":{"origin":4019,"position":3},"title":"Un effetto voluto","author":"Francesco Fullone","date":"12\/02\/2024","format":false,"excerpt":"OKR, Causalit\u00e0 e Correlazione. Come rappresentare pi\u00f9 efficacemente i primi usando la definizione di Causa\/Effetto.","rel":"","context":"In &quot;lifehack&quot;","block_context":{"text":"lifehack","link":"https:\/\/www.fullo.net\/blog\/category\/di-tutto-un-po\/lifehack\/"},"img":{"alt_text":"il principio di causa ed effetto nei OKR utilizzando la metafora di una catena di domino with pixel art","src":"https:\/\/i0.wp.com\/www.fullo.net\/blog\/wp-content\/uploads\/2024\/02\/6d52e667-1178-4229-8529-8fe9160c6313-e1707742820446.jpeg?fit=1024%2C576&ssl=1&resize=350%2C200","width":350,"height":200,"srcset":"https:\/\/i0.wp.com\/www.fullo.net\/blog\/wp-content\/uploads\/2024\/02\/6d52e667-1178-4229-8529-8fe9160c6313-e1707742820446.jpeg?fit=1024%2C576&ssl=1&resize=350%2C200 1x, https:\/\/i0.wp.com\/www.fullo.net\/blog\/wp-content\/uploads\/2024\/02\/6d52e667-1178-4229-8529-8fe9160c6313-e1707742820446.jpeg?fit=1024%2C576&ssl=1&resize=525%2C300 1.5x, https:\/\/i0.wp.com\/www.fullo.net\/blog\/wp-content\/uploads\/2024\/02\/6d52e667-1178-4229-8529-8fe9160c6313-e1707742820446.jpeg?fit=1024%2C576&ssl=1&resize=700%2C400 2x"},"classes":[]},{"id":4140,"url":"https:\/\/www.fullo.net\/blog\/2024\/01\/03\/navigare-tra-i-kpi-guida-alla-comprensione-di-metriche-di-leading-lagging-reporting-ed-esplorative\/","url_meta":{"origin":4019,"position":4},"title":"Navigare tra i KPI: Guida alla comprensione di metriche di Leading, Lagging, Reporting ed Esplorative","author":"Francesco Fullone","date":"03\/01\/2024","format":false,"excerpt":"Ogni volta che svolgo un corso sugli OKR la prima giornata \u00e8 interamente dedicata a cosa significa misurare e creare dei KPI. Nonostante l'attenzione di tutti sia verso la stesura degli OKR perfetti fin da subito, penso che una incompleta, o nulla, comprensione di cosa significhi misurare e come si\u2026","rel":"","context":"In &quot;advisoring&quot;","block_context":{"text":"advisoring","link":"https:\/\/www.fullo.net\/blog\/category\/entrepreneurship\/advisoring\/"},"img":{"alt_text":"una lente di ingrandimento che ingrandisce un foglio pieno di numeri posato su una scrivania. Dalla lente di ingrandimento fuoriescono mappe e colori.","src":"https:\/\/i0.wp.com\/www.fullo.net\/blog\/wp-content\/uploads\/2024\/01\/25-b5df63e6-254c-423c-9c89-137e6e151b80.png?fit=1200%2C686&ssl=1&resize=350%2C200","width":350,"height":200,"srcset":"https:\/\/i0.wp.com\/www.fullo.net\/blog\/wp-content\/uploads\/2024\/01\/25-b5df63e6-254c-423c-9c89-137e6e151b80.png?fit=1200%2C686&ssl=1&resize=350%2C200 1x, https:\/\/i0.wp.com\/www.fullo.net\/blog\/wp-content\/uploads\/2024\/01\/25-b5df63e6-254c-423c-9c89-137e6e151b80.png?fit=1200%2C686&ssl=1&resize=525%2C300 1.5x, https:\/\/i0.wp.com\/www.fullo.net\/blog\/wp-content\/uploads\/2024\/01\/25-b5df63e6-254c-423c-9c89-137e6e151b80.png?fit=1200%2C686&ssl=1&resize=700%2C400 2x, https:\/\/i0.wp.com\/www.fullo.net\/blog\/wp-content\/uploads\/2024\/01\/25-b5df63e6-254c-423c-9c89-137e6e151b80.png?fit=1200%2C686&ssl=1&resize=1050%2C600 3x"},"classes":[]},{"id":4434,"url":"https:\/\/www.fullo.net\/blog\/2025\/08\/08\/kpi-the-right-way\/","url_meta":{"origin":4019,"position":5},"title":"KPI, the right way","author":"Francesco Fullone","date":"08\/08\/2025","format":false,"excerpt":"Quando ti accorgi che tutti parlano di OKR ma nessuno sa cosa sia un KPI decente, l'unica soluzione sensata \u00e8 creare un corso fatto di carte da gioco e far finta che sia tutto normale.","rel":"","context":"In &quot;advisoring&quot;","block_context":{"text":"advisoring","link":"https:\/\/www.fullo.net\/blog\/category\/entrepreneurship\/advisoring\/"},"img":{"alt_text":"","src":"https:\/\/i0.wp.com\/www.fullo.net\/blog\/wp-content\/uploads\/2025\/08\/image.png?fit=933%2C430&ssl=1&resize=350%2C200","width":350,"height":200,"srcset":"https:\/\/i0.wp.com\/www.fullo.net\/blog\/wp-content\/uploads\/2025\/08\/image.png?fit=933%2C430&ssl=1&resize=350%2C200 1x, https:\/\/i0.wp.com\/www.fullo.net\/blog\/wp-content\/uploads\/2025\/08\/image.png?fit=933%2C430&ssl=1&resize=525%2C300 1.5x, https:\/\/i0.wp.com\/www.fullo.net\/blog\/wp-content\/uploads\/2025\/08\/image.png?fit=933%2C430&ssl=1&resize=700%2C400 2x"},"classes":[]}],"_links":{"self":[{"href":"https:\/\/www.fullo.net\/blog\/wp-json\/wp\/v2\/posts\/4019","targetHints":{"allow":["GET"]}}],"collection":[{"href":"https:\/\/www.fullo.net\/blog\/wp-json\/wp\/v2\/posts"}],"about":[{"href":"https:\/\/www.fullo.net\/blog\/wp-json\/wp\/v2\/types\/post"}],"author":[{"embeddable":true,"href":"https:\/\/www.fullo.net\/blog\/wp-json\/wp\/v2\/users\/1"}],"replies":[{"embeddable":true,"href":"https:\/\/www.fullo.net\/blog\/wp-json\/wp\/v2\/comments?post=4019"}],"version-history":[{"count":3,"href":"https:\/\/www.fullo.net\/blog\/wp-json\/wp\/v2\/posts\/4019\/revisions"}],"predecessor-version":[{"id":4025,"href":"https:\/\/www.fullo.net\/blog\/wp-json\/wp\/v2\/posts\/4019\/revisions\/4025"}],"wp:featuredmedia":[{"embeddable":true,"href":"https:\/\/www.fullo.net\/blog\/wp-json\/wp\/v2\/media\/4021"}],"wp:attachment":[{"href":"https:\/\/www.fullo.net\/blog\/wp-json\/wp\/v2\/media?parent=4019"}],"wp:term":[{"taxonomy":"category","embeddable":true,"href":"https:\/\/www.fullo.net\/blog\/wp-json\/wp\/v2\/categories?post=4019"},{"taxonomy":"post_tag","embeddable":true,"href":"https:\/\/www.fullo.net\/blog\/wp-json\/wp\/v2\/tags?post=4019"}],"curies":[{"name":"wp","href":"https:\/\/api.w.org\/{rel}","templated":true}]}}